{"id":93824,"date":"2022-06-01T09:11:34","date_gmt":"2022-06-01T12:11:34","guid":{"rendered":"https:\/\/tvtecjundiai.com.br\/news\/?p=93824"},"modified":"2022-06-01T09:11:39","modified_gmt":"2022-06-01T12:11:39","slug":"festejos-juninos-estao-de-volta-a-praca-do-coreto-a-partir-desta-quinta-feira-02","status":"publish","type":"post","link":"https:\/\/tvtecjundiai.com.br\/news\/2022\/06\/01\/festejos-juninos-estao-de-volta-a-praca-do-coreto-a-partir-desta-quinta-feira-02\/","title":{"rendered":"Festejos Juninos est\u00e3o de volta \u00e0 Pra\u00e7a do Coreto a partir desta quinta-feira (02)"},"content":{"rendered":"\n<p>A Unidade de Gest\u00e3o de Cultura (UGC) retoma nesta quinta-feira (02) a realiza\u00e7\u00e3o dos&nbsp;<a href=\"https:\/\/cultura.jundiai.sp.gov.br\/festejosjuninos\/\" target=\"_blank\" rel=\"noreferrer noopener\">Festejos Juninos na Pra\u00e7a Marechal Floriano Peixoto (Pra\u00e7a do Coreto)<\/a>. A programa\u00e7\u00e3o segue por duas semanas, \u00e0s quintas e sextas-feiras, das 16h \u00e0s 22h, e aos s\u00e1bados, das 11h \u00e0s 19h.<\/p>\n\n\n\n<p>Com entrada gratuita, a programa\u00e7\u00e3o \u00e9 uma realiza\u00e7\u00e3o da Unidade de Gest\u00e3o de Cultura (UGC), com apoio do Fundo Social de Solidariedade e da Unidade de Gest\u00e3o de Agroneg\u00f3cio, Abastecimento e Turismo (UGAAT).<\/p>\n\n\n\n<p>A programa\u00e7\u00e3o art\u00edstica traz quadrilhas, sertanejo raiz, m\u00fasica regional, forr\u00f3, MPB, country, folk, forr\u00f3 p\u00e9 de serra e m\u00fasicas nordestinas.<\/p>\n\n\n\n<p>Confira a programa\u00e7\u00e3o completa pelo site <a href=\"https:\/\/cultura.jundiai.sp.gov.br\/festejosjuninos\/\">https:\/\/cultura.jundiai.sp.gov.br\/festejosjuninos\/<\/a>.<\/p>\n\n\n\n<p>J\u00e1 as del\u00edcias gastron\u00f4micas dispon\u00edveis nas barracas ser\u00e3o: pastel, hamb\u00farguer, salgadinhos fritos, espetinhos, lanches em geral e de pernil, cachorro quente, churrasco grego, tapioca doces e salgadas, milho, pamonha, curau, churros, cocadas, doce de leite e espeto de morango com chocolate, al\u00e9m de refrigerantes, \u00e1gua, cerveja, quent\u00e3o e vinho quente.<\/p>\n\n\n\n<p>Os artistas do programa Jundia\u00ed feito \u00e0 M\u00e3o tamb\u00e9m marcam presen\u00e7a na programa\u00e7\u00e3o, com a exposi\u00e7\u00e3o e venda de artesanato tem\u00e1tico.<\/p>\n\n\n\n<figure class=\"wp-block-image size-large\"><img loading=\"lazy\" decoding=\"async\" width=\"1200\" height=\"687\" src=\"https:\/\/tvtecjundiai.com.br\/news\/wp-content\/uploads\/sites\/2\/2022\/06\/festejos_juninos_centro-51-1200x687.jpg\" alt=\"\" class=\"wp-image-93825\" srcset=\"https:\/\/tvtecjundiai.com.br\/news\/wp-content\/uploads\/sites\/2\/2022\/06\/festejos_juninos_centro-51-1200x687.jpg 1200w, https:\/\/tvtecjundiai.com.br\/news\/wp-content\/uploads\/sites\/2\/2022\/06\/festejos_juninos_centro-51-300x172.jpg 300w, https:\/\/tvtecjundiai.com.br\/news\/wp-content\/uploads\/sites\/2\/2022\/06\/festejos_juninos_centro-51-768x440.jpg 768w, https:\/\/tvtecjundiai.com.br\/news\/wp-content\/uploads\/sites\/2\/2022\/06\/festejos_juninos_centro-51.jpg 1280w\" sizes=\"auto, (max-width: 1200px) 100vw, 1200px\" \/><figcaption>Festejos Juninos ser\u00e3o realizados nos dias 02, 03, 04, 09, 10 e 11 de junho, na Pra\u00e7a do Coreto<\/figcaption><\/figure>\n\n\n\n<p><strong>Programa\u00e7\u00e3o art\u00edstica<\/strong><br>Na primeira semana, a programa\u00e7\u00e3o da quinta (02) traz Quadrilha, \u00e0s 16h; Sertanejo Raiz com Guilherme Viola, \u00e0s 17h; 18h30h: Sertanejo Raiz com Luis Carreiro &amp; Geovanne, \u00e0s 18h30; e M\u00fasica Regional com Em Cantos do Brasil Sert\u00e3o, \u00e0s 20h30.<\/p>\n\n\n\n<p>J\u00e1 na sexta (03) tem Quadrilha Gera\u00e7\u00e3o + 60, \u00e0s 16h; Forr\u00f3 e MPB com Zimbai\u00e3o, \u00e0s 17h; Forr\u00f3 com Forr\u00f3 Di Fole, \u00e0s 18h30; e Folk e Country com Texas Hammer, \u00e0s 20h30.<\/p>\n\n\n\n<p>E no s\u00e1bado (04), a programa\u00e7\u00e3o traz: Quadrilha, \u00e0s 11h; Sertanejo Raiz com Marina &amp; Gabriel, \u00e0s 12h; Sertanejo Raiz e MPB com F\u00e1bio Porte, \u00e0s 13h30; Sertanejo Raiz com Trio A Corda Piaba, \u00e0s 15h30; e Forr\u00f3 P\u00e9 de Serra com Serelepe, \u00e0s 17h30.<\/p>\n\n\n\n<p>J\u00e1 na segunda semana de programa\u00e7\u00e3o, na quinta (09) tem Quadrilha, \u00e0s 16h; Sertanejo Cl\u00e1ssico com Marcelo Gut, \u00e0s 17h; Sertanejo Raiz com Luis Carreiro &amp; Geovanne e Banda, \u00e0s 18h30; e Sertanejo com Karla Mantovani &amp; Banda, \u00e0s 20h30.<\/p>\n\n\n\n<p>Na sexta (10) tem Quadrilha Gera\u00e7\u00e3o 60 +, \u00e0s 16h; Sanfona e M\u00fasicas T\u00edpicas com Maur\u00edcio Marson, \u00e0s 17h; M\u00fasicas Nordestinas com Maria P\u00e9rola &amp; Banda, \u00e0s 18h30; e Country Americano com Country Jundia\u00ed, \u00e0s 20h30.<\/p>\n\n\n\n<p>E para fechar a programa\u00e7\u00e3o, no s\u00e1bado (11), tem Quadrilha, \u00e0s 11h; Sertanejo Raiz com Marina &amp; Gabriel, \u00e0s 12h; Forr\u00f3 com Forr\u00f3 22, \u00e0s 13h30; Sertanejo Cl\u00e1ssico com Marcos Nunes Viola &amp; Banda, \u00e0s 15h30; e Folk e Country com Texas Hammer, \u00e0s 17h30.<\/p>\n\n\n\n<p><em><strong>(Fonte\/Imagem: Prefeitura de Jundia\u00ed)<\/strong><\/em><\/p>\n","protected":false},"excerpt":{"rendered":"<p>A programa\u00e7\u00e3o art\u00edstica traz quadrilhas, sertanejo raiz, forr\u00f3, MPB, country e outros estilos musicais<\/p>\n","protected":false},"author":30,"featured_media":93825,"comment_status":"closed","ping_status":"closed","sticky":false,"template":"","format":"standard","meta":{"footnotes":""},"categories":[2833,8356,8354,1],"tags":[],"class_list":["post-93824","post","type-post","status-publish","format-standard","has-post-thumbnail","hentry","category-cultura","category-jundiai","category-lazer","category-noticias"],"_links":{"self":[{"href":"https:\/\/tvtecjundiai.com.br\/news\/wp-json\/wp\/v2\/posts\/93824","targetHints":{"allow":["GET"]}}],"collection":[{"href":"https:\/\/tvtecjundiai.com.br\/news\/wp-json\/wp\/v2\/posts"}],"about":[{"href":"https:\/\/tvtecjundiai.com.br\/news\/wp-json\/wp\/v2\/types\/post"}],"author":[{"embeddable":true,"href":"https:\/\/tvtecjundiai.com.br\/news\/wp-json\/wp\/v2\/users\/30"}],"replies":[{"embeddable":true,"href":"https:\/\/tvtecjundiai.com.br\/news\/wp-json\/wp\/v2\/comments?post=93824"}],"version-history":[{"count":1,"href":"https:\/\/tvtecjundiai.com.br\/news\/wp-json\/wp\/v2\/posts\/93824\/revisions"}],"predecessor-version":[{"id":93826,"href":"https:\/\/tvtecjundiai.com.br\/news\/wp-json\/wp\/v2\/posts\/93824\/revisions\/93826"}],"wp:featuredmedia":[{"embeddable":true,"href":"https:\/\/tvtecjundiai.com.br\/news\/wp-json\/wp\/v2\/media\/93825"}],"wp:attachment":[{"href":"https:\/\/tvtecjundiai.com.br\/news\/wp-json\/wp\/v2\/media?parent=93824"}],"wp:term":[{"taxonomy":"category","embeddable":true,"href":"https:\/\/tvtecjundiai.com.br\/news\/wp-json\/wp\/v2\/categories?post=93824"},{"taxonomy":"post_tag","embeddable":true,"href":"https:\/\/tvtecjundiai.com.br\/news\/wp-json\/wp\/v2\/tags?post=93824"}],"curies":[{"name":"wp","href":"https:\/\/api.w.org\/{rel}","templated":true}]}}