{"id":93857,"date":"2022-06-01T16:10:56","date_gmt":"2022-06-01T19:10:56","guid":{"rendered":"https:\/\/tvtecjundiai.com.br\/news\/?p=93857"},"modified":"2022-06-01T16:10:58","modified_gmt":"2022-06-01T19:10:58","slug":"como-parte-do-projeto-de-leitura-da-escola-a-emeb-ranieri-conheceu-uma-ex-aluna-escritora","status":"publish","type":"post","link":"https:\/\/tvtecjundiai.com.br\/news\/2022\/06\/01\/como-parte-do-projeto-de-leitura-da-escola-a-emeb-ranieri-conheceu-uma-ex-aluna-escritora\/","title":{"rendered":"Como parte do projeto de leitura da escola, a EMEB Ranieri conheceu uma ex-aluna escritora"},"content":{"rendered":"\n<p>Como mais uma a\u00e7\u00e3o do projeto institucional da escola \u201cLeitura Liter\u00e1ria\u201d, a EMEB Deputado Ranieri Mazzilli, localizada na Vila Esperan\u00e7a, recebeu a visita especial de uma ex-aluna escritora. Na ter\u00e7a-feira (31), Nat\u00e1lia Rodrigues conversou com os alunos do 5\u00ba ano em momento diferenciado de muitas aprendizagens.<\/p>\n\n\n\n<p>Em uma roda de conversa e o livro escrito por Nat\u00e1lia em m\u00e3os, as crian\u00e7as fizeram perguntas em um papo descontra\u00eddo, onde tamb\u00e9m adquiriram curiosidades e dicas sobre leitura. A escritora contou um pouco sobre a sua hist\u00f3ria e seu amor por escrever.<\/p>\n\n\n\n<p>Para finalizar a manh\u00e3, as crian\u00e7as foram para a sala de aula produzir um texto pr\u00f3prio, cheio de criatividade em suas hist\u00f3rias, com o aux\u00edlio da professora e de Nat\u00e1lia. \u201cA minha rela\u00e7\u00e3o com o livro veio da minha fam\u00edlia e da escola, sou ex-aluna daqui e sempre amei as produ\u00e7\u00f5es de texto. Lancei um livro recentemente e foi um prazer traz\u00ea-lo para as turmas\u201d, contou a escritora.<\/p>\n\n\n\n<figure class=\"wp-block-image\"><img decoding=\"async\" src=\"https:\/\/jundiai.sp.gov.br\/noticias\/wp-content\/uploads\/sites\/32\/2022\/05\/emeb-ranieri-mazzilli-recebe-ex-aluna-escritora_c_-1.jpg\" alt=\"Na biblioteca da escola, com uma estante de livros em uma das paredes, as crian\u00e7as est\u00e3o sentadas em uma grande roda. A professora est\u00e1 em uma mesa com livros, sentada em uma cadeira, sorrindo para a turma. A escritora est\u00e1 sentada com as crian\u00e7as na frente da mesa. Na sala tamb\u00e9m aparecem janelas abertas com cortinas beges.\" class=\"wp-image-293699\" \/><figcaption>Conversa com a escritora cheia de d\u00favidas, curiosidades e dicas<\/figcaption><\/figure>\n\n\n\n<p>A escola convidou a escritora para atividades com todas as turmas durante a semana. \u201cEu achei muito bom para todos n\u00f3s, especialmente para alguns dos meus amigos que querem ser escritores. Estou escrevendo um texto inspirado em um livro, acho que vai ficar \u00f3timo\u201d, disse a aluna Maria Al\u00edcia Alvaristo, de 10 anos, que tamb\u00e9m contou sobre o seu g\u00eanero preferido. \u201cEu adoro as f\u00e1bulas, elas trazem ensinamentos para a nossa vida\u201d, concluiu.<\/p>\n\n\n\n<p>\u201cPara contemplar o projeto de leitura da escola, recebemos essa visita t\u00e3o especial que s\u00f3 aumenta o amor das crian\u00e7as por esse tema. A Nat\u00e1lia j\u00e1 vivenciou experi\u00eancias aqui na escola, assim como as nossas crian\u00e7as hoje. Eles t\u00eam tudo o que precisam para crescer e fazer com que seus sonhos ultrapassem os muros da escola\u201d, ressaltou empolgada a professora Sidin\u00e9a Oliveira.<\/p>\n\n\n\n<figure class=\"wp-block-image\"><img decoding=\"async\" src=\"https:\/\/jundiai.sp.gov.br\/noticias\/wp-content\/uploads\/sites\/32\/2022\/05\/emeb-ranieri-mazzilli-recebe-ex-aluna-escritora_c_-36.jpg\" alt=\"Uma menina, de coque e franja solta, \u00f3culos preto e jaqueta do uniforme, escreve em uma folha branca, apoiada em uma mesa, com l\u00e1pis e borracha ao lado. No fundo, encontram-se duas mesas cheias de livros, dentro da sala de aula.\" class=\"wp-image-293700\" \/><figcaption>Ap\u00f3s a conversa com Nat\u00e1lia, Maria Al\u00edcia, que adora escrever, realiza sua produ\u00e7\u00e3o de texto<\/figcaption><\/figure>\n\n\n\n<p><em><strong>(Fonte\/Imagem: Prefeitura de Jundia\u00ed)<\/strong><\/em><\/p>\n","protected":false},"excerpt":{"rendered":"<p>As crian\u00e7as fizeram perguntas em um papo descontra\u00eddo, adquiriram curiosidades e dicas sobre leitura.<\/p>\n","protected":false},"author":27,"featured_media":93858,"comment_status":"closed","ping_status":"closed","sticky":false,"template":"","format":"standard","meta":{"footnotes":""},"categories":[2828,8356],"tags":[],"class_list":["post-93857","post","type-post","status-publish","format-standard","has-post-thumbnail","hentry","category-educacao","category-jundiai"],"_links":{"self":[{"href":"https:\/\/tvtecjundiai.com.br\/news\/wp-json\/wp\/v2\/posts\/93857","targetHints":{"allow":["GET"]}}],"collection":[{"href":"https:\/\/tvtecjundiai.com.br\/news\/wp-json\/wp\/v2\/posts"}],"about":[{"href":"https:\/\/tvtecjundiai.com.br\/news\/wp-json\/wp\/v2\/types\/post"}],"author":[{"embeddable":true,"href":"https:\/\/tvtecjundiai.com.br\/news\/wp-json\/wp\/v2\/users\/27"}],"replies":[{"embeddable":true,"href":"https:\/\/tvtecjundiai.com.br\/news\/wp-json\/wp\/v2\/comments?post=93857"}],"version-history":[{"count":1,"href":"https:\/\/tvtecjundiai.com.br\/news\/wp-json\/wp\/v2\/posts\/93857\/revisions"}],"predecessor-version":[{"id":93859,"href":"https:\/\/tvtecjundiai.com.br\/news\/wp-json\/wp\/v2\/posts\/93857\/revisions\/93859"}],"wp:featuredmedia":[{"embeddable":true,"href":"https:\/\/tvtecjundiai.com.br\/news\/wp-json\/wp\/v2\/media\/93858"}],"wp:attachment":[{"href":"https:\/\/tvtecjundiai.com.br\/news\/wp-json\/wp\/v2\/media?parent=93857"}],"wp:term":[{"taxonomy":"category","embeddable":true,"href":"https:\/\/tvtecjundiai.com.br\/news\/wp-json\/wp\/v2\/categories?post=93857"},{"taxonomy":"post_tag","embeddable":true,"href":"https:\/\/tvtecjundiai.com.br\/news\/wp-json\/wp\/v2\/tags?post=93857"}],"curies":[{"name":"wp","href":"https:\/\/api.w.org\/{rel}","templated":true}]}}