{"id":93864,"date":"2022-06-02T08:41:43","date_gmt":"2022-06-02T11:41:43","guid":{"rendered":"https:\/\/tvtecjundiai.com.br\/news\/?p=93864"},"modified":"2022-06-02T08:41:49","modified_gmt":"2022-06-02T11:41:49","slug":"concerto-de-inicio-de-temporada-da-orquestra-de-jundiai-e-transferido-para-o-dia-16-de-julho","status":"publish","type":"post","link":"https:\/\/tvtecjundiai.com.br\/news\/2022\/06\/02\/concerto-de-inicio-de-temporada-da-orquestra-de-jundiai-e-transferido-para-o-dia-16-de-julho\/","title":{"rendered":"Concerto de in\u00edcio de temporada da Orquestra de Jundia\u00ed \u00e9 transferido para o dia 16 de julho"},"content":{"rendered":"\n<p>Foi transferido para o dia 16 de julho o concerto de abertura da temporada da Orquestra Sinf\u00f4nica Municipal de Jundia\u00ed (OSMJ), inicialmente marcado para este s\u00e1bado (04), no Teatro Polytheama. A distribui\u00e7\u00e3o dos ingressos gratuitos ainda n\u00e3o havia sido iniciada.<\/p>\n\n\n\n<p>A OSMJ \u00e9 um corpo art\u00edstico ligado \u00e0 Unidade de Gest\u00e3o de Cultura (UGC) e tem como regente titular e diretora art\u00edstica a maestrina Claudia Feres. Para o programa da noite, que deve ser mantido para o concerto de julho, estavam previstas obras de Amadeus Mozart e Tchaikovsky.<\/p>\n\n\n\n<p>Este ano, al\u00e9m do n\u00facleo de solistas de C\u00e2mara, a Orquestra passa a ter um n\u00facleo jovem de m\u00fasicos bolsistas e ser sinf\u00f4nica, trazendo para sua composi\u00e7\u00e3o, al\u00e9m do grupo de cordas de que j\u00e1 dispunha ao longo da \u00faltima d\u00e9cada, tamb\u00e9m instrumentos de madeira e de percuss\u00e3o.<\/p>\n\n\n\n<p>Mais informa\u00e7\u00f5es podem ser obtidas pelo telefone (11) 4586-2472.<\/p>\n\n\n\n<figure class=\"wp-block-image size-large\"><img loading=\"lazy\" decoding=\"async\" width=\"1200\" height=\"800\" src=\"https:\/\/tvtecjundiai.com.br\/news\/wp-content\/uploads\/sites\/2\/2022\/06\/ensaio-orquestra-de-jundiai-sala-dos-relogios-97-1200x800.jpg\" alt=\"\" class=\"wp-image-93865\" srcset=\"https:\/\/tvtecjundiai.com.br\/news\/wp-content\/uploads\/sites\/2\/2022\/06\/ensaio-orquestra-de-jundiai-sala-dos-relogios-97-1200x800.jpg 1200w, https:\/\/tvtecjundiai.com.br\/news\/wp-content\/uploads\/sites\/2\/2022\/06\/ensaio-orquestra-de-jundiai-sala-dos-relogios-97-300x200.jpg 300w, https:\/\/tvtecjundiai.com.br\/news\/wp-content\/uploads\/sites\/2\/2022\/06\/ensaio-orquestra-de-jundiai-sala-dos-relogios-97-768x512.jpg 768w, https:\/\/tvtecjundiai.com.br\/news\/wp-content\/uploads\/sites\/2\/2022\/06\/ensaio-orquestra-de-jundiai-sala-dos-relogios-97.jpg 1280w\" sizes=\"auto, (max-width: 1200px) 100vw, 1200px\" \/><\/figure>\n\n\n\n<p><em><strong>(Fonte\/Imagem: Prefeitura de Jundia\u00ed)<\/strong><\/em><\/p>\n","protected":false},"excerpt":{"rendered":"<p>Concerto estava marcado para este s\u00e1bado (04), mas foi adiado<\/p>\n","protected":false},"author":30,"featured_media":93865,"comment_status":"closed","ping_status":"closed","sticky":false,"template":"","format":"standard","meta":{"footnotes":""},"categories":[2833,8356,1],"tags":[],"class_list":["post-93864","post","type-post","status-publish","format-standard","has-post-thumbnail","hentry","category-cultura","category-jundiai","category-noticias"],"_links":{"self":[{"href":"https:\/\/tvtecjundiai.com.br\/news\/wp-json\/wp\/v2\/posts\/93864","targetHints":{"allow":["GET"]}}],"collection":[{"href":"https:\/\/tvtecjundiai.com.br\/news\/wp-json\/wp\/v2\/posts"}],"about":[{"href":"https:\/\/tvtecjundiai.com.br\/news\/wp-json\/wp\/v2\/types\/post"}],"author":[{"embeddable":true,"href":"https:\/\/tvtecjundiai.com.br\/news\/wp-json\/wp\/v2\/users\/30"}],"replies":[{"embeddable":true,"href":"https:\/\/tvtecjundiai.com.br\/news\/wp-json\/wp\/v2\/comments?post=93864"}],"version-history":[{"count":1,"href":"https:\/\/tvtecjundiai.com.br\/news\/wp-json\/wp\/v2\/posts\/93864\/revisions"}],"predecessor-version":[{"id":93866,"href":"https:\/\/tvtecjundiai.com.br\/news\/wp-json\/wp\/v2\/posts\/93864\/revisions\/93866"}],"wp:featuredmedia":[{"embeddable":true,"href":"https:\/\/tvtecjundiai.com.br\/news\/wp-json\/wp\/v2\/media\/93865"}],"wp:attachment":[{"href":"https:\/\/tvtecjundiai.com.br\/news\/wp-json\/wp\/v2\/media?parent=93864"}],"wp:term":[{"taxonomy":"category","embeddable":true,"href":"https:\/\/tvtecjundiai.com.br\/news\/wp-json\/wp\/v2\/categories?post=93864"},{"taxonomy":"post_tag","embeddable":true,"href":"https:\/\/tvtecjundiai.com.br\/news\/wp-json\/wp\/v2\/tags?post=93864"}],"curies":[{"name":"wp","href":"https:\/\/api.w.org\/{rel}","templated":true}]}}