{"id":93867,"date":"2022-06-02T08:50:50","date_gmt":"2022-06-02T11:50:50","guid":{"rendered":"https:\/\/tvtecjundiai.com.br\/news\/?p=93867"},"modified":"2022-06-02T08:50:55","modified_gmt":"2022-06-02T11:50:55","slug":"jundiai-sedia-encontro-regional-do-servico-socioassistencial-de-acompanhamento-familiar","status":"publish","type":"post","link":"https:\/\/tvtecjundiai.com.br\/news\/2022\/06\/02\/jundiai-sedia-encontro-regional-do-servico-socioassistencial-de-acompanhamento-familiar\/","title":{"rendered":"Jundia\u00ed sedia encontro regional do servi\u00e7o socioassistencial de acompanhamento familiar"},"content":{"rendered":"\n<p>Jundia\u00ed sediou na manh\u00e3 desta quarta-feira (01) o encontro InterCras, com representantes dos Centros de Refer\u00eancia de Assist\u00eancia Social (Cras) de Jundia\u00ed e de cerca de 45 munic\u00edpios vinculados \u00e0 Diretoria Regional de Assist\u00eancia e Desenvolvimento Social (DRADS) de Campinas, da Secretaria de Desenvolvimento Social (SEDS).<\/p>\n\n\n\n<p>O encontro, viabilizado pela Unidade de Gest\u00e3o de Assist\u00eancia e Desenvolvimento Social (UGADS) de Jundia\u00ed, foi realizado no audit\u00f3rio Elis Regina do Complexo Argos, com a presen\u00e7a de mais de 100 t\u00e9cnicos e coordenadores de servi\u00e7os. O objetivo do encontro foi tratar dos desafios e solu\u00e7\u00f5es na implanta\u00e7\u00e3o do Plano de Acompanhamento Familiar, servi\u00e7o socioassistencial vinculado \u00e0 Prote\u00e7\u00e3o Social B\u00e1sica.<\/p>\n\n\n\n<p>\u201cFicamos muito gratos em poder receber em Jundia\u00ed este encontro de retomada, principalmente neste momento delicado em que os Cras t\u00eam lidado com uma demanda crescente de atendimentos\u201d, comentou a gestora da UGADS, Maria Brant.<\/p>\n\n\n\n<figure class=\"wp-block-image size-large\"><img loading=\"lazy\" decoding=\"async\" width=\"1200\" height=\"800\" src=\"https:\/\/tvtecjundiai.com.br\/news\/wp-content\/uploads\/sites\/2\/2022\/06\/encontro-intercras-regional_c_-2-1200x800.jpg\" alt=\"\" class=\"wp-image-93868\" srcset=\"https:\/\/tvtecjundiai.com.br\/news\/wp-content\/uploads\/sites\/2\/2022\/06\/encontro-intercras-regional_c_-2-1200x800.jpg 1200w, https:\/\/tvtecjundiai.com.br\/news\/wp-content\/uploads\/sites\/2\/2022\/06\/encontro-intercras-regional_c_-2-300x200.jpg 300w, https:\/\/tvtecjundiai.com.br\/news\/wp-content\/uploads\/sites\/2\/2022\/06\/encontro-intercras-regional_c_-2-768x512.jpg 768w, https:\/\/tvtecjundiai.com.br\/news\/wp-content\/uploads\/sites\/2\/2022\/06\/encontro-intercras-regional_c_-2.jpg 1280w\" sizes=\"auto, (max-width: 1200px) 100vw, 1200px\" \/><figcaption>Encontro desta manh\u00e3 em Jundia\u00ed marca a retomada presencial do InterCras<\/figcaption><\/figure>\n\n\n\n<p>A diretora regional da DRADS de Campinas, Janete Lopes, explicou a proposta do encontro. \u201cO InterCras \u00e9 um movimento existente desde 2018 e que surgiu da iniciativa dos t\u00e9cnicos e coordenadores dos servi\u00e7os nos Munic\u00edpios. Na pandemia conseguimos manter algumas atividades on-line, mas esta retomada presencial em Jundia\u00ed \u00e9 muito significativa, pois este \u00e9 um Munic\u00edpio protagonista, parceiro e dispon\u00edvel, a exemplo do psic\u00f3logo Alexandre Souza, que nos procurou para a retomada\u201d, comentou.<\/p>\n\n\n\n<p>J\u00e1 a diretora do Departamento de Prote\u00e7\u00e3o Social B\u00e1sica da UGADS, Renata Stoqui, refor\u00e7ou a import\u00e2ncia do tema do encontro. \u201cO Plano de Acompanhamento Familiar \u00e9 uma das chaves da prote\u00e7\u00e3o b\u00e1sica que integra o servi\u00e7o de Prote\u00e7\u00e3o e Atendimento Integral \u00e0 Fam\u00edlia (PAIF) nos Cras. \u00c9 uma forma estrat\u00e9gica de fortalecer os v\u00ednculos familiares e comunit\u00e1rios, na garantia de direitos e acessos\u201d.<\/p>\n\n\n\n<p>Al\u00e9m de apresenta\u00e7\u00f5es, intera\u00e7\u00e3o dos participantes e relatos de profissionais, o encontro contou com a palestra de Naiara Teixeira e outros representantes da SEDS.<\/p>\n\n\n\n<p><em><strong>(Fonte\/Imagem: Prefeitura de Jundia\u00ed)<\/strong><\/em><\/p>\n","protected":false},"excerpt":{"rendered":"<p>Encontro foi realizado com a presen\u00e7a de mais de 100 t\u00e9cnicos e coordenadores de servi\u00e7os<\/p>\n","protected":false},"author":30,"featured_media":93868,"comment_status":"closed","ping_status":"closed","sticky":false,"template":"","format":"standard","meta":{"footnotes":""},"categories":[8392,8356,1],"tags":[],"class_list":["post-93867","post","type-post","status-publish","format-standard","has-post-thumbnail","hentry","category-assistencia-social","category-jundiai","category-noticias"],"_links":{"self":[{"href":"https:\/\/tvtecjundiai.com.br\/news\/wp-json\/wp\/v2\/posts\/93867","targetHints":{"allow":["GET"]}}],"collection":[{"href":"https:\/\/tvtecjundiai.com.br\/news\/wp-json\/wp\/v2\/posts"}],"about":[{"href":"https:\/\/tvtecjundiai.com.br\/news\/wp-json\/wp\/v2\/types\/post"}],"author":[{"embeddable":true,"href":"https:\/\/tvtecjundiai.com.br\/news\/wp-json\/wp\/v2\/users\/30"}],"replies":[{"embeddable":true,"href":"https:\/\/tvtecjundiai.com.br\/news\/wp-json\/wp\/v2\/comments?post=93867"}],"version-history":[{"count":1,"href":"https:\/\/tvtecjundiai.com.br\/news\/wp-json\/wp\/v2\/posts\/93867\/revisions"}],"predecessor-version":[{"id":93869,"href":"https:\/\/tvtecjundiai.com.br\/news\/wp-json\/wp\/v2\/posts\/93867\/revisions\/93869"}],"wp:featuredmedia":[{"embeddable":true,"href":"https:\/\/tvtecjundiai.com.br\/news\/wp-json\/wp\/v2\/media\/93868"}],"wp:attachment":[{"href":"https:\/\/tvtecjundiai.com.br\/news\/wp-json\/wp\/v2\/media?parent=93867"}],"wp:term":[{"taxonomy":"category","embeddable":true,"href":"https:\/\/tvtecjundiai.com.br\/news\/wp-json\/wp\/v2\/categories?post=93867"},{"taxonomy":"post_tag","embeddable":true,"href":"https:\/\/tvtecjundiai.com.br\/news\/wp-json\/wp\/v2\/tags?post=93867"}],"curies":[{"name":"wp","href":"https:\/\/api.w.org\/{rel}","templated":true}]}}