{"id":93902,"date":"2022-06-02T13:46:35","date_gmt":"2022-06-02T16:46:35","guid":{"rendered":"https:\/\/tvtecjundiai.com.br\/news\/?p=93902"},"modified":"2022-06-02T13:46:41","modified_gmt":"2022-06-02T16:46:41","slug":"fim-de-semana-na-fabrica-das-infancias-japy-tem-teatro-de-animacao-e-apresentacao-de-tecido-acrobatico","status":"publish","type":"post","link":"https:\/\/tvtecjundiai.com.br\/news\/2022\/06\/02\/fim-de-semana-na-fabrica-das-infancias-japy-tem-teatro-de-animacao-e-apresentacao-de-tecido-acrobatico\/","title":{"rendered":"Fim de semana na F\u00e1brica das Inf\u00e2ncias Japy tem teatro de anima\u00e7\u00e3o e apresenta\u00e7\u00e3o de tecido acrob\u00e1tico"},"content":{"rendered":"\n<p>A&nbsp;<a href=\"https:\/\/cultura.jundiai.sp.gov.br\/espacos-culturais\/fabrica-das-infancias-japy\/\" target=\"_blank\" rel=\"noreferrer noopener\">F\u00e1brica das Inf\u00e2ncias Japy<\/a>&nbsp;recebe neste final de semana mais duas programa\u00e7\u00f5es culturais gratuitas voltadas para o p\u00fablico infantojuvenil, promovidas pela Unidade de Gest\u00e3o de Cultura (UGC) pelo programa municipal&nbsp;<a href=\"https:\/\/cidadedascriancas.jundiai.sp.gov.br\/\" target=\"_blank\" rel=\"noreferrer noopener\">Cidade das Crian\u00e7as<\/a>. As atra\u00e7\u00f5es t\u00eam entrada gratuita e s\u00e3o voltadas para crian\u00e7as de quatro a dez anos.<\/p>\n\n\n\n<p>Neste s\u00e1bado (04), a partir das 10h30, a programa\u00e7\u00e3o fica por conta das artistas visuais Duda Ohoe e Maria Clara Teixeira com a apresenta\u00e7\u00e3o do teatro de anima\u00e7\u00e3o \u201cHist\u00f3rias do Jap\u00e3o \u2013 Entre Sombras e Flores\u201d. Atrav\u00e9s de contos tradicionais japoneses as ilustra\u00e7\u00f5es ganham movimento em passagens pelo teatro de sombras, e as cores do oshibana-e (composi\u00e7\u00e3o de pintura japonesa feita com flores naturais). Uma forma delicada e simples de viajar at\u00e9 o Jap\u00e3o. Acompanhada da flauta tradicional Shakuhachi e Harpa Koto.<\/p>\n\n\n\n<figure class=\"wp-block-image size-large\"><img loading=\"lazy\" decoding=\"async\" width=\"1200\" height=\"800\" src=\"https:\/\/tvtecjundiai.com.br\/news\/wp-content\/uploads\/sites\/2\/2022\/06\/fabrica-das-infancias-japy-jundiai-peca-1200x800.jpg\" alt=\"\" class=\"wp-image-93903\" srcset=\"https:\/\/tvtecjundiai.com.br\/news\/wp-content\/uploads\/sites\/2\/2022\/06\/fabrica-das-infancias-japy-jundiai-peca-1200x800.jpg 1200w, https:\/\/tvtecjundiai.com.br\/news\/wp-content\/uploads\/sites\/2\/2022\/06\/fabrica-das-infancias-japy-jundiai-peca-300x200.jpg 300w, https:\/\/tvtecjundiai.com.br\/news\/wp-content\/uploads\/sites\/2\/2022\/06\/fabrica-das-infancias-japy-jundiai-peca-768x512.jpg 768w, https:\/\/tvtecjundiai.com.br\/news\/wp-content\/uploads\/sites\/2\/2022\/06\/fabrica-das-infancias-japy-jundiai-peca.jpg 1280w\" sizes=\"auto, (max-width: 1200px) 100vw, 1200px\" \/><figcaption>Duda Ohoe e Maria Clara Teixeira apresentam teatro de anima\u00e7\u00e3o<\/figcaption><\/figure>\n\n\n\n<p>J\u00e1 no domingo (05), tamb\u00e9m a partir das 10h30, a programa\u00e7\u00e3o traz a apresenta\u00e7\u00e3o de tecido acrob\u00e1tico com os integrantes da Cia Art no Ar, com o espet\u00e1culo \u201cFays: A vida das Fadas\u201d, onde quatro acrobatas se dividem em cena para mostrar a beleza da vida das Fadas. Um mundo m\u00e1gico em que todos voam, encantados pelos poderes do p\u00f3 de \u201cpirlimpimpim\u201d. Embalado por m\u00fasicas celtas e muita magia, os n\u00fameros v\u00e3o acontecendo no ar e no solo envolvendo a plateia.<\/p>\n\n\n\n<p>A F\u00e1brica das Inf\u00e2ncias Japy fica na rua Lacerda Franco, 175, Vila Arens, e funciona de ter\u00e7a a sexta-feira, das 9h \u00e0s 17h; e aos s\u00e1bados, domingos e feriados, das 9h \u00e0s 13h. A entrada de visitantes \u00e9 gratuita e permitida somente at\u00e9 30 minutos antes do hor\u00e1rio de fechamento. Mais informa\u00e7\u00f5es pelo telefone (11) 4521-0971.<\/p>\n\n\n\n<figure class=\"wp-block-image size-large\"><img loading=\"lazy\" decoding=\"async\" width=\"1200\" height=\"800\" src=\"https:\/\/tvtecjundiai.com.br\/news\/wp-content\/uploads\/sites\/2\/2022\/06\/foto-4-art-no-ar-1200x800.jpeg\" alt=\"\" class=\"wp-image-93904\" srcset=\"https:\/\/tvtecjundiai.com.br\/news\/wp-content\/uploads\/sites\/2\/2022\/06\/foto-4-art-no-ar-1200x800.jpeg 1200w, https:\/\/tvtecjundiai.com.br\/news\/wp-content\/uploads\/sites\/2\/2022\/06\/foto-4-art-no-ar-300x200.jpeg 300w, https:\/\/tvtecjundiai.com.br\/news\/wp-content\/uploads\/sites\/2\/2022\/06\/foto-4-art-no-ar-768x512.jpeg 768w, https:\/\/tvtecjundiai.com.br\/news\/wp-content\/uploads\/sites\/2\/2022\/06\/foto-4-art-no-ar.jpeg 1280w\" sizes=\"auto, (max-width: 1200px) 100vw, 1200px\" \/><figcaption>Espet\u00e1culo de tecido acrob\u00e1tico vai contar a vida das fadas<\/figcaption><\/figure>\n\n\n\n<p><em><strong>(Fonte: Prefeitura de Jundia\u00ed\/Imagens: Divulga\u00e7\u00e3o)<\/strong><\/em><\/p>\n","protected":false},"excerpt":{"rendered":"<p>As atra\u00e7\u00f5es t\u00eam entrada gratuita e s\u00e3o voltadas para crian\u00e7as de quatro a dez anos<\/p>\n","protected":false},"author":30,"featured_media":93903,"comment_status":"closed","ping_status":"closed","sticky":false,"template":"","format":"standard","meta":{"footnotes":""},"categories":[2833,8356,8354,1],"tags":[],"class_list":["post-93902","post","type-post","status-publish","format-standard","has-post-thumbnail","hentry","category-cultura","category-jundiai","category-lazer","category-noticias"],"_links":{"self":[{"href":"https:\/\/tvtecjundiai.com.br\/news\/wp-json\/wp\/v2\/posts\/93902","targetHints":{"allow":["GET"]}}],"collection":[{"href":"https:\/\/tvtecjundiai.com.br\/news\/wp-json\/wp\/v2\/posts"}],"about":[{"href":"https:\/\/tvtecjundiai.com.br\/news\/wp-json\/wp\/v2\/types\/post"}],"author":[{"embeddable":true,"href":"https:\/\/tvtecjundiai.com.br\/news\/wp-json\/wp\/v2\/users\/30"}],"replies":[{"embeddable":true,"href":"https:\/\/tvtecjundiai.com.br\/news\/wp-json\/wp\/v2\/comments?post=93902"}],"version-history":[{"count":1,"href":"https:\/\/tvtecjundiai.com.br\/news\/wp-json\/wp\/v2\/posts\/93902\/revisions"}],"predecessor-version":[{"id":93905,"href":"https:\/\/tvtecjundiai.com.br\/news\/wp-json\/wp\/v2\/posts\/93902\/revisions\/93905"}],"wp:featuredmedia":[{"embeddable":true,"href":"https:\/\/tvtecjundiai.com.br\/news\/wp-json\/wp\/v2\/media\/93903"}],"wp:attachment":[{"href":"https:\/\/tvtecjundiai.com.br\/news\/wp-json\/wp\/v2\/media?parent=93902"}],"wp:term":[{"taxonomy":"category","embeddable":true,"href":"https:\/\/tvtecjundiai.com.br\/news\/wp-json\/wp\/v2\/categories?post=93902"},{"taxonomy":"post_tag","embeddable":true,"href":"https:\/\/tvtecjundiai.com.br\/news\/wp-json\/wp\/v2\/tags?post=93902"}],"curies":[{"name":"wp","href":"https:\/\/api.w.org\/{rel}","templated":true}]}}