{"id":93950,"date":"2022-06-03T12:15:57","date_gmt":"2022-06-03T15:15:57","guid":{"rendered":"https:\/\/tvtecjundiai.com.br\/news\/?p=93950"},"modified":"2022-06-03T12:16:03","modified_gmt":"2022-06-03T15:16:03","slug":"cafe-tecnologico-no-jundiai-empreendedora-e-retomado-com-troca-de-experiencias","status":"publish","type":"post","link":"https:\/\/tvtecjundiai.com.br\/news\/2022\/06\/03\/cafe-tecnologico-no-jundiai-empreendedora-e-retomado-com-troca-de-experiencias\/","title":{"rendered":"Caf\u00e9 Tecnol\u00f3gico no Jundia\u00ed Empreendedora \u00e9 retomado com troca de experi\u00eancias"},"content":{"rendered":"\n<p>Criado em 2017 com o objetivo de reunir empreendedores de Jundia\u00ed, o Caf\u00e9 Tecnol\u00f3gico \u00e9 retomado ap\u00f3s a suspens\u00e3o dos encontros em decorr\u00eancia da COVID-19. Organizados com o objetivo de conectar startups, empresas, entidades de ensino, especialistas, interessados em inova\u00e7\u00e3o e investidores para debater temas, como inova\u00e7\u00e3o, tecnologia, empreendedorismo, tend\u00eancias, mercado de trabalho, exporta\u00e7\u00e3o, entre outros, o primeiro encontro reuniu profissionais para troca de experi\u00eancias.<\/p>\n\n\n\n<p>Realizado no Espa\u00e7o Jundia\u00ed Empreendedora, no Maxi Shopping, o encontro foi realizado em formato de Roda Aberta com Network, com dura\u00e7\u00e3o de 60 minutos. A iniciativa da Prefeitura de Jundia\u00ed, por meio da Unidade de Gest\u00e3o de Desenvolvimento Econ\u00f4mico, Ci\u00eancia e Tecnologia (UGDECT), contou, neste primeiro Caf\u00e9 Tecnol\u00f3gico de 2022, representantes de renomadas empresas \u2013Roberto Pina- Investidos e Fundador da SevenSete&nbsp;Venture Builder,&nbsp;Nelson Andreata \u2013 Fundador e CEO da Eats For You,&nbsp;Leandro Ogalha \u2013 Fundador e CEO da HyperGov,&nbsp;Gilberto Lopes \u2013 Consultor e Head de Growth da SevenSete e&nbsp;&nbsp;Mauricio Fabri de Oliveira \u2013 S\u00f3cio Presidente da RUNTEC.&nbsp;<\/p>\n\n\n\n<p>\u201c\u00c9 de suma import\u00e2ncia um munic\u00edpio que organiza esse tipo de encontro para discutirmos as pautas de inova\u00e7\u00e3o, de tecnologia e de Startups. Mostra claramente a preocupa\u00e7\u00e3o com o tema de inova\u00e7\u00e3o dentro da gest\u00e3o p\u00fablica\u201d, detalhou Leandro Ogalha, fundador e CEO da Hypergov.<\/p>\n\n\n\n<p>\u201d A cidade de Jundia\u00ed est\u00e1 a frente nessas quest\u00f5es de empreendedorismo e inova\u00e7\u00e3o\u201d, destacou Roberto Pina.<\/p>\n\n\n\n<figure class=\"wp-block-image\"><img decoding=\"async\" src=\"https:\/\/jundiai.sp.gov.br\/noticias\/wp-content\/uploads\/sites\/32\/2022\/06\/cafetecnologico-1280x960.jpg\" alt=\"\" class=\"wp-image-294061\" \/><figcaption>Caf\u00e9 Tecnol\u00f3gico \u00e9 retomado no Espa\u00e7o Jundia\u00ed Empreendedora<\/figcaption><\/figure>\n\n\n\n<p>Para Cristiano Lopes, gestor da UGDECT, o encontro \u00e9 oportunidade para o empreendedor. \u201cO Caf\u00e9 Tecnol\u00f3gico por objetivo possibilitar a troca de experi\u00eancias entre os envolvidos nas \u00e1reas de inova\u00e7\u00e3o, tecnologia e desenvolvimento, bem como ampliar a rede de contatos e discutir a\u00e7\u00f5es locais no sentido de promover e disseminar os objetivos da Lei Municipal de Inova\u00e7\u00e3o. Iniciativas que culminam em novas oportunidades, gera\u00e7\u00e3o de neg\u00f3cios, emprego e renda.\u201d<\/p>\n\n\n\n<p>O Caf\u00e9 Tecnol\u00f3gico \u00e9 resultado de parceria com o Sebrae, FATEC, FTV TEC, CIJUN e v\u00e1rias empresas e entidades que comp\u00f5em o Ecossistema de Inova\u00e7\u00e3o de Jundia\u00ed.&nbsp;<\/p>\n\n\n\n<p>Acompanharam o encontro os diretores da UGDECT de Fomento ao Com\u00e9rcio e \u00e0 Ind\u00fastria, Enrico Arkchimor Milamonti; e de Ci\u00eancia e Tecnologia, J\u00falio Durante.<\/p>\n\n\n\n<p><em><strong>(Fonte\/Imagem: Prefeitura de Jundia\u00ed)<\/strong><\/em><\/p>\n","protected":false},"excerpt":{"rendered":"<p>O objetivo \u00e9 conectar startups, empresas, entidades de ensino, especialistas, interessados em inova\u00e7\u00e3o e investidores.<\/p>\n","protected":false},"author":27,"featured_media":93951,"comment_status":"closed","ping_status":"closed","sticky":false,"template":"","format":"standard","meta":{"footnotes":""},"categories":[8362,8356],"tags":[],"class_list":["post-93950","post","type-post","status-publish","format-standard","has-post-thumbnail","hentry","category-empreendedorismo","category-jundiai"],"_links":{"self":[{"href":"https:\/\/tvtecjundiai.com.br\/news\/wp-json\/wp\/v2\/posts\/93950","targetHints":{"allow":["GET"]}}],"collection":[{"href":"https:\/\/tvtecjundiai.com.br\/news\/wp-json\/wp\/v2\/posts"}],"about":[{"href":"https:\/\/tvtecjundiai.com.br\/news\/wp-json\/wp\/v2\/types\/post"}],"author":[{"embeddable":true,"href":"https:\/\/tvtecjundiai.com.br\/news\/wp-json\/wp\/v2\/users\/27"}],"replies":[{"embeddable":true,"href":"https:\/\/tvtecjundiai.com.br\/news\/wp-json\/wp\/v2\/comments?post=93950"}],"version-history":[{"count":1,"href":"https:\/\/tvtecjundiai.com.br\/news\/wp-json\/wp\/v2\/posts\/93950\/revisions"}],"predecessor-version":[{"id":93952,"href":"https:\/\/tvtecjundiai.com.br\/news\/wp-json\/wp\/v2\/posts\/93950\/revisions\/93952"}],"wp:featuredmedia":[{"embeddable":true,"href":"https:\/\/tvtecjundiai.com.br\/news\/wp-json\/wp\/v2\/media\/93951"}],"wp:attachment":[{"href":"https:\/\/tvtecjundiai.com.br\/news\/wp-json\/wp\/v2\/media?parent=93950"}],"wp:term":[{"taxonomy":"category","embeddable":true,"href":"https:\/\/tvtecjundiai.com.br\/news\/wp-json\/wp\/v2\/categories?post=93950"},{"taxonomy":"post_tag","embeddable":true,"href":"https:\/\/tvtecjundiai.com.br\/news\/wp-json\/wp\/v2\/tags?post=93950"}],"curies":[{"name":"wp","href":"https:\/\/api.w.org\/{rel}","templated":true}]}}