{"id":93965,"date":"2022-06-03T14:35:35","date_gmt":"2022-06-03T17:35:35","guid":{"rendered":"https:\/\/tvtecjundiai.com.br\/news\/?p=93965"},"modified":"2022-06-03T14:36:02","modified_gmt":"2022-06-03T17:36:02","slug":"mostra-jundiai-expo-vinhos-2022-comeca-neste-sabado-04","status":"publish","type":"post","link":"https:\/\/tvtecjundiai.com.br\/news\/2022\/06\/03\/mostra-jundiai-expo-vinhos-2022-comeca-neste-sabado-04\/","title":{"rendered":"Mostra Jundia\u00ed Expo Vinhos 2022 come\u00e7a neste s\u00e1bado (4)"},"content":{"rendered":"\n<p>O Dia do Vinho \u00e9 comemorado nacionalmente no primeiro domingo de junho e conta com uma vasta programa\u00e7\u00e3o em todos os polos vitivin\u00edcolas do Pa\u00eds. A Rota do Vinho de Jundia\u00ed, que engloba 21 vin\u00edcolas da cidade, lan\u00e7a sua programa\u00e7\u00e3o comemorativa \u00e0 bebida que se estende durante todo este m\u00eas.<\/p>\n\n\n\n<p>Uma das atra\u00e7\u00f5es mais esperadas \u00e9 a <strong>Mostra Jundia\u00ed Expo Vinhos 2022<\/strong>, que acontece na Pra\u00e7a das Carpas do Maxi Shopping, de 4 a 19 de junho,&nbsp;de segunda a s\u00e1bado, das 10h \u00e0s 22h, e aos domingos e feriados, das 12h \u00e0s 20h.<\/p>\n\n\n<div class=\"wp-block-image\">\n<figure class=\"aligncenter size-large is-resized\"><img loading=\"lazy\" decoding=\"async\" src=\"https:\/\/tvtecjundiai.com.br\/news\/wp-content\/uploads\/sites\/2\/2022\/06\/Maxi-Expo-Vinhos-2022-Vinhos-na-Adega-1200x900.jpeg\" alt=\"\" class=\"wp-image-93966\" width=\"633\" height=\"475\" srcset=\"https:\/\/tvtecjundiai.com.br\/news\/wp-content\/uploads\/sites\/2\/2022\/06\/Maxi-Expo-Vinhos-2022-Vinhos-na-Adega-1200x900.jpeg 1200w, https:\/\/tvtecjundiai.com.br\/news\/wp-content\/uploads\/sites\/2\/2022\/06\/Maxi-Expo-Vinhos-2022-Vinhos-na-Adega-300x225.jpeg 300w, https:\/\/tvtecjundiai.com.br\/news\/wp-content\/uploads\/sites\/2\/2022\/06\/Maxi-Expo-Vinhos-2022-Vinhos-na-Adega-768x576.jpeg 768w, https:\/\/tvtecjundiai.com.br\/news\/wp-content\/uploads\/sites\/2\/2022\/06\/Maxi-Expo-Vinhos-2022-Vinhos-na-Adega.jpeg 1280w\" sizes=\"auto, (max-width: 633px) 100vw, 633px\" \/><\/figure>\n<\/div>\n\n\n<p>O evento contar\u00e1 com nove vin\u00edcolas jundiaienses que far\u00e3o a exposi\u00e7\u00e3o, degusta\u00e7\u00e3o e venda de seus produtos, entre eles, vinhos comuns secos e suaves, vinhos finos e espumantes, al\u00e9m de outros derivados da uva e do vinho. Na primeira semana, l\u00e1 estar\u00e3o representantes da Vin\u00edcola Castanho, Vin\u00edcola Martins, Adega Maziero e Vin\u00edcola do Portugu\u00eas. Na segunda semana ser\u00e1 a vez da Adega Beraldo di Cale, Adega Galv\u00e3o, Adega Marquesim, Adega Oliveira e Adega Vendramin.<\/p>\n\n\n\n<p>No local haver\u00e1 ainda uma pequena mostra de equipamentos e implementos hist\u00f3ricos usados na elabora\u00e7\u00e3o dos vinhos. Esta \u00e9 uma incr\u00edvel oportunidade para o contato do p\u00fablico com os produtores que, al\u00e9m dos vinhos, compartilhar\u00e3o suas hist\u00f3rias e experi\u00eancias. <\/p>\n\n\n\n<p><em><strong>(Fonte: SG Assessoria em Comunica\u00e7\u00e3o\/Imagem: Divulga\u00e7\u00e3o)<\/strong><\/em><\/p>\n","protected":false},"excerpt":{"rendered":"<p>O evento conta com a degusta\u00e7\u00e3o e venda de produtos de nove vin\u00edcolas jundiaienses<\/p>\n","protected":false},"author":30,"featured_media":93966,"comment_status":"closed","ping_status":"closed","sticky":false,"template":"","format":"standard","meta":{"footnotes":""},"categories":[6309,8356,8354,1],"tags":[],"class_list":["post-93965","post","type-post","status-publish","format-standard","has-post-thumbnail","hentry","category-gastronomia","category-jundiai","category-lazer","category-noticias"],"_links":{"self":[{"href":"https:\/\/tvtecjundiai.com.br\/news\/wp-json\/wp\/v2\/posts\/93965","targetHints":{"allow":["GET"]}}],"collection":[{"href":"https:\/\/tvtecjundiai.com.br\/news\/wp-json\/wp\/v2\/posts"}],"about":[{"href":"https:\/\/tvtecjundiai.com.br\/news\/wp-json\/wp\/v2\/types\/post"}],"author":[{"embeddable":true,"href":"https:\/\/tvtecjundiai.com.br\/news\/wp-json\/wp\/v2\/users\/30"}],"replies":[{"embeddable":true,"href":"https:\/\/tvtecjundiai.com.br\/news\/wp-json\/wp\/v2\/comments?post=93965"}],"version-history":[{"count":2,"href":"https:\/\/tvtecjundiai.com.br\/news\/wp-json\/wp\/v2\/posts\/93965\/revisions"}],"predecessor-version":[{"id":93969,"href":"https:\/\/tvtecjundiai.com.br\/news\/wp-json\/wp\/v2\/posts\/93965\/revisions\/93969"}],"wp:featuredmedia":[{"embeddable":true,"href":"https:\/\/tvtecjundiai.com.br\/news\/wp-json\/wp\/v2\/media\/93966"}],"wp:attachment":[{"href":"https:\/\/tvtecjundiai.com.br\/news\/wp-json\/wp\/v2\/media?parent=93965"}],"wp:term":[{"taxonomy":"category","embeddable":true,"href":"https:\/\/tvtecjundiai.com.br\/news\/wp-json\/wp\/v2\/categories?post=93965"},{"taxonomy":"post_tag","embeddable":true,"href":"https:\/\/tvtecjundiai.com.br\/news\/wp-json\/wp\/v2\/tags?post=93965"}],"curies":[{"name":"wp","href":"https:\/\/api.w.org\/{rel}","templated":true}]}}