{"id":93984,"date":"2022-06-04T13:29:23","date_gmt":"2022-06-04T16:29:23","guid":{"rendered":"https:\/\/tvtecjundiai.com.br\/news\/?p=93984"},"modified":"2022-06-04T13:29:28","modified_gmt":"2022-06-04T16:29:28","slug":"6o-festeju-espetaculo-teatral-deste-sabado-04-e-cancelado-e-estreia-do-festival-fica-para-domingo-05","status":"publish","type":"post","link":"https:\/\/tvtecjundiai.com.br\/news\/2022\/06\/04\/6o-festeju-espetaculo-teatral-deste-sabado-04-e-cancelado-e-estreia-do-festival-fica-para-domingo-05\/","title":{"rendered":"6\u00ba FESTEJU: espet\u00e1culo teatral deste s\u00e1bado (04) \u00e9 cancelado e estreia do festival fica para domingo (05)"},"content":{"rendered":"\n<p>A Unidade de Gest\u00e3o de Cultura (UGC) informa que recebeu no final da tarde de sexta-feira (03) o pedido de cancelamento, por parte do grupo respons\u00e1vel, do espet\u00e1culo \u201cDon Juan\u201d, que abriria neste s\u00e1bado (04) as apresenta\u00e7\u00f5es pela Cena Amadora do\u00a0<a rel=\"noreferrer noopener\" href=\"https:\/\/cultura.jundiai.sp.gov.br\/festeju\/\" target=\"_blank\">6\u00ba Festival de Teatro de Jundia\u00ed (FESTEJU)<\/a>. A distribui\u00e7\u00e3o dos ingressos gratuitos ainda n\u00e3o havia sido iniciada.<\/p>\n\n\n\n<p>Desta forma, a abertura da programa\u00e7\u00e3o do Festival ficou para o domingo (05), quando, \u00e0s 19h, est\u00e1 programada a apresenta\u00e7\u00e3o tamb\u00e9m na Sala Jundia\u00ed do espet\u00e1culo \u201cEsperando Godot\u201d, com a Cia. Stepout, do Munic\u00edpio paulista de Salto. Tragicom\u00e9dia atemporal, \u201cEsperando Godot\u201d traz a espera exaustiva de Vladimir e Estragon por Godot, espera em que nada acontece e a atmosfera de vacuidade e monotonia n\u00e3o \u00e9 alterada sen\u00e3o pela passagem de Pozzo e Lucky que, partindo, fazem retornar o vazio existencial das personagens.<\/p>\n\n\n\n<figure class=\"wp-block-image\"><img decoding=\"async\" src=\"https:\/\/jundiai.sp.gov.br\/noticias\/wp-content\/uploads\/sites\/32\/2022\/06\/esperando_godot.jpeg\" alt=\"\" class=\"wp-image-294165\" \/><figcaption>\u201cEsperando Godot\u201d, com a Cia. Stepout, ser\u00e1 apresentado no domingo (05)<\/figcaption><\/figure>\n\n\n\n<p>Pela&nbsp;<a href=\"https:\/\/cultura.jundiai.sp.gov.br\/festeju\/cena-amadora\/\" target=\"_blank\" rel=\"noreferrer noopener\">Cena Amadora<\/a>, as nove apresenta\u00e7\u00f5es v\u00e3o at\u00e9 a quarta-feira (15), na Sala Jundia\u00ed do Complexo Fepasa (avenida Uni\u00e3o dos Ferrovi\u00e1rios, 1760), que tem capacidade para 180 pessoas. As entradas s\u00e3o gratuitas e ser\u00e3o por ordem de chegada, sem distribui\u00e7\u00e3o pr\u00e9via de ingressos.<\/p>\n\n\n\n<p>J\u00e1 pela&nbsp;<a href=\"https:\/\/cultura.jundiai.sp.gov.br\/festeju\/cena-profissional\/\" target=\"_blank\" rel=\"noreferrer noopener\">Cena Profissional<\/a>, as dez apresenta\u00e7\u00f5es selecionadas do FESTEJU ser\u00e3o apresentadas de 16 a 25 de junho, no Polytheama (Rua Bar\u00e3o de Jundia\u00ed, 176, Centro) e na Pra\u00e7a do Coreto.<\/p>\n\n\n\n<p><a href=\"https:\/\/cultura.jundiai.sp.gov.br\/festeju\/\" target=\"_blank\" rel=\"noreferrer noopener\">A programa\u00e7\u00e3o completa pode ser conferida no hotsite do Festival<\/a>.<\/p>\n\n\n\n<figure class=\"wp-block-image\"><img decoding=\"async\" src=\"https:\/\/jundiai.sp.gov.br\/noticias\/wp-content\/uploads\/sites\/32\/2022\/06\/3_festeju_sonho_de_uma_noite_de_verao_complexo_fepasa-288.jpg\" alt=\"\" class=\"wp-image-294164\" \/><figcaption>Cena Amadora do Festival ser\u00e1 apresentada na Sala Jundia\u00ed do Complexo Fepasa at\u00e9 o dia 15 de junho<\/figcaption><\/figure>\n\n\n\n<p><em>(Fonte\/Imagem: Prefeitura de Jundia\u00ed)<\/em><\/p>\n","protected":false},"excerpt":{"rendered":"<p>Pedido de cancelamento foi do grupo respons\u00e1vel pelo espet\u00e1culo &#8220;Don Juan&#8221;<\/p>\n","protected":false},"author":17,"featured_media":93985,"comment_status":"closed","ping_status":"closed","sticky":false,"template":"","format":"standard","meta":{"footnotes":""},"categories":[2833,8356,8354,1],"tags":[],"class_list":["post-93984","post","type-post","status-publish","format-standard","has-post-thumbnail","hentry","category-cultura","category-jundiai","category-lazer","category-noticias"],"_links":{"self":[{"href":"https:\/\/tvtecjundiai.com.br\/news\/wp-json\/wp\/v2\/posts\/93984","targetHints":{"allow":["GET"]}}],"collection":[{"href":"https:\/\/tvtecjundiai.com.br\/news\/wp-json\/wp\/v2\/posts"}],"about":[{"href":"https:\/\/tvtecjundiai.com.br\/news\/wp-json\/wp\/v2\/types\/post"}],"author":[{"embeddable":true,"href":"https:\/\/tvtecjundiai.com.br\/news\/wp-json\/wp\/v2\/users\/17"}],"replies":[{"embeddable":true,"href":"https:\/\/tvtecjundiai.com.br\/news\/wp-json\/wp\/v2\/comments?post=93984"}],"version-history":[{"count":1,"href":"https:\/\/tvtecjundiai.com.br\/news\/wp-json\/wp\/v2\/posts\/93984\/revisions"}],"predecessor-version":[{"id":93986,"href":"https:\/\/tvtecjundiai.com.br\/news\/wp-json\/wp\/v2\/posts\/93984\/revisions\/93986"}],"wp:featuredmedia":[{"embeddable":true,"href":"https:\/\/tvtecjundiai.com.br\/news\/wp-json\/wp\/v2\/media\/93985"}],"wp:attachment":[{"href":"https:\/\/tvtecjundiai.com.br\/news\/wp-json\/wp\/v2\/media?parent=93984"}],"wp:term":[{"taxonomy":"category","embeddable":true,"href":"https:\/\/tvtecjundiai.com.br\/news\/wp-json\/wp\/v2\/categories?post=93984"},{"taxonomy":"post_tag","embeddable":true,"href":"https:\/\/tvtecjundiai.com.br\/news\/wp-json\/wp\/v2\/tags?post=93984"}],"curies":[{"name":"wp","href":"https:\/\/api.w.org\/{rel}","templated":true}]}}