{"id":93990,"date":"2022-06-04T13:51:18","date_gmt":"2022-06-04T16:51:18","guid":{"rendered":"https:\/\/tvtecjundiai.com.br\/news\/?p=93990"},"modified":"2022-06-04T13:51:22","modified_gmt":"2022-06-04T16:51:22","slug":"com-exposicoes-gratuitas-solar-do-barao-pinacoteca-e-biblioteca-ficam-abertos-para-visita-aos-finais-de-semana","status":"publish","type":"post","link":"https:\/\/tvtecjundiai.com.br\/news\/2022\/06\/04\/com-exposicoes-gratuitas-solar-do-barao-pinacoteca-e-biblioteca-ficam-abertos-para-visita-aos-finais-de-semana\/","title":{"rendered":"Com exposi\u00e7\u00f5es gratuitas, Solar do Bar\u00e3o, Pinacoteca e Biblioteca ficam abertos para visita aos finais de semana"},"content":{"rendered":"\n<p>Mesmo aos finais de semana, os equipamentos ligados \u00e0 Unidade de Gest\u00e3o de Cultura (UGC) seguem abertos para visita\u00e7\u00e3o, garantindo assim a programa\u00e7\u00e3o cultural gratuita dos jundiaienses e de visitantes de outros Munic\u00edpios. No Museu Hist\u00f3rico e Cultural \u2013 Solar do Bar\u00e3o, na Pinacoteca Municipal Di\u00f3genes Duarte Paes e a Biblioteca Municipal Professor Nelson Foot, os visitantes podem tamb\u00e9m conferir atualmente cinco exposi\u00e7\u00f5es com entradas gratuitas.<\/p>\n\n\n\n<p>\u201cDesde a reabertura dos nossos equipamentos culturais temos visto a popula\u00e7\u00e3o, bastante saudosa, revisitando esses espa\u00e7os que evocam importantes mem\u00f3rias afetivas em suas vidas. Por isso, retomamos a abertura tamb\u00e9m aos fins de semana, para que as pessoas tenham mais oportunidades de frequentar esses locais. E em muito contribuem para isso as exposi\u00e7\u00f5es gratuitas montadas, para que sejam um convite e uma experi\u00eancia transformadora na vida dessas pessoas\u201d, comentou o gestor da UGC, Marcelo Peroni.<\/p>\n\n\n\n<figure class=\"wp-block-image\"><img decoding=\"async\" src=\"https:\/\/jundiai.sp.gov.br\/noticias\/wp-content\/uploads\/sites\/32\/2022\/06\/solar-do-borao_legados-de-gloria-3.jpg\" alt=\"Homem de bermuda e camisa pretas e t\u00eanis vermelho e mulher gr\u00e1vida de vestido preto com estampa de on\u00e7a e com t\u00eanis branco e segurando sacola pl\u00e1stica, em sal\u00e3o do Solar do Bar\u00e3o, onde se veem no espelho, com pain\u00e9is de fotos e l\u00e2mpadas\" class=\"wp-image-294081\" \/><figcaption>Jefferson e Evelyn gostaram tanto da exposi\u00e7\u00e3o no Solar que pretendem voltar, acompanhados da filha Alice, de tr\u00eas anos<\/figcaption><\/figure>\n\n\n\n<p>No Museu, a exposi\u00e7\u00e3o da vez \u00e9 a&nbsp;<a rel=\"noreferrer noopener\" href=\"https:\/\/cultura.jundiai.sp.gov.br\/exposicoes\/legados-de-gloria-memorias-da-danca-em-jundiai\/\" target=\"_blank\">Legados de Gl\u00f3ria \u2013 Mem\u00f3rias da Dan\u00e7a em Jundia\u00ed<\/a>, que homenageia at\u00e9 o dia 26 deste m\u00eas a bailarina Gl\u00f3ria Rocha. Inaugurada durante a programa\u00e7\u00e3o do 24\u00ba Festival Enredan\u00e7a, a exposi\u00e7\u00e3o traz um percurso conduzido pelo som de m\u00fasicas cl\u00e1ssicas de espet\u00e1culos de Bal\u00e9, com objetos pessoais da artista; fotos e depoimentos de bailarinos renomados; pe\u00e7as e figurinos da Cia. Jovem de Dan\u00e7a, corpo art\u00edstico ligado \u00e0 UGC; objetos e trof\u00e9us de edi\u00e7\u00f5es antigas do&nbsp;<a href=\"https:\/\/cultura.jundiai.sp.gov.br\/enredanca\/\" target=\"_blank\" rel=\"noreferrer noopener\">Festival Enredan\u00e7a<\/a>; al\u00e9m de sapatilhas autografadas de bailarinos jundiaienses e famosos, como Ana Botafogo e Claudia Raia.<\/p>\n\n\n\n<p>O operador de m\u00e1quinas Jefferson Geraldi e a estudante de enfermagem Evelyn Alves aproveitaram as compras pelo Centro para conferir a exposi\u00e7\u00e3o em homenagem a Gl\u00f3ria Rocha. \u201cSempre que a gente vem ao Centro aproveita para visitar o Solar e aprender mais sobre Hist\u00f3ria, pois o tema me interessa\u201d, comentou Jefferson, que diz ter reconhecido as fotos de Ana Botafogo e Carlinhos de Jesus na exposi\u00e7\u00e3o. J\u00e1 Evelyn, \u00e0 espera do filho Ravi, diz ter gostado tanto da exposi\u00e7\u00e3o que quer voltar com a filha Alice, de tr\u00eas anos. \u201cEla gosta muito de dan\u00e7a e faz Bal\u00e9 na escola. Aposto que quando vier vai querer dan\u00e7ar quando ouvir a m\u00fasica\u201d.<\/p>\n\n\n\n<p>As amigas Camila Hassun e Beatriz Moretti, de 17 e 15 anos, respectivamente, tamb\u00e9m conferiram e aprovaram a exposi\u00e7\u00e3o. Camila gostou de revisitar o espa\u00e7o. \u201cFiz um trabalho de escola sobre o Solar quando era crian\u00e7a e \u00e9 muito bom voltar e ver esta exposi\u00e7\u00e3o. J\u00e1 mandei at\u00e9 uma mensagem para uma amiga bailarina, que competiu no Festival Enredan\u00e7a, para que venha conferir\u201d. J\u00e1 para Bruna, a exposi\u00e7\u00e3o trouxe mem\u00f3rias de quando esteve no teatro que leva o nome da bailarina. \u201cLembro-me de ir \u00e0 Sala Gl\u00f3ria Rocha numa excurs\u00e3o com a escola\u201d.<\/p>\n\n\n\n<figure class=\"wp-block-image\"><img decoding=\"async\" src=\"https:\/\/jundiai.sp.gov.br\/noticias\/wp-content\/uploads\/sites\/32\/2022\/06\/solar-do-borao_legados-de-gloria-18.jpg\" alt=\"Duas mo\u00e7as de cabelos castanhos compridos, usando cal\u00e7a, camiseta e blusa de frio, olhando para uma cama de madeira, onde h\u00e1 diversas sapatilhas espalhadas, em sala do Solar do Bar\u00e3o\" class=\"wp-image-294084\" \/><figcaption>Beatriz e Camila tamb\u00e9m aproveitaram o passeio pelo Centro para prestigiar a exposi\u00e7\u00e3o<\/figcaption><\/figure>\n\n\n\n<p>J\u00e1 na Pinacoteca, os visitantes poder\u00e3o conferir gratuitamente, at\u00e9 o dia 03 de julho, duas exposi\u00e7\u00f5es em homenagem aos imigrantes italianos e seus descendentes, al\u00e9m da influ\u00eancia desse Pa\u00eds europeu na cultura brasileira.<\/p>\n\n\n\n<p><a rel=\"noreferrer noopener\" href=\"https:\/\/cultura.jundiai.sp.gov.br\/exposicoes\/nonni-di-sao-paulo\/\" target=\"_blank\">Nonni di S\u00e3o Paulo<\/a>, de Oliviero Pluviano, que quer dizer \u201cav\u00f3s\u201d, traz em fotos, v\u00eddeos e textos as homenagens as importantes nomes e fam\u00edlias italianas de express\u00e3o em S\u00e3o Paulo, com uma se\u00e7\u00e3o especial para homenagear tamb\u00e9m os \u201cNonni\u201d de Jundia\u00ed. J\u00e1&nbsp;<a href=\"https:\/\/cultura.jundiai.sp.gov.br\/exposicoes\/paesani\/\" target=\"_blank\" rel=\"noreferrer noopener\">Paesani<\/a>, de Emidio Luisi, tamb\u00e9m traz o registro fotogr\u00e1fico de col\u00f4nias italianas espalhadas pelo Brasil, al\u00e9m de fam\u00edlias jundiaienses e os objetos utilizados em seus cotidianos, como aparelhos de barbear, garraf\u00f5es, lou\u00e7as e outros instrumentos de trabalho.<\/p>\n\n\n\n<p>Quem visitar poder\u00e1 conferir tamb\u00e9m obras do pintor italojundiaiense Inos Corradin que comp\u00f5em a reserva t\u00e9cnica da Pinacoteca, como a s\u00e9rie de quadros que retratam a Paix\u00e3o de Cristo.<\/p>\n\n\n\n<p>A Pinacoteca fica na rua Bar\u00e3o de Jundia\u00ed, 109, Centro, e funciona de ter\u00e7a a domingo, das 10h \u00e0s 17h. Mais informa\u00e7\u00f5es pelo telefone 4586-2326.<\/p>\n\n\n\n<figure class=\"wp-block-image\"><img decoding=\"async\" src=\"https:\/\/jundiai.sp.gov.br\/noticias\/wp-content\/uploads\/sites\/32\/2022\/06\/pinacoteca_nonni-de-sao-paulo-e-paesani-9.jpg\" alt=\"Tr\u00eas mulheres usando blusas de frio interagem, sorridentes, em sala da Pinacoteca Municipal, uma delas segurando celular para o qual todas olham, em meio a pain\u00e9is de fotos em preto e branco\" class=\"wp-image-294085\" \/><figcaption>As m\u00e3es de alunos do projeto Guri aproveitam o per\u00edodo de aula dos filhos para visitar a Pinacoteca<\/figcaption><\/figure>\n\n\n\n<p>E na Biblioteca, a abertura aos finais de semana ocorre aos s\u00e1bados, sempre das 9h \u00e0s 13h. O espa\u00e7o conta com dois espa\u00e7os expositivos. Um deles, a Galeria Jundia\u00ed, hospeda at\u00e9 o dia 29 de junho a mostra&nbsp;<a rel=\"noreferrer noopener\" href=\"https:\/\/cultura.jundiai.sp.gov.br\/exposicoes\/faca-se-a-luz\/\" target=\"_blank\">Fa\u00e7a-se a Luz<\/a>, com mandalas coloridas da artista pl\u00e1stica Luz Pearce. J\u00e1 no Espa\u00e7o S\u00f4nia Cintra, segue at\u00e9 o dia 28 a exposi\u00e7\u00e3o&nbsp;<a href=\"https:\/\/cultura.jundiai.sp.gov.br\/exposicoes\/taipa-e-palavra-jundiai-2022\/\" target=\"_blank\" rel=\"noreferrer noopener\">Taipa e Palavra<\/a>, de Isabella Ferraro, que re\u00fane fotografias, textos breves e o patrim\u00f4nio hist\u00f3rico imaterial e material da cidade de diversos espa\u00e7os vistos de forma diferentes.<\/p>\n\n\n\n<p>A Biblioteca fica na avenida Dr. Cavalcanti, 396, Complexo Argos, e de segunda a sexta-feira funciona das 9h \u00e0s 21h.Mais informa\u00e7\u00f5es pelo telefone 4527-2110.<\/p>\n\n\n\n<figure class=\"wp-block-image\"><img decoding=\"async\" src=\"https:\/\/jundiai.sp.gov.br\/noticias\/wp-content\/uploads\/sites\/32\/2022\/06\/exposicao-taipa-e-palavra-da-escritora-sonia-cintra_c_-8.jpg\" alt=\"Sala S\u00f4nia Cintra de exposi\u00e7\u00f5es daBiblioteca, onde se veem pain\u00e9is, fotos e textos, afixados sobre paredes pretas\" class=\"wp-image-294052\" \/><figcaption>\u201cTaipa e Palavra\u201d e \u201cFa\u00e7a-se a Luz\u201d podem ser visitadas, respectivamente, at\u00e9 os dias 28 e 29 deste m\u00eas<\/figcaption><\/figure>\n\n\n\n<p><em>(Fonte\/Imagem: Prefeitura de Jundia\u00ed)<\/em><\/p>\n","protected":false},"excerpt":{"rendered":"<p>Confira as op\u00e7\u00f5es que Jundia\u00ed oferece para o lazer de toda fam\u00edlia<\/p>\n","protected":false},"author":17,"featured_media":93991,"comment_status":"closed","ping_status":"closed","sticky":false,"template":"","format":"standard","meta":{"footnotes":""},"categories":[2833,8356,1],"tags":[],"class_list":["post-93990","post","type-post","status-publish","format-standard","has-post-thumbnail","hentry","category-cultura","category-jundiai","category-noticias"],"_links":{"self":[{"href":"https:\/\/tvtecjundiai.com.br\/news\/wp-json\/wp\/v2\/posts\/93990","targetHints":{"allow":["GET"]}}],"collection":[{"href":"https:\/\/tvtecjundiai.com.br\/news\/wp-json\/wp\/v2\/posts"}],"about":[{"href":"https:\/\/tvtecjundiai.com.br\/news\/wp-json\/wp\/v2\/types\/post"}],"author":[{"embeddable":true,"href":"https:\/\/tvtecjundiai.com.br\/news\/wp-json\/wp\/v2\/users\/17"}],"replies":[{"embeddable":true,"href":"https:\/\/tvtecjundiai.com.br\/news\/wp-json\/wp\/v2\/comments?post=93990"}],"version-history":[{"count":1,"href":"https:\/\/tvtecjundiai.com.br\/news\/wp-json\/wp\/v2\/posts\/93990\/revisions"}],"predecessor-version":[{"id":93992,"href":"https:\/\/tvtecjundiai.com.br\/news\/wp-json\/wp\/v2\/posts\/93990\/revisions\/93992"}],"wp:featuredmedia":[{"embeddable":true,"href":"https:\/\/tvtecjundiai.com.br\/news\/wp-json\/wp\/v2\/media\/93991"}],"wp:attachment":[{"href":"https:\/\/tvtecjundiai.com.br\/news\/wp-json\/wp\/v2\/media?parent=93990"}],"wp:term":[{"taxonomy":"category","embeddable":true,"href":"https:\/\/tvtecjundiai.com.br\/news\/wp-json\/wp\/v2\/categories?post=93990"},{"taxonomy":"post_tag","embeddable":true,"href":"https:\/\/tvtecjundiai.com.br\/news\/wp-json\/wp\/v2\/tags?post=93990"}],"curies":[{"name":"wp","href":"https:\/\/api.w.org\/{rel}","templated":true}]}}