{"id":94098,"date":"2022-06-07T12:17:25","date_gmt":"2022-06-07T15:17:25","guid":{"rendered":"https:\/\/tvtecjundiai.com.br\/news\/?p=94098"},"modified":"2022-06-07T13:17:38","modified_gmt":"2022-06-07T16:17:38","slug":"exposicao-condicoes-da-materia-abre-a-temporada-2022-na-galeria-de-artes-fernanda-milani","status":"publish","type":"post","link":"https:\/\/tvtecjundiai.com.br\/news\/2022\/06\/07\/exposicao-condicoes-da-materia-abre-a-temporada-2022-na-galeria-de-artes-fernanda-milani\/","title":{"rendered":"Exposi\u00e7\u00e3o \u201cCondi\u00e7\u00f5es da Mat\u00e9ria\u201d abre a temporada 2022 na Galeria de Arte Fernanda Milani"},"content":{"rendered":"\n<p>Com vernissage realizada na noite de segunda-feira (06), foi aberta na&nbsp;<a rel=\"noreferrer noopener\" href=\"https:\/\/cultura.jundiai.sp.gov.br\/espacos-culturais\/galeria-de-arte-fernanda-perracini-milani\/\" target=\"_blank\">Galeria de Arte Fernanda Perracini Milani&nbsp;<\/a>anexa ao&nbsp;<a rel=\"noreferrer noopener\" href=\"https:\/\/cultura.jundiai.sp.gov.br\/espacos-culturais\/teatropolytheama\/\" target=\"_blank\">Teatro Polytheama<\/a>, a exposi\u00e7\u00e3o \u201cCondi\u00e7\u00f5es da Mat\u00e9ria\u201d, do artista Lucas Souza. A atividade marca o in\u00edcio da temporada de Artes Pl\u00e1sticas 2022, sendo a primeira das seis mostras selecionadas pelo&nbsp;<a rel=\"noreferrer noopener\" href=\"https:\/\/cultura.jundiai.sp.gov.br\/wp-content\/uploads\/2022\/02\/EDITAL-GALERIA-FERNANDA-PERRACINI-2022.pdf\" target=\"_blank\">edital&nbsp;<\/a>lan\u00e7ado pela Unidade de Gest\u00e3o de Cultura (UGC) para serem realizadas naquele espa\u00e7o cultural.<\/p>\n\n\n\n<figure class=\"wp-block-image\"><img decoding=\"async\" src=\"https:\/\/jundiai.sp.gov.br\/noticias\/wp-content\/uploads\/sites\/32\/2022\/06\/exposicao-condicoes-da-materia-na-galeria-polytheama_f_-49.jpg\" alt=\"\" class=\"wp-image-294330\" \/><figcaption>Vernissage aberta na noite de segunda-feira (06) marca retomada de exposi\u00e7\u00f5es no espa\u00e7o localizado no Teatro Polytheama<\/figcaption><\/figure>\n\n\n\n<p>Composta por 26 obras, \u201cCondi\u00e7\u00f5es da Mat\u00e9ria\u201d apresenta uma diversidade de produ\u00e7\u00f5es, evidenciando quest\u00f5es e inquieta\u00e7\u00f5es acerca de temas como corporeidade, peso, forma e mensura\u00e7\u00e3o. A mat\u00e9ria \u00e9 apresentada por meio de pequenas esculturas em argila, desde seu estado s\u00f3lido quando seco at\u00e9 o p\u00f3 que representa sua condi\u00e7\u00e3o mais vol\u00e1til.<\/p>\n\n\n\n<p>Al\u00e9m disso, Lucas Souza apresenta novos questionamentos que v\u00eam pesquisando em seus trabalhos, trazendo elementos de outras \u00e1reas para a concep\u00e7\u00e3o de novas obras. Ao utilizar ferramentas vindas da engenharia\/arquitetura como n\u00edveis, prumos e papel milimetrado, o artista cria certo tensionamento entre mat\u00e9ria e mensura\u00e7\u00e3o.<\/p>\n\n\n\n<p>\u201cCondi\u00e7\u00f5es da Mat\u00e9ria\u201d, poder\u00e1 ser visitada pelo p\u00fablico a partir de amanh\u00e3, dia 07, ter\u00e7a-feira at\u00e9 o dia 05 de julho. Com entrada gratuita, o hor\u00e1rio de visita\u00e7\u00e3o ser\u00e1 de ter\u00e7a a sexta-feira, das 9h \u00e0s 12h e das 13h \u00e0s 17h. Aos s\u00e1bados das 10h \u00e0s 13h. A Galeria de Artes fica anexa ao Polytheama, na rua Bar\u00e3o de Jundia\u00ed, 176, Centro. Mais informa\u00e7\u00f5es pelo telefone 4586.2472 ou pelo e-mail agendateatro@jundiai.sp.gov.br.<\/p>\n\n\n\n<figure class=\"wp-block-image\"><img decoding=\"async\" src=\"https:\/\/jundiai.sp.gov.br\/noticias\/wp-content\/uploads\/sites\/32\/2022\/06\/exposicao-condicoes-da-materia-na-galeria-polytheama_f_-20.jpg\" alt=\"\" class=\"wp-image-294331\" \/><figcaption>\u201cCondi\u00e7\u00f5es da Mat\u00e9ria\u201d, do artista Lucas Souza, permanece aberta para visita\u00e7\u00e3o at\u00e9 o dia 05 de julho<\/figcaption><\/figure>\n\n\n\n<p><strong><em>(Fonte\/Imagem: Prefeitura de Jundia\u00ed )<\/em><\/strong><\/p>\n","protected":false},"excerpt":{"rendered":"<p>\u201cCondi\u00e7\u00f5es da Mat\u00e9ria\u201d, do artista Lucas Souza, permanece aberta para visita\u00e7\u00e3o at\u00e9 o dia 05 de julho.<\/p>\n","protected":false},"author":27,"featured_media":94099,"comment_status":"closed","ping_status":"closed","sticky":false,"template":"","format":"standard","meta":{"footnotes":""},"categories":[2833,8356],"tags":[],"class_list":["post-94098","post","type-post","status-publish","format-standard","has-post-thumbnail","hentry","category-cultura","category-jundiai"],"_links":{"self":[{"href":"https:\/\/tvtecjundiai.com.br\/news\/wp-json\/wp\/v2\/posts\/94098","targetHints":{"allow":["GET"]}}],"collection":[{"href":"https:\/\/tvtecjundiai.com.br\/news\/wp-json\/wp\/v2\/posts"}],"about":[{"href":"https:\/\/tvtecjundiai.com.br\/news\/wp-json\/wp\/v2\/types\/post"}],"author":[{"embeddable":true,"href":"https:\/\/tvtecjundiai.com.br\/news\/wp-json\/wp\/v2\/users\/27"}],"replies":[{"embeddable":true,"href":"https:\/\/tvtecjundiai.com.br\/news\/wp-json\/wp\/v2\/comments?post=94098"}],"version-history":[{"count":2,"href":"https:\/\/tvtecjundiai.com.br\/news\/wp-json\/wp\/v2\/posts\/94098\/revisions"}],"predecessor-version":[{"id":94101,"href":"https:\/\/tvtecjundiai.com.br\/news\/wp-json\/wp\/v2\/posts\/94098\/revisions\/94101"}],"wp:featuredmedia":[{"embeddable":true,"href":"https:\/\/tvtecjundiai.com.br\/news\/wp-json\/wp\/v2\/media\/94099"}],"wp:attachment":[{"href":"https:\/\/tvtecjundiai.com.br\/news\/wp-json\/wp\/v2\/media?parent=94098"}],"wp:term":[{"taxonomy":"category","embeddable":true,"href":"https:\/\/tvtecjundiai.com.br\/news\/wp-json\/wp\/v2\/categories?post=94098"},{"taxonomy":"post_tag","embeddable":true,"href":"https:\/\/tvtecjundiai.com.br\/news\/wp-json\/wp\/v2\/tags?post=94098"}],"curies":[{"name":"wp","href":"https:\/\/api.w.org\/{rel}","templated":true}]}}