{"id":94135,"date":"2022-06-08T10:27:19","date_gmt":"2022-06-08T13:27:19","guid":{"rendered":"https:\/\/tvtecjundiai.com.br\/news\/?p=94135"},"modified":"2022-06-08T10:27:20","modified_gmt":"2022-06-08T13:27:20","slug":"programacao-dos-festejos-juninos-sera-retomada-nesta-quinta-feira-09","status":"publish","type":"post","link":"https:\/\/tvtecjundiai.com.br\/news\/2022\/06\/08\/programacao-dos-festejos-juninos-sera-retomada-nesta-quinta-feira-09\/","title":{"rendered":"Programa\u00e7\u00e3o dos Festejos Juninos ser\u00e1 retomada nesta quinta-feira (09)"},"content":{"rendered":"\n<p>A partir das 16h desta quinta-feira (09), o p\u00fablico poder\u00e1 acompanhar a retomada da programa\u00e7\u00e3o dos&nbsp;<a rel=\"noreferrer noopener\" href=\"https:\/\/cultura.jundiai.sp.gov.br\/festejosjuninos\/\" target=\"_blank\">Festejos Juninos na Pra\u00e7a Marechal Floriano Peixoto, a Pra\u00e7a do Coreto<\/a>. Com atra\u00e7\u00f5es culturais gratuitas, barracas com comidas, bebidas e brincadeiras, os Festejos s\u00e3o uma iniciativa da Unidade de Gest\u00e3o de Cultura (UGC), com apoio do Fundo Social de Solidariedade e da Unidade de Gest\u00e3o de Agroneg\u00f3cio, Abastecimento e Turismo (UGAAT).<\/p>\n\n\n\n<p>Al\u00e9m da quadrilha, o p\u00fablico que comparecer no Centro na noite dessa quinta vai acompanhar os shows de Marcelo Gut, com os sucessos do sertanejo cl\u00e1ssico, a partir das 17h. Na sequ\u00eancia, apresentando um repert\u00f3rio de sertanejo raiz, a dupla Luis Carreiro &amp; Geovanne, mais banda comandam o palco at\u00e9 as 20h. O \u00faltimo show da noite ser\u00e1 de Karla Mantovanni &amp; Banda,com os sucessos do sertanejo, para o p\u00fablico cantar junto e dan\u00e7ar at\u00e9 as 22h.<\/p>\n\n\n<div class=\"wp-block-image\">\n<figure class=\"aligncenter size-full\"><img loading=\"lazy\" decoding=\"async\" width=\"1160\" height=\"775\" src=\"https:\/\/tvtecjundiai.com.br\/news\/wp-content\/uploads\/sites\/2\/2022\/06\/Festa_Junina-jundiai.jpg\" alt=\"\" class=\"wp-image-94136\" srcset=\"https:\/\/tvtecjundiai.com.br\/news\/wp-content\/uploads\/sites\/2\/2022\/06\/Festa_Junina-jundiai.jpg 1160w, https:\/\/tvtecjundiai.com.br\/news\/wp-content\/uploads\/sites\/2\/2022\/06\/Festa_Junina-jundiai-300x200.jpg 300w, https:\/\/tvtecjundiai.com.br\/news\/wp-content\/uploads\/sites\/2\/2022\/06\/Festa_Junina-jundiai-768x513.jpg 768w\" sizes=\"auto, (max-width: 1160px) 100vw, 1160px\" \/><\/figure>\n<\/div>\n\n\n<p><strong><a href=\"https:\/\/cultura.jundiai.sp.gov.br\/festejosjuninos\/\" target=\"_blank\" rel=\"noreferrer noopener\">CONFIRA A PROGRAMA\u00c7\u00c3O COMPLETA DOS FESTEJOS JUNINOS<\/a><\/strong><\/p>\n\n\n\n<p>Tamb\u00e9m se re\u00fanem na pra\u00e7a as barracas das tradicionais brincadeiras, do artesanato com os artistas do programa Jundia\u00ed Feito \u00e0 M\u00e3o &#8211; onde \u00e9 poss\u00edvel conhecer e comprar o artesanato tem\u00e1tico -, e as da gastronomia junina, onde o p\u00fablico encontrar\u00e1 pastel, hamb\u00farguer, salgadinhos fritos, espetinhos, lanches, cachorro quente, churrasco grego, tapioca doces e salgadas, milho, pamonha, curau, churros, cocadas, doce de leite e espeto de morango com chocolate, al\u00e9m de refrigerantes, \u00e1gua, cerveja, quent\u00e3o e vinho quente.<\/p>\n\n\n\n<p>A programa\u00e7\u00e3o dos Festejos Juninos prossegue na sexta (10) e no s\u00e1bado (11) com mais quadrilhas, m\u00fasicas t\u00edpicas, m\u00fasica nordestina, country americano, sertanejo raiz e cl\u00e1ssico, forr\u00f3 e folk. O hor\u00e1rio dos shows e funcionamento das barracas est\u00e1 assim definido: quinta e sexta-feira, das 16h \u00e0s 22h. E no s\u00e1bado, das 11h \u00e0s 19h.<\/p>\n\n\n\n<p><em><strong>(Fonte\/Imagem: Prefeitura de Jundia\u00ed)<\/strong><\/em><\/p>\n","protected":false},"excerpt":{"rendered":"<p>Visitantes encontrar\u00e3o barracas de brincadeiras, artesanato e comidas t\u00edpicas juninas<\/p>\n","protected":false},"author":30,"featured_media":94136,"comment_status":"closed","ping_status":"closed","sticky":false,"template":"","format":"standard","meta":{"footnotes":""},"categories":[2833,8356,8354,1],"tags":[],"class_list":["post-94135","post","type-post","status-publish","format-standard","has-post-thumbnail","hentry","category-cultura","category-jundiai","category-lazer","category-noticias"],"_links":{"self":[{"href":"https:\/\/tvtecjundiai.com.br\/news\/wp-json\/wp\/v2\/posts\/94135","targetHints":{"allow":["GET"]}}],"collection":[{"href":"https:\/\/tvtecjundiai.com.br\/news\/wp-json\/wp\/v2\/posts"}],"about":[{"href":"https:\/\/tvtecjundiai.com.br\/news\/wp-json\/wp\/v2\/types\/post"}],"author":[{"embeddable":true,"href":"https:\/\/tvtecjundiai.com.br\/news\/wp-json\/wp\/v2\/users\/30"}],"replies":[{"embeddable":true,"href":"https:\/\/tvtecjundiai.com.br\/news\/wp-json\/wp\/v2\/comments?post=94135"}],"version-history":[{"count":1,"href":"https:\/\/tvtecjundiai.com.br\/news\/wp-json\/wp\/v2\/posts\/94135\/revisions"}],"predecessor-version":[{"id":94137,"href":"https:\/\/tvtecjundiai.com.br\/news\/wp-json\/wp\/v2\/posts\/94135\/revisions\/94137"}],"wp:featuredmedia":[{"embeddable":true,"href":"https:\/\/tvtecjundiai.com.br\/news\/wp-json\/wp\/v2\/media\/94136"}],"wp:attachment":[{"href":"https:\/\/tvtecjundiai.com.br\/news\/wp-json\/wp\/v2\/media?parent=94135"}],"wp:term":[{"taxonomy":"category","embeddable":true,"href":"https:\/\/tvtecjundiai.com.br\/news\/wp-json\/wp\/v2\/categories?post=94135"},{"taxonomy":"post_tag","embeddable":true,"href":"https:\/\/tvtecjundiai.com.br\/news\/wp-json\/wp\/v2\/tags?post=94135"}],"curies":[{"name":"wp","href":"https:\/\/api.w.org\/{rel}","templated":true}]}}