{"id":94138,"date":"2022-06-08T11:11:22","date_gmt":"2022-06-08T14:11:22","guid":{"rendered":"https:\/\/tvtecjundiai.com.br\/news\/?p=94138"},"modified":"2022-06-08T11:11:32","modified_gmt":"2022-06-08T14:11:32","slug":"festival-de-teatro-de-jundiai-festeju-movimenta-complexo-fepasa-a-partir-de-quinta-09","status":"publish","type":"post","link":"https:\/\/tvtecjundiai.com.br\/news\/2022\/06\/08\/festival-de-teatro-de-jundiai-festeju-movimenta-complexo-fepasa-a-partir-de-quinta-09\/","title":{"rendered":"Festival de Teatro de Jundia\u00ed (FESTEJU) movimenta Complexo Fepasa a partir de quinta (09)"},"content":{"rendered":"\n<p>Com a apresenta\u00e7\u00e3o da Cia. de Dan\u00e7a e Teatro JK, da cidade de Santa B\u00e1rbara d\u2019Oeste, com a pe\u00e7a \u201c O Livro Perdido \u2013 A Rel\u00edquia da Humanidade\u201d, no palco da Sala Jundia\u00ed, no\u00a0Complexo Fepasa, ser\u00e1 retomada nesta quinta-feira (09), \u00e0s 19h30, as apresenta\u00e7\u00f5es dos espet\u00e1culos concorrentes na categoria Cena Amadora, do\u00a0<a href=\"https:\/\/cultura.jundiai.sp.gov.br\/festeju\/\">Festival de Teatro de Jundia\u00ed \u2013 FESTEJU<\/a>, uma realiza\u00e7\u00e3o da Unidade de Gest\u00e3o de Cultura, que chega a sua sexta edi\u00e7\u00e3o com apresenta\u00e7\u00f5es presenciais gratuitas de 20 espet\u00e1culos.<\/p>\n\n\n\n<p>\u201cO Livro Perdido \u2013 A Rel\u00edquia da Humanidade\u201d \u00e9 um espet\u00e1culo com classifica\u00e7\u00e3o para 12 anos, e trata sobre uma sociedade dist\u00f3pica, em um universo p\u00f3s-apocal\u00edptico, onde a liberdade de express\u00e3o \u00e9 uma recorda\u00e7\u00e3o distante, onde um pequeno grupo de amigos insiste em manter reuni\u00f5es clandestinas com o objetivo de continuar a exercer o direito de pensar livremente.<\/p>\n\n\n\n<figure class=\"wp-block-image size-large\"><img loading=\"lazy\" decoding=\"async\" width=\"1200\" height=\"801\" src=\"https:\/\/tvtecjundiai.com.br\/news\/wp-content\/uploads\/sites\/2\/2022\/06\/festeju_polytheama-170-1200x801.jpg\" alt=\"\" class=\"wp-image-94139\" srcset=\"https:\/\/tvtecjundiai.com.br\/news\/wp-content\/uploads\/sites\/2\/2022\/06\/festeju_polytheama-170-1200x801.jpg 1200w, https:\/\/tvtecjundiai.com.br\/news\/wp-content\/uploads\/sites\/2\/2022\/06\/festeju_polytheama-170-300x200.jpg 300w, https:\/\/tvtecjundiai.com.br\/news\/wp-content\/uploads\/sites\/2\/2022\/06\/festeju_polytheama-170-768x512.jpg 768w, https:\/\/tvtecjundiai.com.br\/news\/wp-content\/uploads\/sites\/2\/2022\/06\/festeju_polytheama-170.jpg 1280w\" sizes=\"auto, (max-width: 1200px) 100vw, 1200px\" \/><\/figure>\n\n\n\n<p>Pela&nbsp;<a href=\"https:\/\/cultura.jundiai.sp.gov.br\/festeju\/cena-amadora\/\">Cena Amadora<\/a>, as apresenta\u00e7\u00f5es v\u00e3o at\u00e9 15 de junho, na Sala Jundia\u00ed do Complexo Fepasa (avenida Uni\u00e3o dos Ferrovi\u00e1rios, 1760), que tem capacidade para 180 pessoas. As entradas s\u00e3o gratuitas e ser\u00e3o por ordem de chegada, sem distribui\u00e7\u00e3o pr\u00e9via de ingressos.<\/p>\n\n\n\n<p><strong><a href=\"https:\/\/cultura.jundiai.sp.gov.br\/festeju\/\" target=\"_blank\" rel=\"noreferrer noopener\">CONFIRA A PROGRAMA\u00c7\u00c3O COMPLETA DO FESTEJU<\/a><\/strong><\/p>\n\n\n\n<p>As apresenta\u00e7\u00f5es no Complexo Fepasa est\u00e3o assim programadas: Na sexta-feira (10), \u00e0s 19h30, o grupo Atuar\u00e1 Escola de Teatro apresenta \u201cO Or\u00e1culo\u201d. J\u00e1 no s\u00e1bado (11), \u00e0s 19h, a Cia. de Teatro Techniatto traz \u201cN\u00e3o Deixe o Teatro Morrer\u201d. No domingo (12), \u00e0s 19h, o Grup\u00e3o Especial Cia. de Arte e Teatro apresenta \u201cChapeuzinho Nordestina, Mul\u00e9 Macho Sim Sinh\u00f4!\u201d. Na segunda-feira (13), \u00e0s 19h30, Coletivo Narciso apresenta \u201cNarrativas Despretensiosas e N\u00e3o-Governamentais\u201d. E para fechar a programa\u00e7\u00e3o, na ter\u00e7a-feira (14), \u00e0s 19h30, a Cia. F\u00eanix apresenta \u201cA Vida Pra\u00e7a\u201d.<\/p>\n\n\n\n<p>A premia\u00e7\u00e3o da Cena Amadora ser\u00e1 na quinta-feira (16), \u00e0s 19h30, no\u00a0Teatro Polytheama, ap\u00f3s o espet\u00e1culo da Cena Profissional programado para a noite.<\/p>\n\n\n\n<figure class=\"wp-block-image size-large\"><img loading=\"lazy\" decoding=\"async\" width=\"1200\" height=\"745\" src=\"https:\/\/tvtecjundiai.com.br\/news\/wp-content\/uploads\/sites\/2\/2022\/06\/3_festeju_sonho_de_uma_noite_de_verao_complexo_fepasa-288-1-1200x745.jpg\" alt=\"\" class=\"wp-image-94140\" srcset=\"https:\/\/tvtecjundiai.com.br\/news\/wp-content\/uploads\/sites\/2\/2022\/06\/3_festeju_sonho_de_uma_noite_de_verao_complexo_fepasa-288-1-1200x745.jpg 1200w, https:\/\/tvtecjundiai.com.br\/news\/wp-content\/uploads\/sites\/2\/2022\/06\/3_festeju_sonho_de_uma_noite_de_verao_complexo_fepasa-288-1-300x186.jpg 300w, https:\/\/tvtecjundiai.com.br\/news\/wp-content\/uploads\/sites\/2\/2022\/06\/3_festeju_sonho_de_uma_noite_de_verao_complexo_fepasa-288-1-768x477.jpg 768w, https:\/\/tvtecjundiai.com.br\/news\/wp-content\/uploads\/sites\/2\/2022\/06\/3_festeju_sonho_de_uma_noite_de_verao_complexo_fepasa-288-1.jpg 1280w\" sizes=\"auto, (max-width: 1200px) 100vw, 1200px\" \/><\/figure>\n\n\n\n<p><strong>Cena Profissional<\/strong><\/p>\n\n\n\n<p>J\u00e1 pela\u00a0<a href=\"https:\/\/cultura.jundiai.sp.gov.br\/festeju\/cena-profissional\/\">Cena Profissional<\/a>, as dez apresenta\u00e7\u00f5es selecionadas ser\u00e3o apresentadas de 16 a 25 de junho, no Polytheama (Rua Bar\u00e3o de Jundia\u00ed, 176, Centro) e na Pra\u00e7a do Coreto.<\/p>\n\n\n\n<p>Para assistir aos espet\u00e1culos no teatro, os ingressos gratuitos ser\u00e3o disponibilizados a partir das 10h30 no dia da apresenta\u00e7\u00e3o. No Teatro a programa\u00e7\u00e3o traz \u201cQuantos outros cabem em um menino\u201d, com Companhia do Acaso, na quinta-feira (16), \u00e0s 17h; \u201cE.L.A\u201d, com o grupo J\u00e9ssica Teixeira, na sexta-feira (17), \u00e0s 19h30; \u201cO menino de Lugar Nenhum\u201d, do grupo Teatro de Panela, no s\u00e1bado (18), \u00e0s 17h; \u201cQuando eu morrer, vou contar tudo a Deus\u201d, com o grupo O Bonde, no domingo (19), \u00e0s 17h; \u201cAlma Boa \u2013 Uma Par\u00e1bola Chinesa\u201d, com a Cia. Histri\u00f4nica de Teatro, na ter\u00e7a-feira (21), \u00e0s 19h30; \u201cWWW para Freedom\u201d, com o grupo Barrac\u00e3o Teatro, na quinta-feira (23), \u00e0s 19h30; \u201cINHA\u00cd \u2013 Coisa de Viado\u201d, do Coletivo Inomin\u00e1vel, na sexta-feira (24), \u00e0s 19h30; e \u201cThe Bichos\u201d, com o grupo Teatro D\u2019Aldeia, no s\u00e1bado (25), \u00e0s 17h.<\/p>\n\n\n\n<p>J\u00e1 na Pra\u00e7a do Coreto a programa\u00e7\u00e3o traz \u201cAconteceu no Brasil enquanto o \u00f4nibus n\u00e3o vem\u201d, com o Grupo Arte da Com\u00e9dia, na ter\u00e7a-feira (21), \u00e0s 15h; e \u201cEntr\u018e\u201d, com a Cia. PlastikOn\u00edrica, no s\u00e1bado (25), \u00e0s 11h.<\/p>\n\n\n\n<p>Al\u00e9m das apresenta\u00e7\u00f5es gratuitas, a programa\u00e7\u00e3o deste ano traz tamb\u00e9m, no Polytheama, de duas rodas de conversas com profissionais renomados, na segunda (20) e quarta-feira (22), \u00e0s 19h30; e um espet\u00e1culo convidado para encerrar a programa\u00e7\u00e3o no domingo (26), \u00e0s 19h.<\/p>\n\n\n\n<p><strong><em>(Fonte: Prefeitura de Jundia\u00ed<strong><em>\/Imagens:<\/em><\/strong><\/em><\/strong><em><strong> Prefeitura de Jundia\u00ed e Divulga\u00e7\u00e3o<\/strong><\/em><strong><em>)<\/em><\/strong><\/p>\n","protected":false},"excerpt":{"rendered":"<p>As entradas s\u00e3o gratuitas e por ordem de chegada, sem distribui\u00e7\u00e3o pr\u00e9via de ingressos<\/p>\n","protected":false},"author":30,"featured_media":94139,"comment_status":"closed","ping_status":"closed","sticky":false,"template":"","format":"standard","meta":{"footnotes":""},"categories":[2833,8356,8354,1],"tags":[],"class_list":["post-94138","post","type-post","status-publish","format-standard","has-post-thumbnail","hentry","category-cultura","category-jundiai","category-lazer","category-noticias"],"_links":{"self":[{"href":"https:\/\/tvtecjundiai.com.br\/news\/wp-json\/wp\/v2\/posts\/94138","targetHints":{"allow":["GET"]}}],"collection":[{"href":"https:\/\/tvtecjundiai.com.br\/news\/wp-json\/wp\/v2\/posts"}],"about":[{"href":"https:\/\/tvtecjundiai.com.br\/news\/wp-json\/wp\/v2\/types\/post"}],"author":[{"embeddable":true,"href":"https:\/\/tvtecjundiai.com.br\/news\/wp-json\/wp\/v2\/users\/30"}],"replies":[{"embeddable":true,"href":"https:\/\/tvtecjundiai.com.br\/news\/wp-json\/wp\/v2\/comments?post=94138"}],"version-history":[{"count":2,"href":"https:\/\/tvtecjundiai.com.br\/news\/wp-json\/wp\/v2\/posts\/94138\/revisions"}],"predecessor-version":[{"id":94142,"href":"https:\/\/tvtecjundiai.com.br\/news\/wp-json\/wp\/v2\/posts\/94138\/revisions\/94142"}],"wp:featuredmedia":[{"embeddable":true,"href":"https:\/\/tvtecjundiai.com.br\/news\/wp-json\/wp\/v2\/media\/94139"}],"wp:attachment":[{"href":"https:\/\/tvtecjundiai.com.br\/news\/wp-json\/wp\/v2\/media?parent=94138"}],"wp:term":[{"taxonomy":"category","embeddable":true,"href":"https:\/\/tvtecjundiai.com.br\/news\/wp-json\/wp\/v2\/categories?post=94138"},{"taxonomy":"post_tag","embeddable":true,"href":"https:\/\/tvtecjundiai.com.br\/news\/wp-json\/wp\/v2\/tags?post=94138"}],"curies":[{"name":"wp","href":"https:\/\/api.w.org\/{rel}","templated":true}]}}