{"id":94146,"date":"2022-06-08T14:18:44","date_gmt":"2022-06-08T17:18:44","guid":{"rendered":"https:\/\/tvtecjundiai.com.br\/news\/?p=94146"},"modified":"2022-06-08T14:18:51","modified_gmt":"2022-06-08T17:18:51","slug":"encontro-com-artistas-reafirma-compromisso-de-jundiai-com-a-classe-artistica","status":"publish","type":"post","link":"https:\/\/tvtecjundiai.com.br\/news\/2022\/06\/08\/encontro-com-artistas-reafirma-compromisso-de-jundiai-com-a-classe-artistica\/","title":{"rendered":"\u201cEncontro com Artistas\u201d reafirma compromisso de Jundia\u00ed com a classe art\u00edstica"},"content":{"rendered":"\n<p>O \u201cEncontro com Artistas\u201d promovido pela Unidade de Gest\u00e3o de Cultura (UGC), na noite da \u00faltima ter\u00e7a-feira (07), reafirmou o compromisso da administra\u00e7\u00e3o Luiz Fernando com a classe art\u00edstica de Jundia\u00ed, que \u00e9 a de fomentar a\u00e7\u00f5es que venham a dar visibilidade para a produ\u00e7\u00e3o cultural do munic\u00edpio em suas diferentes linguagens, bem como abrir espa\u00e7os e realizar a\u00e7\u00f5es onde o artista possa estar mais pr\u00f3ximo do p\u00fablico.<\/p>\n\n\n\n<p>Sob o comando do gestor de Cultura, Marcelo Peroni, o \u201cEncontro com Artistas\u201d, realizado na sede da UGC, no Complexo Fepasa, contou com a participa\u00e7\u00e3o de cerca de 60 artistas, dos mais diferentes segmentos, que acompanharam a apresenta\u00e7\u00e3o de tr\u00eas temas: elei\u00e7\u00f5es do Conselho Municipal de Pol\u00edtica Cultural (CMPC), marcada para dia 06 de julho; os futuros lan\u00e7amentos de editais para o segundo semestre e o novo cadastro de artistas.<\/p>\n\n\n\n<figure class=\"wp-block-image size-large\"><img loading=\"lazy\" decoding=\"async\" width=\"1200\" height=\"872\" src=\"https:\/\/tvtecjundiai.com.br\/news\/wp-content\/uploads\/sites\/2\/2022\/06\/encontro-artistas-2-1200x872.jpeg\" alt=\"\" class=\"wp-image-94147\" srcset=\"https:\/\/tvtecjundiai.com.br\/news\/wp-content\/uploads\/sites\/2\/2022\/06\/encontro-artistas-2-1200x872.jpeg 1200w, https:\/\/tvtecjundiai.com.br\/news\/wp-content\/uploads\/sites\/2\/2022\/06\/encontro-artistas-2-300x218.jpeg 300w, https:\/\/tvtecjundiai.com.br\/news\/wp-content\/uploads\/sites\/2\/2022\/06\/encontro-artistas-2-768x558.jpeg 768w, https:\/\/tvtecjundiai.com.br\/news\/wp-content\/uploads\/sites\/2\/2022\/06\/encontro-artistas-2.jpeg 1280w\" sizes=\"auto, (max-width: 1200px) 100vw, 1200px\" \/><figcaption>Encontro realizado na noite de ter\u00e7a-feira (07)<\/figcaption><\/figure>\n\n\n\n<p>Para Peroni, o encontro foi bastante produtivo. \u201cTivemos a oportunidade de mostrar a import\u00e2ncia da participa\u00e7\u00e3o da classe art\u00edstica no CMPC, com todos os segmentos representados e contribuindo para o fortalecimento da Cultura no munic\u00edpio no bi\u00eanio 2022\/2024. Abordamos os editais como o CulturaMais, j\u00e1 em andamento para as contrata\u00e7\u00f5es da Cultura e os novos editais que ser\u00e3o lan\u00e7ados, uma oportunidade para que artistas de Jundia\u00ed e regi\u00e3o apresentem seus projetos. E, por fim, o novo Cadastro de Artistas, desenvolvido em parceria com a Companhia de Inform\u00e1tica de Jundia\u00ed (Cijun), ferramenta online que servir\u00e1 de banco de dados, para as futuras contrata em fase final de testes\u201d, concluiu.<\/p>\n\n\n\n<p><em><strong>(Fonte\/Imagem: Prefeitura de Jundia\u00ed)<\/strong><\/em><\/p>\n","protected":false},"excerpt":{"rendered":"<p>Cerca de 60 artistas dos mais diferentes segmentos acompanharam o encontro desta ter\u00e7a-feira (07)<\/p>\n","protected":false},"author":30,"featured_media":94147,"comment_status":"closed","ping_status":"closed","sticky":false,"template":"","format":"standard","meta":{"footnotes":""},"categories":[2833,8356,1],"tags":[],"class_list":["post-94146","post","type-post","status-publish","format-standard","has-post-thumbnail","hentry","category-cultura","category-jundiai","category-noticias"],"_links":{"self":[{"href":"https:\/\/tvtecjundiai.com.br\/news\/wp-json\/wp\/v2\/posts\/94146","targetHints":{"allow":["GET"]}}],"collection":[{"href":"https:\/\/tvtecjundiai.com.br\/news\/wp-json\/wp\/v2\/posts"}],"about":[{"href":"https:\/\/tvtecjundiai.com.br\/news\/wp-json\/wp\/v2\/types\/post"}],"author":[{"embeddable":true,"href":"https:\/\/tvtecjundiai.com.br\/news\/wp-json\/wp\/v2\/users\/30"}],"replies":[{"embeddable":true,"href":"https:\/\/tvtecjundiai.com.br\/news\/wp-json\/wp\/v2\/comments?post=94146"}],"version-history":[{"count":1,"href":"https:\/\/tvtecjundiai.com.br\/news\/wp-json\/wp\/v2\/posts\/94146\/revisions"}],"predecessor-version":[{"id":94148,"href":"https:\/\/tvtecjundiai.com.br\/news\/wp-json\/wp\/v2\/posts\/94146\/revisions\/94148"}],"wp:featuredmedia":[{"embeddable":true,"href":"https:\/\/tvtecjundiai.com.br\/news\/wp-json\/wp\/v2\/media\/94147"}],"wp:attachment":[{"href":"https:\/\/tvtecjundiai.com.br\/news\/wp-json\/wp\/v2\/media?parent=94146"}],"wp:term":[{"taxonomy":"category","embeddable":true,"href":"https:\/\/tvtecjundiai.com.br\/news\/wp-json\/wp\/v2\/categories?post=94146"},{"taxonomy":"post_tag","embeddable":true,"href":"https:\/\/tvtecjundiai.com.br\/news\/wp-json\/wp\/v2\/tags?post=94146"}],"curies":[{"name":"wp","href":"https:\/\/api.w.org\/{rel}","templated":true}]}}