{"id":94190,"date":"2022-06-09T11:27:43","date_gmt":"2022-06-09T14:27:43","guid":{"rendered":"https:\/\/tvtecjundiai.com.br\/news\/?p=94190"},"modified":"2022-06-09T11:27:48","modified_gmt":"2022-06-09T14:27:48","slug":"fabrica-das-infancias-japy-tem-contacao-de-historia-e-oficina-de-cenarios-em-miniatura-neste-fim-de-semana","status":"publish","type":"post","link":"https:\/\/tvtecjundiai.com.br\/news\/2022\/06\/09\/fabrica-das-infancias-japy-tem-contacao-de-historia-e-oficina-de-cenarios-em-miniatura-neste-fim-de-semana\/","title":{"rendered":"F\u00e1brica das Inf\u00e2ncias Japy tem conta\u00e7\u00e3o de hist\u00f3ria e oficina de cen\u00e1rios em miniatura neste fim de semana"},"content":{"rendered":"\n<p>A\u00a0<a rel=\"noreferrer noopener\" href=\"https:\/\/cultura.jundiai.sp.gov.br\/espacos-culturais\/fabrica-das-infancias-japy\/\" target=\"_blank\">F\u00e1brica das Inf\u00e2ncias Japy<\/a>\u00a0recebe neste final de semana mais duas programa\u00e7\u00f5es culturais voltadas para o p\u00fablico infantojuvenil, promovida pela\u00a0<a rel=\"noreferrer noopener\" href=\"https:\/\/cultura.jundiai.sp.gov.br\/\" target=\"_blank\">Unidade de Gest\u00e3o de Cultura<\/a>\u00a0(UGC) pelo programa municipal\u00a0<a rel=\"noreferrer noopener\" href=\"https:\/\/cidadedascriancas.jundiai.sp.gov.br\/\" target=\"_blank\">Cidade das Crian\u00e7as<\/a>. As atra\u00e7\u00f5es t\u00eam entrada gratuita e s\u00e3o voltadas para crian\u00e7as de 7 a 11 anos.<\/p>\n\n\n\n<p>Neste s\u00e1bado (11), a partir das 10h30, a programa\u00e7\u00e3o fica por conta da Conta\u00e7\u00e3o de Hist\u00f3rias, com a atriz e contadora de hist\u00f3rias, Rosangela Torrezin, do Projeto T\u00e1 na Hora, com as hist\u00f3rias \u201cA r\u00e3 e o boi, O lobo e o cordeiro e O galo e a p\u00e9rola\u201d. A proposta da atriz que mistura na apresenta\u00e7\u00e3o, teatro e m\u00fasica, \u00e9 levar a garotada a descobrir junto com ela o que acontece quando uma r\u00e3 tenta ficar do tamanho de um boi? E quando um lobo v\u00ea o cordeiro bebendo a sua \u00e1gua? E quando um galo ranzinza encontra uma linda p\u00e9rola?<\/p>\n\n\n\n<p>J\u00e1 no domingo (12), tamb\u00e9m a partir das 10h30, a programa\u00e7\u00e3o ser\u00e1 aberta com a apresenta\u00e7\u00e3o do Coral Infantojuvenil Cidade das Crian\u00e7as, que \u00e9 um corpo art\u00edstico ligado \u00e0 UGC, que divulga a arte do canto coral atrav\u00e9s de um grupo de crian\u00e7as amadoras e volunt\u00e1rias, com idades entre oito e onze anos.<\/p>\n\n\n\n<p>Criado em 2019, como uma das iniciativas da Prefeitura como parte do programa Cidade das Crian\u00e7as, o coral tem como regente J\u00e9ssica Augusto Vieira, como pianista Sofia Prado e como coordenadora Vast\u00ed Atique, e que participa de diversas atividades da agenda cultural do munic\u00edpio.<\/p>\n\n\n\n<figure class=\"wp-block-image size-full\"><img loading=\"lazy\" decoding=\"async\" width=\"1200\" height=\"800\" src=\"https:\/\/tvtecjundiai.com.br\/news\/wp-content\/uploads\/sites\/2\/2022\/06\/coral_infantojuvenil_cidade_das_criancas_aniversario_365anos-6-1-1200x800-1.jpg\" alt=\"\" class=\"wp-image-94191\" srcset=\"https:\/\/tvtecjundiai.com.br\/news\/wp-content\/uploads\/sites\/2\/2022\/06\/coral_infantojuvenil_cidade_das_criancas_aniversario_365anos-6-1-1200x800-1.jpg 1200w, https:\/\/tvtecjundiai.com.br\/news\/wp-content\/uploads\/sites\/2\/2022\/06\/coral_infantojuvenil_cidade_das_criancas_aniversario_365anos-6-1-1200x800-1-300x200.jpg 300w, https:\/\/tvtecjundiai.com.br\/news\/wp-content\/uploads\/sites\/2\/2022\/06\/coral_infantojuvenil_cidade_das_criancas_aniversario_365anos-6-1-1200x800-1-768x512.jpg 768w\" sizes=\"auto, (max-width: 1200px) 100vw, 1200px\" \/><figcaption>O Coral Infantojuvenil Cidade das Crian\u00e7as faz uma apresenta\u00e7\u00e3o no domingo (12)<\/figcaption><\/figure>\n\n\n\n<p>Na sequ\u00eancia, a artista pl\u00e1stica Giovanna Vasconcelos (GIKA) comanda uma oficina\/workshop de \u201cCen\u00e1rios em miniaturas com recicl\u00e1veis\u2019\u2019, usando diversas t\u00e9cnicas de pintura, escultura, colagem, desenho e materiais reciclados de todo tipo proporcionando um total envolvimento da crian\u00e7a na atividade, ao mesmo tempo em que desperta a sua criatividade, a identidade visual e a sustentabilidade para construir o cen\u00e1rio tendo como base, uma caixa de papel\u00e3o de tamanhos variados.<\/p>\n\n\n\n<figure class=\"wp-block-image size-large\"><img loading=\"lazy\" decoding=\"async\" width=\"1200\" height=\"568\" src=\"https:\/\/tvtecjundiai.com.br\/news\/wp-content\/uploads\/sites\/2\/2022\/06\/whatsapp-image-2022-03-31-at-16-04-19-1-1200x568.jpeg\" alt=\"\" class=\"wp-image-94192\" srcset=\"https:\/\/tvtecjundiai.com.br\/news\/wp-content\/uploads\/sites\/2\/2022\/06\/whatsapp-image-2022-03-31-at-16-04-19-1-1200x568.jpeg 1200w, https:\/\/tvtecjundiai.com.br\/news\/wp-content\/uploads\/sites\/2\/2022\/06\/whatsapp-image-2022-03-31-at-16-04-19-1-300x142.jpeg 300w, https:\/\/tvtecjundiai.com.br\/news\/wp-content\/uploads\/sites\/2\/2022\/06\/whatsapp-image-2022-03-31-at-16-04-19-1-768x364.jpeg 768w, https:\/\/tvtecjundiai.com.br\/news\/wp-content\/uploads\/sites\/2\/2022\/06\/whatsapp-image-2022-03-31-at-16-04-19-1.jpeg 1280w\" sizes=\"auto, (max-width: 1200px) 100vw, 1200px\" \/><figcaption>Oficina\/Workshop vai usar material reciclado para confeccionar as miniaturas<\/figcaption><\/figure>\n\n\n\n<p>A F\u00e1brica das Inf\u00e2ncias Japy \u00e9 ligada \u00e0 UGC e, al\u00e9m de sede oficial do Comit\u00ea das Crian\u00e7as, \u00e9 um novo espa\u00e7o voltado para a experimenta\u00e7\u00e3o art\u00edstica, formativa, criativa e reflexiva sobre as brincadeiras e as inf\u00e2ncias.<\/p>\n\n\n\n<p>O equipamento cultural fica na rua Lacerda Franco, 175, Vila Arens, e funciona de ter\u00e7a a sexta-feira, das 9h \u00e0s 17h; e aos s\u00e1bados, domingos e feriados, das 9h \u00e0s 13h. A entrada de visitantes \u00e9 gratuita e permitida somente at\u00e9 30 minutos antes do hor\u00e1rio de fechamento. Mais informa\u00e7\u00f5es pelo telefone (11) 4521-0971.<\/p>\n\n\n\n<p><strong><em>(Fonte: Prefeitura de Jundia\u00ed\/Imagens: Prefeitura de Jundia\u00ed e Divulga\u00e7\u00e3o)<\/em><\/strong><\/p>\n","protected":false},"excerpt":{"rendered":"<p>As atra\u00e7\u00f5es t\u00eam entrada gratuita e s\u00e3o voltadas para crian\u00e7as de 7 a 11 anos<\/p>\n","protected":false},"author":30,"featured_media":94192,"comment_status":"closed","ping_status":"closed","sticky":false,"template":"","format":"standard","meta":{"footnotes":""},"categories":[2833,8356,8354,1],"tags":[],"class_list":["post-94190","post","type-post","status-publish","format-standard","has-post-thumbnail","hentry","category-cultura","category-jundiai","category-lazer","category-noticias"],"_links":{"self":[{"href":"https:\/\/tvtecjundiai.com.br\/news\/wp-json\/wp\/v2\/posts\/94190","targetHints":{"allow":["GET"]}}],"collection":[{"href":"https:\/\/tvtecjundiai.com.br\/news\/wp-json\/wp\/v2\/posts"}],"about":[{"href":"https:\/\/tvtecjundiai.com.br\/news\/wp-json\/wp\/v2\/types\/post"}],"author":[{"embeddable":true,"href":"https:\/\/tvtecjundiai.com.br\/news\/wp-json\/wp\/v2\/users\/30"}],"replies":[{"embeddable":true,"href":"https:\/\/tvtecjundiai.com.br\/news\/wp-json\/wp\/v2\/comments?post=94190"}],"version-history":[{"count":1,"href":"https:\/\/tvtecjundiai.com.br\/news\/wp-json\/wp\/v2\/posts\/94190\/revisions"}],"predecessor-version":[{"id":94193,"href":"https:\/\/tvtecjundiai.com.br\/news\/wp-json\/wp\/v2\/posts\/94190\/revisions\/94193"}],"wp:featuredmedia":[{"embeddable":true,"href":"https:\/\/tvtecjundiai.com.br\/news\/wp-json\/wp\/v2\/media\/94192"}],"wp:attachment":[{"href":"https:\/\/tvtecjundiai.com.br\/news\/wp-json\/wp\/v2\/media?parent=94190"}],"wp:term":[{"taxonomy":"category","embeddable":true,"href":"https:\/\/tvtecjundiai.com.br\/news\/wp-json\/wp\/v2\/categories?post=94190"},{"taxonomy":"post_tag","embeddable":true,"href":"https:\/\/tvtecjundiai.com.br\/news\/wp-json\/wp\/v2\/tags?post=94190"}],"curies":[{"name":"wp","href":"https:\/\/api.w.org\/{rel}","templated":true}]}}