{"id":94197,"date":"2022-06-09T11:54:40","date_gmt":"2022-06-09T14:54:40","guid":{"rendered":"https:\/\/tvtecjundiai.com.br\/news\/?p=94197"},"modified":"2022-06-09T11:54:45","modified_gmt":"2022-06-09T14:54:45","slug":"10a-edicao-da-ciclovia-musical-acontece-no-dia-26-de-junho-em-jundiai","status":"publish","type":"post","link":"https:\/\/tvtecjundiai.com.br\/news\/2022\/06\/09\/10a-edicao-da-ciclovia-musical-acontece-no-dia-26-de-junho-em-jundiai\/","title":{"rendered":"10\u00aa Edi\u00e7\u00e3o da Ciclovia Musical acontece no dia 26 de junho em Jundia\u00ed"},"content":{"rendered":"\n<p>Para comemorar a d\u00e9cima edi\u00e7\u00e3o da Ciclovia Musical, projeto que une roteiros de bicicleta com paradas para apresenta\u00e7\u00f5es musicais, desembarca em um dos cart\u00f5es postais de Jundia\u00ed, o Parque da Cidade. Com 500 mil m\u00b2 de extens\u00e3o de \u00e1rea verde, o parque \u00e9 uma das atra\u00e7\u00f5es preferidas da popula\u00e7\u00e3o e completa 18 anos de atividades.<\/p>\n\n\n\n<p>Ser\u00e1 a segunda vez que os ciclistas poder\u00e3o assistir aos concertos e os amantes da m\u00fasica poder\u00e3o pedalar com tranquilidade. Quem for caminhar ou correr no parque tamb\u00e9m poder\u00e1 ouvir boa m\u00fasica. A programa\u00e7\u00e3o para adultos e crian\u00e7as \u00e9 gr\u00e1tis.<\/p>\n\n\n\n<p>As inscri\u00e7\u00f5es para participar j\u00e1 est\u00e3o abertas e podem ser feitas pelo site: <a href=\"http:\/\/www.cicloviamusical.com.br\">www.cicloviamusical.com.br<\/a><\/p>\n\n\n\n<p>A criadora e diretora da Ciclovia Musical, Giane Martins, comemora a realiza\u00e7\u00e3o em Jundia\u00ed.<\/p>\n\n\n\n<p>&#8220;Inovamos o formato tradicional de concerto, sem perder a qualidade musical. Nas nove edi\u00e7\u00f5es realizadas oferecemos \u00e0s pessoas uma experi\u00eancia musical e cicl\u00edstica atraente e incentivamos as pessoas a pedalarem pela cidade como forma de transporte alternativo&#8221;, explica Giane.<\/p>\n\n\n\n<figure class=\"wp-block-image size-large\"><img loading=\"lazy\" decoding=\"async\" width=\"1200\" height=\"801\" src=\"https:\/\/tvtecjundiai.com.br\/news\/wp-content\/uploads\/sites\/2\/2022\/06\/d67e0267-4fe1-4d21-a932-148b426572ae-1200x801.jpg\" alt=\"\" class=\"wp-image-94198\" srcset=\"https:\/\/tvtecjundiai.com.br\/news\/wp-content\/uploads\/sites\/2\/2022\/06\/d67e0267-4fe1-4d21-a932-148b426572ae-1200x801.jpg 1200w, https:\/\/tvtecjundiai.com.br\/news\/wp-content\/uploads\/sites\/2\/2022\/06\/d67e0267-4fe1-4d21-a932-148b426572ae-300x200.jpg 300w, https:\/\/tvtecjundiai.com.br\/news\/wp-content\/uploads\/sites\/2\/2022\/06\/d67e0267-4fe1-4d21-a932-148b426572ae-768x512.jpg 768w, https:\/\/tvtecjundiai.com.br\/news\/wp-content\/uploads\/sites\/2\/2022\/06\/d67e0267-4fe1-4d21-a932-148b426572ae.jpg 1280w\" sizes=\"auto, (max-width: 1200px) 100vw, 1200px\" \/><\/figure>\n\n\n\n<p>C\u00e9sar Munir, diretor do Programa de Esportes e Atividades Motoras Adaptadas, PEAMA, participou da primeira edi\u00e7\u00e3o em Jundia\u00ed, em 2017, com um grupo de alunos. A Ciclovia Musical tamb\u00e9m faz uma programa\u00e7\u00e3o com acessibilidade e vai trazer os estudantes do programa mais uma vez.<\/p>\n\n\n\n<p>&#8220;\u00c9 uma expectativa muito grande porque foi muito legal a participa\u00e7\u00e3o na primeira vez. A gente vai ter alunos com defici\u00eancia f\u00edsica, visual e intelectual participando do evento&#8221;, conta C\u00e9sar.&nbsp;<\/p>\n\n\n\n<p>Os monitores art\u00edsticos dos roteiros ser\u00e3o os m\u00fasicos Alexandre Ficarelli e David Misiuk. Eles conversam com o p\u00fablico, falam sobre os diferentes instrumentos e contam curiosidades sobre os estilos musicais de uma maneira diferente e criativa.<\/p>\n\n\n\n<p>Alexandre Ficarelli \u00e9 Bacharel e mestre em m\u00fasica \/ obo\u00e9 pela Escola Superior de M\u00fasica de Stuttgart \u2013 Alemanha, e doutor pela USP no Departamento de M\u00fasica da Escola de Comunica\u00e7\u00f5es e Artes, institui\u00e7\u00e3o da qual \u00e9 professor desde 2002.<\/p>\n\n\n\n<p>David Misiuk \u00e9 Bacharel pela Faculdade Mozarteum de S\u00e3o Paulo, com especializa\u00e7\u00e3o em instrumento (trompa), sob orienta\u00e7\u00e3o de Oz\u00e9as Arantes. \u00c9 trompista da Orquestra de Sopros Brasileira, Projeto Villa das Crian\u00e7as e Quinteto Sombrass.<\/p>\n\n\n\n<p>O p\u00fablico poder\u00e1 ouvir os grupos Brassuka, Quarteto Aurora, Quarteto Real, Quintal de Ful\u00f4, Quinteto Novos Ventos, Sopra Trio e Palha\u00e7o Possu.<\/p>\n\n\n\n<p><strong>Programa\u00e7\u00e3o&nbsp;<\/strong><\/p>\n\n\n\n<p>Parque da Cidade de Jundia\u00ed<\/p>\n\n\n\n<p>Rodovia Jo\u00e3o Cereser, km 66, Pinheirinho<\/p>\n\n\n\n<p><strong>Roteiro 1<\/strong><\/p>\n\n\n\n<p><strong>2,5 Km<\/strong><\/p>\n\n\n\n<p>&#8211; Palquinho<\/p>\n\n\n\n<p>9h00 \u2013 Quinteto Novos Ventos<\/p>\n\n\n\n<p>&#8211; Palco de Arena<\/p>\n\n\n\n<p>9h30 \u2013 Quintal de Ful\u00f4<\/p>\n\n\n\n<p>&#8211; Gramado do Aeromodelismo<\/p>\n\n\n\n<p>10h00 \u2013 Quarteto Real<\/p>\n\n\n\n<p>&#8211; Pra\u00e7a P\u00f4r do Sol<\/p>\n\n\n\n<p>10h30 \u2013 BrassUka<\/p>\n\n\n\n<p>Monitor Art\u00edstico: Alexandre Ficarelli<\/p>\n\n\n\n<p><strong>Roteiro 2 &#8211; CicloKids Musical<\/strong><\/p>\n\n\n\n<p><strong>1,5 Km<\/strong><\/p>\n\n\n\n<p>&#8211; Palquinho<\/p>\n\n\n\n<p>9h30 \u2013 Quinteto Novos Ventos<\/p>\n\n\n\n<p>&#8211; Palco de Arena<\/p>\n\n\n\n<p>10h00 \u2013 Quintal de Ful\u00f4<\/p>\n\n\n\n<p>&#8211; Casa da \u00c1rvore Pica-Pau \u2013 Mundo das Crian\u00e7as<\/p>\n\n\n\n<p>10h30 \u2013 Quarteto Aurora<\/p>\n\n\n\n<p>&#8211; Parque Paca &#8211; Mundo das Crian\u00e7as<\/p>\n\n\n\n<p>11h00 \u2013 SoPra Trio e Palha\u00e7o Possu<\/p>\n\n\n\n<p>Monitor Art\u00edstico: David Misiuk<\/p>\n\n\n\n<p><strong>Grupos Musicais \u2013 Guia<\/strong><\/p>\n\n\n\n<p><strong>BRASSUKA<\/strong><\/p>\n\n\n\n<p>Pedro Santos, trompete<\/p>\n\n\n\n<p>Mois\u00e9s Am\u00e9rico, trompete<\/p>\n\n\n\n<p>Eder Tavares, trompa<\/p>\n\n\n\n<p>Agnaldo Gon\u00e7alves, trombone<\/p>\n\n\n\n<p>Marcos Tudeia, tuba<\/p>\n\n\n\n<p>Hor\u00e1rio: 10h30<\/p>\n\n\n\n<p>Local: Pra\u00e7a P\u00f4r do Sol<\/p>\n\n\n\n<p><strong>QUARTETO AURORA<\/strong><\/p>\n\n\n\n<p>Camila Zanetti violino<\/p>\n\n\n\n<p>Pollyana Santana violino<\/p>\n\n\n\n<p>Florence Suana viola<\/p>\n\n\n\n<p>Bianca Souza violoncelo<\/p>\n\n\n\n<p>Hor\u00e1rio: 10h30<\/p>\n\n\n\n<p>Local: Casa da \u00c1rvore Pica-Pau \u2013 Mundo das Crian\u00e7as<\/p>\n\n\n\n<p><strong>QUARTETO REAL<\/strong><\/p>\n\n\n\n<p>Graziela Fortunato, violino<\/p>\n\n\n\n<p>Kleberson Buzo, violino<\/p>\n\n\n\n<p>Eduardo Cordeiro Jr, viola<\/p>\n\n\n\n<p>Fabr\u00edcio Rodrigues, violoncelo<\/p>\n\n\n\n<p>Hor\u00e1rio: 10h\u00a0<\/p>\n\n\n\n<p>Local: Gramado do Aeromodelismo<\/p>\n\n\n\n<p><strong>QUINTAL DE FUL\u00d4<\/strong><\/p>\n\n\n\n<p>Ana Elisa Colomar, flauta<\/p>\n\n\n\n<p>Camila Inoc\u00eancio Silva, cavaquinho<\/p>\n\n\n\n<p>Carla Pronsato, piano e acordeon<\/p>\n\n\n\n<p>C\u00e1ssia Maria, percuss\u00e3o<\/p>\n\n\n\n<p>Hor\u00e1rio: 9h30&nbsp;<\/p>\n\n\n\n<p>Local: Palco de Arena<\/p>\n\n\n\n<p><strong>QUINTETO NOVOS VENTOS<\/strong>&nbsp;<\/p>\n\n\n\n<p>Marco Andr\u00e9 dos Santos, flauta<\/p>\n\n\n\n<p>Alexandre Bocallari, obo\u00e9<\/p>\n\n\n\n<p>Daniel Oliveira, clarinete<\/p>\n\n\n\n<p>Clarissa Orapallo, fagote<\/p>\n\n\n\n<p>Isac Elias, trompa<\/p>\n\n\n\n<p>Hor\u00e1rio: 9h<\/p>\n\n\n\n<p>Local: Palquinho<\/p>\n\n\n\n<p><strong>SOPRA TRIO E PALHA\u00c7O POSSU<\/strong><\/p>\n\n\n\n<p>Karina Ando, obo\u00e9<\/p>\n\n\n\n<p>Isabel de Latorre, clarinete<\/p>\n\n\n\n<p>Nara Martins Flores, fagote<\/p>\n\n\n\n<p>Junior Fernandes, Palha\u00e7o Possu<\/p>\n\n\n\n<p>Hor\u00e1rio: 11h<\/p>\n\n\n\n<p>Local: Parque Paca \u2013 Mundo das Crian\u00e7as<\/p>\n\n\n\n<p><strong><em>Realiza\u00e7\u00e3o:<\/em><\/strong> ArteMatriz Solu\u00e7\u00f5es Culturais e ProAC &#8211; Programa de A\u00e7\u00e3o Cultural do Governo do Estado de S\u00e3o Paulo, por meio da Secretaria de Cultura e Economia Criativa.<\/p>\n\n\n\n<p><em><strong>(Fonte\/Imagem: Ciclovia Musical\/ArteMatriz Solu\u00e7\u00f5es Culturais)<\/strong><\/em><\/p>\n","protected":false},"excerpt":{"rendered":"<p>As inscri\u00e7\u00f5es online para participar gratuitamente da pedalada j\u00e1 est\u00e3o abertas <\/p>\n","protected":false},"author":30,"featured_media":94198,"comment_status":"closed","ping_status":"closed","sticky":false,"template":"","format":"standard","meta":{"footnotes":""},"categories":[2833,2827,8356,8354,1],"tags":[],"class_list":["post-94197","post","type-post","status-publish","format-standard","has-post-thumbnail","hentry","category-cultura","category-esportes-e-lazer","category-jundiai","category-lazer","category-noticias"],"_links":{"self":[{"href":"https:\/\/tvtecjundiai.com.br\/news\/wp-json\/wp\/v2\/posts\/94197","targetHints":{"allow":["GET"]}}],"collection":[{"href":"https:\/\/tvtecjundiai.com.br\/news\/wp-json\/wp\/v2\/posts"}],"about":[{"href":"https:\/\/tvtecjundiai.com.br\/news\/wp-json\/wp\/v2\/types\/post"}],"author":[{"embeddable":true,"href":"https:\/\/tvtecjundiai.com.br\/news\/wp-json\/wp\/v2\/users\/30"}],"replies":[{"embeddable":true,"href":"https:\/\/tvtecjundiai.com.br\/news\/wp-json\/wp\/v2\/comments?post=94197"}],"version-history":[{"count":1,"href":"https:\/\/tvtecjundiai.com.br\/news\/wp-json\/wp\/v2\/posts\/94197\/revisions"}],"predecessor-version":[{"id":94200,"href":"https:\/\/tvtecjundiai.com.br\/news\/wp-json\/wp\/v2\/posts\/94197\/revisions\/94200"}],"wp:featuredmedia":[{"embeddable":true,"href":"https:\/\/tvtecjundiai.com.br\/news\/wp-json\/wp\/v2\/media\/94198"}],"wp:attachment":[{"href":"https:\/\/tvtecjundiai.com.br\/news\/wp-json\/wp\/v2\/media?parent=94197"}],"wp:term":[{"taxonomy":"category","embeddable":true,"href":"https:\/\/tvtecjundiai.com.br\/news\/wp-json\/wp\/v2\/categories?post=94197"},{"taxonomy":"post_tag","embeddable":true,"href":"https:\/\/tvtecjundiai.com.br\/news\/wp-json\/wp\/v2\/tags?post=94197"}],"curies":[{"name":"wp","href":"https:\/\/api.w.org\/{rel}","templated":true}]}}