{"id":94250,"date":"2022-06-10T14:26:35","date_gmt":"2022-06-10T17:26:35","guid":{"rendered":"https:\/\/tvtecjundiai.com.br\/news\/?p=94250"},"modified":"2022-06-10T14:26:36","modified_gmt":"2022-06-10T17:26:36","slug":"confira-a-agenda-cultural-para-o-final-de-semana-em-jundiai","status":"publish","type":"post","link":"https:\/\/tvtecjundiai.com.br\/news\/2022\/06\/10\/confira-a-agenda-cultural-para-o-final-de-semana-em-jundiai\/","title":{"rendered":"Confira a agenda cultural para o final de semana em Jundia\u00ed"},"content":{"rendered":"\n<p>A sexta edi\u00e7\u00e3o do&nbsp;<a href=\"https:\/\/cultura.jundiai.sp.gov.br\/festeju\/\" target=\"_blank\" rel=\"noreferrer noopener\">Festival de Teatro de Jundia\u00ed<\/a>&nbsp;\u2013 FESTEJU, uma realiza\u00e7\u00e3o da Unidade de Gest\u00e3o de Cultura (UGC) \u00e9 o grande destaque da programa\u00e7\u00e3o cultural da cidade, n\u00e3o s\u00f3 neste final de semana, mas at\u00e9 o dia 26 de junho, quando acontecer\u00e1 a Noite de Gala, no Teatro Polytheama com a cerim\u00f4nia de premia\u00e7\u00e3o dos vencedores da Cena Profissional. A programa\u00e7\u00e3o completa do FESTEJU pode ser conferida no&nbsp;<a href=\"https:\/\/cultura.jundiai.sp.gov.br\/festeju\/\" target=\"_blank\" rel=\"noreferrer noopener\">hotsite<\/a>, e vale destacar que todas as apresenta\u00e7\u00f5es t\u00eam entrada gratuita.<\/p>\n\n\n\n<p>Tamb\u00e9m, destaque para a programa\u00e7\u00e3o dos\u00a0<a rel=\"noreferrer noopener\" href=\"https:\/\/cultura.jundiai.sp.gov.br\/festejosjuninos\/\" target=\"_blank\">Festejos Juninos<\/a>, na pra\u00e7a Mal. Floriano Peixoto, a Pra\u00e7a do Coreto, atr\u00e1s da Catedral. No palco diversos shows musicais, com artistas da cidade, al\u00e9m das quadrilhas que animam a festa. O p\u00fablico ainda vai encontrar as barracas de alimenta\u00e7\u00e3o com card\u00e1pios variados e tamb\u00e9m t\u00edpicos desta \u00e9poca do ano, bem como as barracas de brincadeiras para a garotada e as de artesanato, com os integrantes do Projeto Jundia\u00ed Feito \u00e0 M\u00e3o. Acesse o site para acompanhar toda a programa\u00e7\u00e3o desta sexta (10) e s\u00e1bado (11).<\/p>\n\n\n\n<figure class=\"wp-block-image\"><img decoding=\"async\" src=\"https:\/\/jundiai.sp.gov.br\/noticias\/wp-content\/uploads\/sites\/32\/2022\/06\/festejos_juninos-2-1.jpg\" alt=\"\" class=\"wp-image-294558\" \/><figcaption>Festejos Juninos na \u00e1rea central da cidade mant\u00e9m viva a tradi\u00e7\u00e3o da cultura popular<\/figcaption><\/figure>\n\n\n\n<p>Teatro, cultura popular, dan\u00e7a, exposi\u00e7\u00f5es de arte, conta\u00e7\u00e3o de hist\u00f3rias, oficina\/workshop de miniaturas com material reciclado, apresenta\u00e7\u00f5es musicais, tamb\u00e9m integram as a\u00e7\u00f5es da UGC em seus equipamentos culturais. Participe!<\/p>\n\n\n\n<p><strong>Biblioteca Nelson Foot (BNF)<\/strong><br>Com o objetivo de fomentar o gosto pela leitura entre crian\u00e7as de seis meses a quatro anos de idade e de cultivar o v\u00ednculo afetivo entre os pequenos e seus cuidadores a BNF traz neste s\u00e1bado (11), das 11 \u00e0s 12 horas, o&nbsp;<a href=\"https:\/\/biblioteca.jundiai.sp.gov.br\/le-no-ninho\/\" target=\"_blank\" rel=\"noreferrer noopener\">\u201cL\u00ea no Ninho\u201d<\/a>, atividade l\u00fadica e prazerosa onde as crian\u00e7as ouvem hist\u00f3rias, brincam e cantam em um ambiente aconchegante, tendo seus cuidadores como parceiros. A sess\u00e3o dura 60 minutos. Vagas limitadas.<\/p>\n\n\n\n<figure class=\"wp-block-image\"><img decoding=\"async\" src=\"https:\/\/jundiai.sp.gov.br\/noticias\/wp-content\/uploads\/sites\/32\/2022\/06\/biblioteca_le_no_ninho.jpg\" alt=\"\" class=\"wp-image-294559\" \/><figcaption>Crian\u00e7as de seis meses a 4 anos podem se divertir na BNF<\/figcaption><\/figure>\n\n\n\n<p>A BNF tamb\u00e9m est\u00e1 abrigando duas exposi\u00e7\u00f5es:&nbsp;<a href=\"https:\/\/cultura.jundiai.sp.gov.br\/exposicoes\/taipa-e-palavra-jundiai-2022\/\" target=\"_blank\" rel=\"noreferrer noopener\">\u201dTaipa e Palavra \u2013 Jundia\u00ed 2022\u201d<\/a>, da professora Isabella Ferraro, no espa\u00e7o Sonia Cintra, que re\u00fane fotografias, textos breves e o patrim\u00f4nio hist\u00f3rico imaterial e material da cidade de diversos espa\u00e7os vistos de forma diferentes. E&nbsp;<a href=\"https:\/\/cultura.jundiai.sp.gov.br\/exposicoes\/faca-se-a-luz\/\" target=\"_blank\" rel=\"noreferrer noopener\">\u201cFa\u00e7a-se a Luz\u201d<\/a>, da artista pl\u00e1stica Luz Pearce, na galeria Jundia\u00ed reunindo diversas mandalas, representando o ciclo da vida e a conex\u00e3o do indiv\u00edduo com o universo.<\/p>\n\n\n\n<p>A&nbsp;<a href=\"https:\/\/biblioteca.jundiai.sp.gov.br\/\" target=\"_blank\" rel=\"noreferrer noopener\">Biblioteca Municipal<\/a>&nbsp;est\u00e1 localizada dentro do Complexo Argos, na avenida Dr. Cavalcanti, 396, Vila Arens. Mais informa\u00e7\u00f5es podem ser obtidas pelo telefone (11) 4527-2110. O hor\u00e1rio de funcionamento da Biblioteca \u00e9 de segunda a sexta-feira, das 9h \u00e0s 21h, e aos s\u00e1bados e feriados das 9h \u00e0s 13h.<\/p>\n\n\n\n<p><strong>Complexo Fepasa<\/strong><br>Neste final de semana o espa\u00e7o sede da&nbsp;<a rel=\"noreferrer noopener\" href=\"https:\/\/jundiai.sp.gov.br\/cultura\/\" target=\"_blank\">Unidade de Gest\u00e3o de Cultura<\/a>&nbsp;recebe em suas salas os grupos concorrentes da&nbsp;<a rel=\"noreferrer noopener\" href=\"https:\/\/cultura.jundiai.sp.gov.br\/festeju\/cena-amadora\/\" target=\"_blank\">Cena Amadora<\/a>&nbsp;do FESTEJU. No palco da Sala Jundia\u00ed, a apresenta\u00e7\u00e3o dos seguintes espet\u00e1culos: \u201cO Or\u00e1culo\u201d, nesta sexta-feira (10), \u00e0s 19h30; s\u00e1bado (11), \u00e0s 19h, \u201cN\u00e3o deixe o teatro morrer\u201d e domingo (12), \u00e0s 19h, \u201cChapeuzinho Nordestina, Mul\u00e9 Macho Sim Sinh\u00f4!.<\/p>\n\n\n<div class=\"wp-block-image\">\n<figure class=\"aligncenter\"><img decoding=\"async\" src=\"https:\/\/jundiai.sp.gov.br\/noticias\/wp-content\/uploads\/sites\/32\/2022\/06\/oraculo-1.jpg\" alt=\"\" class=\"wp-image-294560\" \/><figcaption>Cena do espet\u00e1culo \u201cO Or\u00e1culo\u201d, concorrendo na categoria Cena Amadora do Festival de Teatro de Jundia\u00ed<\/figcaption><\/figure>\n<\/div>\n\n\n<p>O&nbsp;<a href=\"https:\/\/cultura.jundiai.sp.gov.br\/espacos-culturais\/complexo-fepasa\/\" target=\"_blank\" rel=\"noreferrer noopener\">Complexo Fepasa<\/a>&nbsp;fica, na avenida Uni\u00e3o dos Ferrovi\u00e1rios, 1.760, Centro. Mais informa\u00e7\u00f5es pelo telefone: (11) 4589-6800.<\/p>\n\n\n\n<p><strong>F\u00e1brica das Inf\u00e2ncias Japy<\/strong><br>Neste s\u00e1bado (11), a partir das 10h30, a programa\u00e7\u00e3o fica por conta da Conta\u00e7\u00e3o de Hist\u00f3rias, com a atriz e contadora de hist\u00f3rias, Rosangela Torrezin, do Projeto T\u00e1 na Hora, com as hist\u00f3rias \u201cA r\u00e3 e o boi, O lobo e o cordeiro e O galo e a p\u00e9rola\u201d.<\/p>\n\n\n\n<p>J\u00e1 no domingo (12), tamb\u00e9m a partir das 10h30, a programa\u00e7\u00e3o ser\u00e1 aberta com a apresenta\u00e7\u00e3o do<a href=\"https:\/\/cultura.jundiai.sp.gov.br\/corpos-artisticos\/coral-infantojuvenil-cidade-das-criancas\/\" target=\"_blank\" rel=\"noreferrer noopener\">&nbsp;Coral Infantojuvenil Cidade das Crian\u00e7as<\/a>, que \u00e9 um corpo art\u00edstico ligado \u00e0 UGC, que divulga a arte do canto coral atrav\u00e9s de um grupo de crian\u00e7as amadoras e volunt\u00e1rias, com idades entre oito e onze anos.<\/p>\n\n\n\n<figure class=\"wp-block-image\"><img decoding=\"async\" src=\"https:\/\/jundiai.sp.gov.br\/noticias\/wp-content\/uploads\/sites\/32\/2022\/06\/fabrica_das_infancias_japy-14.jpg\" alt=\"\" class=\"wp-image-294561\" \/><figcaption>Na F\u00e1brica das Inf\u00e2ncias Japy as crian\u00e7as s\u00e3o convidadas a brincar o tempo todo<\/figcaption><\/figure>\n\n\n\n<p>Na sequ\u00eancia a artista pl\u00e1stica, Giovanna Vasconcelos (GIKA), comanda uma oficina\/workshop de \u201cCen\u00e1rios em miniaturas com recicl\u00e1veis\u2019\u2019, usando diversas t\u00e9cnicas de pintura, escultura, colagem, desenho e materiais reciclados de todo tipo proporcionando um total envolvimento da crian\u00e7a na atividade, ao mesmo tempo em que desperta a sua criatividade, a identidade visual e a sustentabilidade para construir o cen\u00e1rio tendo como base, uma caixa de papel\u00e3o de tamanhos variados.<\/p>\n\n\n\n<figure class=\"wp-block-image\"><img decoding=\"async\" src=\"https:\/\/jundiai.sp.gov.br\/noticias\/wp-content\/uploads\/sites\/32\/2022\/06\/coral_infantojuvenil_cidade_das_criancas_aniversario_365anos-6-1-1200x800-2.jpg\" alt=\"\" class=\"wp-image-294567\" \/><figcaption>Coral InfantoJuvenil Cidade das Crian\u00e7as se apresenta no domingo(12) na F\u00e1brica Japy<\/figcaption><\/figure>\n\n\n\n<p>A&nbsp;<a href=\"https:\/\/cultura.jundiai.sp.gov.br\/espacos-culturais\/fabrica-das-infancias-japy\/\" target=\"_blank\" rel=\"noreferrer noopener\">F\u00e1brica das Inf\u00e2ncias Japy<\/a>&nbsp;fica na rua Lacerda Franco, 175, Vila Arens. A entrada \u00e9 gratuita. Seu funcionamento \u00e9 de ter\u00e7a a sexta-feira, das 9h \u00e0s 17h; e aos s\u00e1bados, domingos e feriados, das 9h \u00e0s 13h. A entrada de visitantes ser\u00e1 permitida somente at\u00e9 30 minutos antes do hor\u00e1rio de fechamento. \u00c0s segundas-feiras, o espa\u00e7o permanece fechado para manuten\u00e7\u00f5es de rotina e limpeza em geral.<\/p>\n\n\n\n<p><strong>Museu Hist\u00f3rico e Cultural de Jundia\u00ed \u2013 Solar do Bar\u00e3o<\/strong><br>O p\u00fablico poder\u00e1 visitar o local das 10h \u00e0s 17h e conferir a exposi\u00e7\u00e3o&nbsp;<a href=\"https:\/\/cultura.jundiai.sp.gov.br\/exposicoes\/legados-de-gloria-memorias-da-danca-em-jundiai\/\" target=\"_blank\" rel=\"noreferrer noopener\">\u201cLegados de Gl\u00f3ria \u2013 Mem\u00f3rias da Dan\u00e7a em Jundia\u00ed\u201d<\/a>, dedicada \u00e0 mem\u00f3ria da bailarina, cen\u00f3grafa e core\u00f3grafa Gl\u00f3ria da Silva Rocha e \u00e0 hist\u00f3ria da dan\u00e7a na cidade.<\/p>\n\n\n\n<figure class=\"wp-block-image\"><img decoding=\"async\" src=\"https:\/\/jundiai.sp.gov.br\/noticias\/wp-content\/uploads\/sites\/32\/2022\/06\/exposicao-legados-de-gloria-no-solar-do-barao_c_-45.jpg\" alt=\"\" class=\"wp-image-294563\" \/><figcaption>Objetos pessoais da homenageada, Gl\u00f3ria Rocha, tamb\u00e9m est\u00e3o em exposi\u00e7\u00e3o no Solar do Bar\u00e3o<\/figcaption><\/figure>\n\n\n\n<p>Quem visitar o&nbsp;<a href=\"https:\/\/cultura.jundiai.sp.gov.br\/espacos-culturais\/museu-historico-e-cultural-de-jundiai\/\" target=\"_blank\" rel=\"noreferrer noopener\">Museu<\/a>&nbsp;pode conferir tamb\u00e9m em seus jardins as instala\u00e7\u00f5es do programa municipal&nbsp;<a href=\"https:\/\/cidadedascriancas.jundiai.sp.gov.br\/\" target=\"_blank\" rel=\"noreferrer noopener\">Cidade das Crian\u00e7as<\/a>&nbsp;e da campanha \u201cJundia\u00ed P\u00e9 de Inf\u00e2ncia\u201d, com os conceitos da Rede Urban95.<\/p>\n\n\n\n<p>O Museu est\u00e1 localizado na rua Bar\u00e3o de Jundia\u00ed, 762, Centro. Mais informa\u00e7\u00f5es pelo telefone (11) 4521-6259.<\/p>\n\n\n\n<p><strong>Pinacoteca Municipal Di\u00f3genes Duarte Paes<\/strong><\/p>\n\n\n\n<p>Duas exposi\u00e7\u00f5es:&nbsp;<a href=\"https:\/\/cultura.jundiai.sp.gov.br\/exposicoes\/nonni-di-sao-paulo\/\">\u201cNonni di S\u00e3o Paulo\u201d<\/a>, do artista Oliviero Pluviano e&nbsp;<a href=\"https:\/\/cultura.jundiai.sp.gov.br\/exposicoes\/paesani\/\">\u201cPaesani\u201d<\/a>, com obras do fot\u00f3grafo Emidio Luisi est\u00e3o acontecendo no local em homenagem \u00e0 imigra\u00e7\u00e3o italiana ao Pa\u00eds. As mostras contam tamb\u00e9m, com um destaque especial tamb\u00e9m para a comunidade italojundiaiense e visita\u00e7\u00e3o gratuita at\u00e9 o dia 03 de julho.<\/p>\n\n\n\n<figure class=\"wp-block-image\"><img decoding=\"async\" src=\"https:\/\/jundiai.sp.gov.br\/noticias\/wp-content\/uploads\/sites\/32\/2022\/06\/pinacoteca_galeria_online-21-1.jpg\" alt=\"\" class=\"wp-image-294565\" \/><figcaption>Obras de Inos Corradin podem ser apreciadas na Pinacoteca<\/figcaption><\/figure>\n\n\n\n<p>O visitante ainda poder\u00e1 conferir as obras do pintor\u00a0<a rel=\"noreferrer noopener\" href=\"https:\/\/cultura.jundiai.sp.gov.br\/exposicoes\/inos-corradin\/\" target=\"_blank\">Inos Corradin<\/a>\u00a0que comp\u00f5em a reserva t\u00e9cnica da Pinacoteca, como a s\u00e9rie de quadros que retratam a Paix\u00e3o de Cristo.<br>A\u00a0<a rel=\"noreferrer noopener\" href=\"https:\/\/cultura.jundiai.sp.gov.br\/espacos-culturais\/centro-jundiaiense-de-cultura-jorosil\/pinacoteca-diogenes-duarte-paes\/\" target=\"_blank\">Pinacoteca<\/a>\u00a0est\u00e1 localizada no\u00a0<a rel=\"noreferrer noopener\" href=\"https:\/\/cultura.jundiai.sp.gov.br\/espacos-culturais\/centro-jundiaiense-de-cultura-jorosil\/\" target=\"_blank\">Centro Jundiaiense de Cultura Josefina Rodrigues da Silva (Jorosil)<\/a>, \u00e0 rua Bar\u00e3o de Jundia\u00ed, 109, Centro. Mais informa\u00e7\u00f5es pelo telefone (11) 4586-2326.<\/p>\n\n\n\n<p><strong>Polytheama<\/strong><\/p>\n\n\n\n<p>Tr\u00eas espet\u00e1culos est\u00e3o programados na agenda do final de semana do teatro: sexta-feira (10), 20h, show com \u201cHumberto Gessinger\u201d, ex-vocalista da banda Engenheiros do Hawaii; s\u00e1bado (11), \u00e0s 19h30, espet\u00e1culo de dan\u00e7a, \u201cGala 2022\u201d, do Studio de Dan\u00e7a Anita Grossi e domingo (12), \u00e0s 19h, Stand Up \u201cVida de Professor II\u201d, com Diogo Almeida.<\/p>\n\n\n\n<p>Os ingressos para os espet\u00e1culos podem ser adquiridos na bilheteria do teatro, sempre a partir das 10h30, ou pela Internet, na plataforma Sympla.<\/p>\n\n\n\n<p>Na&nbsp;<a href=\"https:\/\/cultura.jundiai.sp.gov.br\/espacos-culturais\/galeria-de-arte-fernanda-perracini-milani\/\" target=\"_blank\" rel=\"noreferrer noopener\">Galeria de Artes Fernanda Perracini Milani,<\/a>&nbsp;anexa ao teatro o p\u00fablico pode conferir a exposi\u00e7\u00e3o \u201c&nbsp;<a href=\"https:\/\/jundiai.sp.gov.br\/noticias\/2022\/06\/07\/condicoes-da-materia-abre-a-temporada-2022-na-galeria-de-artes-fernanda-milani\/\" target=\"_blank\" rel=\"noreferrer noopener\">Condi\u00e7\u00f5es da Mat\u00e9ria\u201d<\/a>, do artista Lucas Souza, marcando o in\u00edcio da temporada de Artes Pl\u00e1sticas 2022, a primeira das seis mostras selecionadas pelo edital lan\u00e7ado pela Unidade de Gest\u00e3o de Cultura (UGC) para serem realizadas naquele espa\u00e7o cultural.<\/p>\n\n\n\n<figure class=\"wp-block-image\"><img decoding=\"async\" src=\"https:\/\/jundiai.sp.gov.br\/noticias\/wp-content\/uploads\/sites\/32\/2022\/06\/exposicao-condicoes-da-materia-na-galeria-polytheama_f_-20-1.jpg\" alt=\"\" class=\"wp-image-294562\" \/><figcaption>Condi\u00e7\u00f5es da Mat\u00e9ria a exposi\u00e7\u00e3o que abre a temporada de Artes Pl\u00e1sticas 2022 na Galeria do Polytheama<\/figcaption><\/figure>\n\n\n\n<p>Composta por 26 obras, \u201cCondi\u00e7\u00f5es da Mat\u00e9ria\u201d apresenta uma diversidade de produ\u00e7\u00f5es, evidenciando quest\u00f5es e inquieta\u00e7\u00f5es acerca de temas como corporeidade, peso, forma e mensura\u00e7\u00e3o. A mat\u00e9ria \u00e9 apresentada por meio de pequenas esculturas em argila, desde seu estado s\u00f3lido quando seco at\u00e9 o p\u00f3 que representa sua condi\u00e7\u00e3o mais vol\u00e1til.<\/p>\n\n\n\n<p>Condi\u00e7\u00f5es da Mat\u00e9ria\u201d, poder\u00e1 ser visitada at\u00e9 o dia 05 de julho. Com entrada gratuita, o hor\u00e1rio ser\u00e1 de ter\u00e7a a sexta-feira, das 9h \u00e0s 12h e das 13h \u00e0s 17h. Aos s\u00e1bados das 10h \u00e0s 13h.<\/p>\n\n\n\n<p>O&nbsp;<a href=\"https:\/\/cultura.jundiai.sp.gov.br\/espacos-culturais\/teatropolytheama\/\" target=\"_blank\" rel=\"noreferrer noopener\">Teatro Polytheama<\/a>&nbsp;fica na rua Bar\u00e3o de Jundia\u00ed, 176, Centro. Mais informa\u00e7\u00f5es pelo telefone (11) 4586-2472.<\/p>\n\n\n\n<p><strong>Pracinha da Cultura do Vista Alegre<\/strong><\/p>\n\n\n\n<p>Nesta sexta-feira (10), no Teatro da&nbsp;<a rel=\"noreferrer noopener\" href=\"https:\/\/cultura.jundiai.sp.gov.br\/espacos-culturais\/pracinha-da-cultura-do-vista-alegre\/\" target=\"_blank\">Pracinha da Cultura do Vista Alegre<\/a>&nbsp;(antigo CEU das Artes), o projeto \u201cSuper Tela\u201d, com a exibi\u00e7\u00e3o da anima\u00e7\u00e3o \u201cLuca\u201d, dos est\u00fadios Disney\/Pixar, filme lan\u00e7ado em 2021, que alcan\u00e7ou grande sucesso junto ao p\u00fablico das mais diferentes idades. A sess\u00e3o de cinema na Pracinha da Cultura do Vista Alegre, est\u00e1 marcada para \u00e0s 19h, com entrada franca. A capacidade do audit\u00f3rio \u00e9 de 40 lugares e o acesso ser\u00e1 por ordem de chegada.<\/p>\n\n\n\n<p>Prosseguem neste s\u00e1bado (11) as oficinas de Capoeira, no per\u00edodo da manh\u00e3, e de Maracatu, no per\u00edodo da tarde, pelo projeto de Oficinas nos Bairros.<\/p>\n\n\n\n<p>Vale lembrar que ainda h\u00e1 vagas nas oficinas de: Artesanato, Dan\u00e7a Criativa, Gin\u00e1stica Corporal, Handebol, Teatro em Ingl\u00eas e Zumba, com lan\u00e7amento, em breve, da oficina de Muay Tai.<br>Interessados dever\u00e3o comparecer de segunda a sexta-feira, das 8h \u00e0s 17h, na rua&nbsp;<a href=\"https:\/\/cultura.jundiai.sp.gov.br\/espacos-culturais\/pracinha-da-cultura-do-vista-alegre\/\" target=\"_blank\" rel=\"noreferrer noopener\">Cabo Edvaldo Quirino Santana 46-110,&nbsp;<\/a>no Vista Alegre. Mais informa\u00e7\u00f5es pelo telefone (11) 4521-6193.<\/p>\n\n\n\n<p><strong>Pr\u00f3ximas atra\u00e7\u00f5es<\/strong><\/p>\n\n\n\n<p>Para quem gosta de acompanhar as a\u00e7\u00f5es culturais, anote o que ainda vai acontecer neste m\u00eas de junho:<\/p>\n\n\n\n<p><strong>De 16 a 25 de junho<\/strong>&nbsp;dez apresenta\u00e7\u00f5es selecionadas pela&nbsp;<a href=\"https:\/\/cultura.jundiai.sp.gov.br\/festeju\/cena-profissional\/\" target=\"_blank\" rel=\"noreferrer noopener\">Cena Profissional&nbsp;<\/a>do FESTEJU ser\u00e3o apresentadas, no Polytheama (rua Bar\u00e3o de Jundia\u00ed, 176, Centro) e na Pra\u00e7a do Coreto. No&nbsp;<strong>dia 26<\/strong>, 19h, cerim\u00f4nia de premia\u00e7\u00e3o dos vencedores do FESTEJU e apresenta\u00e7\u00e3o de um espet\u00e1culo convidado, marcando assim, o encerramento do festival. Para assistir aos espet\u00e1culos no teatro, os ingressos gratuitos ser\u00e3o disponibilizados na bilheteria a partir das 10h30 no dia da apresenta\u00e7\u00e3o.<\/p>\n\n\n\n<p><strong>Dia 26 de junho<\/strong>, das 10h \u00e0s 15h, Cultura nos Bairros \u2013 Centro Esportivo do Jardim Santa Gertrudes \u2013 Apresenta\u00e7\u00f5es culturais, barracas de gastronomia, com participa\u00e7\u00e3o dos permission\u00e1rios do Programa Varej\u00e3o Noturno e Artesanato, com a presen\u00e7a dos artistas do projeto Jundia\u00ed Feito \u00e0 M\u00e3o. Entrada franca.<\/p>\n\n\n\n<p><strong>Dia 27 de junho<\/strong>, 19h, Sala Jundia\u00ed, Complexo Fepasa, Festival CulturaMais Teatro \u2013 Espet\u00e1culo H\u00e9cuba, entrada franca.<\/p>\n\n\n\n<p><strong>Dia 30 de junho<\/strong>, Projeto M\u00fasica &amp; Hist\u00f3rias, \u00e0s 19h30, Teatro Polytheama \u2013 m\u00fasica, dan\u00e7a e teatro \u2013 A vida e a obra de Raul Seixas. Entrada franca.<\/p>\n\n\n\n<p><strong><em>(Fonte\/Imagem: Prefeitura de Jundia\u00ed)<\/em><\/strong><\/p>\n\n\n\n<p><\/p>\n","protected":false},"excerpt":{"rendered":"<p>Teatro, dan\u00e7a, exposi\u00e7\u00f5es, conta\u00e7\u00e3o de hist\u00f3rias, oficina\/workshop, apresenta\u00e7\u00f5es musicais e muito mais.<\/p>\n","protected":false},"author":27,"featured_media":94251,"comment_status":"closed","ping_status":"closed","sticky":false,"template":"","format":"standard","meta":{"footnotes":""},"categories":[2833,8356,8354],"tags":[],"class_list":["post-94250","post","type-post","status-publish","format-standard","has-post-thumbnail","hentry","category-cultura","category-jundiai","category-lazer"],"_links":{"self":[{"href":"https:\/\/tvtecjundiai.com.br\/news\/wp-json\/wp\/v2\/posts\/94250","targetHints":{"allow":["GET"]}}],"collection":[{"href":"https:\/\/tvtecjundiai.com.br\/news\/wp-json\/wp\/v2\/posts"}],"about":[{"href":"https:\/\/tvtecjundiai.com.br\/news\/wp-json\/wp\/v2\/types\/post"}],"author":[{"embeddable":true,"href":"https:\/\/tvtecjundiai.com.br\/news\/wp-json\/wp\/v2\/users\/27"}],"replies":[{"embeddable":true,"href":"https:\/\/tvtecjundiai.com.br\/news\/wp-json\/wp\/v2\/comments?post=94250"}],"version-history":[{"count":1,"href":"https:\/\/tvtecjundiai.com.br\/news\/wp-json\/wp\/v2\/posts\/94250\/revisions"}],"predecessor-version":[{"id":94252,"href":"https:\/\/tvtecjundiai.com.br\/news\/wp-json\/wp\/v2\/posts\/94250\/revisions\/94252"}],"wp:featuredmedia":[{"embeddable":true,"href":"https:\/\/tvtecjundiai.com.br\/news\/wp-json\/wp\/v2\/media\/94251"}],"wp:attachment":[{"href":"https:\/\/tvtecjundiai.com.br\/news\/wp-json\/wp\/v2\/media?parent=94250"}],"wp:term":[{"taxonomy":"category","embeddable":true,"href":"https:\/\/tvtecjundiai.com.br\/news\/wp-json\/wp\/v2\/categories?post=94250"},{"taxonomy":"post_tag","embeddable":true,"href":"https:\/\/tvtecjundiai.com.br\/news\/wp-json\/wp\/v2\/tags?post=94250"}],"curies":[{"name":"wp","href":"https:\/\/api.w.org\/{rel}","templated":true}]}}