{"id":94342,"date":"2022-06-13T13:59:04","date_gmt":"2022-06-13T16:59:04","guid":{"rendered":"https:\/\/tvtecjundiai.com.br\/news\/?p=94342"},"modified":"2022-06-13T13:59:04","modified_gmt":"2022-06-13T16:59:04","slug":"festeju-entra-na-segunda-semana-de-apresentacoes-no-complexo-fepasa","status":"publish","type":"post","link":"https:\/\/tvtecjundiai.com.br\/news\/2022\/06\/13\/festeju-entra-na-segunda-semana-de-apresentacoes-no-complexo-fepasa\/","title":{"rendered":"Festeju entra na segunda semana de apresenta\u00e7\u00f5es no Complexo Fepasa"},"content":{"rendered":"\n<p>O\u00a0<a rel=\"noreferrer noopener\" href=\"https:\/\/cultura.jundiai.sp.gov.br\/festeju\/\" target=\"_blank\">Festival de Teatro de Jundia\u00ed \u2013 Festeju<\/a>, uma realiza\u00e7\u00e3o da Unidade de Gest\u00e3o de Cultura (UGC), chega a sua segunda semana trazendo os tr\u00eas \u00faltimos espet\u00e1culos concorrentes na\u00a0<a rel=\"noreferrer noopener\" href=\"https:\/\/cultura.jundiai.sp.gov.br\/festeju\/cena-amadora\/\" target=\"_blank\">Cena Amadora.<\/a><\/p>\n\n\n\n<p>Nesta segunda-feira (13) \u00e0s 19h30, o grupo Coletivo Narciso, vindo de S\u00e3o Roque, apresenta no palco da Sala Jundia\u00ed \u201cNarrativas Despretensiosas e N\u00e3o-Governamentais\u201d.<\/p>\n\n\n\n<p>Na ter\u00e7a-feira (14), \u00e0s 19h30, a Cia. F\u00eanix, de Jundia\u00ed, apresenta o espet\u00e1culo \u201c A vida Pra\u00e7a\u201d. E, na quarta-feira (15), encerrando as apresenta\u00e7\u00f5es dos espet\u00e1culos concorrentes na categoria Cena Amadora, o Grupo Teatral Tapanaraca, da cidade de Itapetininga, \u00e0s 19h30, encena o espet\u00e1culo \u201cOs Malandros\u201d.<\/p>\n\n\n\n<p>A premia\u00e7\u00e3o da Cena Amadora acontece no dia 16, no Teatro Polytheama, ap\u00f3s a apresenta\u00e7\u00e3o do espet\u00e1culo \u201cQuantos outros cabem em um menino\u201d, com a Companhia do Acaso, de Jundia\u00ed.<\/p>\n\n\n<div class=\"wp-block-image\">\n<figure class=\"aligncenter size-large is-resized\"><img loading=\"lazy\" decoding=\"async\" src=\"https:\/\/tvtecjundiai.com.br\/news\/wp-content\/uploads\/sites\/2\/2022\/06\/espetaculo_festeju_sala_jundiai-195-3-1200x800.jpg\" alt=\"\" class=\"wp-image-94345\" width=\"723\" height=\"482\" srcset=\"https:\/\/tvtecjundiai.com.br\/news\/wp-content\/uploads\/sites\/2\/2022\/06\/espetaculo_festeju_sala_jundiai-195-3-1200x800.jpg 1200w, https:\/\/tvtecjundiai.com.br\/news\/wp-content\/uploads\/sites\/2\/2022\/06\/espetaculo_festeju_sala_jundiai-195-3-300x200.jpg 300w, https:\/\/tvtecjundiai.com.br\/news\/wp-content\/uploads\/sites\/2\/2022\/06\/espetaculo_festeju_sala_jundiai-195-3-768x512.jpg 768w, https:\/\/tvtecjundiai.com.br\/news\/wp-content\/uploads\/sites\/2\/2022\/06\/espetaculo_festeju_sala_jundiai-195-3.jpg 1280w\" sizes=\"auto, (max-width: 723px) 100vw, 723px\" \/><\/figure>\n<\/div>\n\n\n<p><strong>Cena Profissional<\/strong><\/p>\n\n\n\n<p>A partir de quinta-feira (16), e prosseguindo at\u00e9 dia 25 as apresenta\u00e7\u00f5es do Festeju acontecer\u00e3o no palco do Teatro Polytheama e na Pra\u00e7a Mal. Floriano Peixoto \u2013 Pra\u00e7a do Coreto, atr\u00e1s da Catedral, com as encena\u00e7\u00f5es dos espet\u00e1culos concorrentes na categoria\u00a0<a href=\"https:\/\/cultura.jundiai.sp.gov.br\/festeju\/cena-profissional\/\">Cena Profissional<\/a>, onde 10 grupos est\u00e3o inscritos.<\/p>\n\n\n\n<p>Para assistir aos espet\u00e1culos no teatro, os ingressos gratuitos ser\u00e3o disponibilizados a partir das 10h30 no dia da apresenta\u00e7\u00e3o. No\u00a0Teatro Polytheama\u00a0a programa\u00e7\u00e3o traz \u201cQuantos outros cabem em um menino\u201d, com Companhia do Acaso, na quinta-feira (16), \u00e0s 17h; \u201cE.L.A\u201d, com o grupo J\u00e9ssica Teixeira, na sexta-feira (17), \u00e0s 19h30; \u201cO menino de Lugar Nenhum\u201d, do grupo Teatro de Panela, no s\u00e1bado (18), \u00e0s 17h; \u201cQuando eu morrer, vou contar tudo a Deus\u201d, com o grupo O Bonde, no domingo (19), \u00e0s 17h; \u201cAlma Boa \u2013 Uma Par\u00e1bola Chinesa\u201d, com a Cia. Histri\u00f4nica de Teatro, na ter\u00e7a-feira (21), \u00e0s 19h30; \u201cWWW para Freedom\u201d, com o grupo Barrac\u00e3o Teatro, na quinta-feira (23), \u00e0s 19h30; \u201cINHA\u00cd \u2013 Coisa de Viado\u201d, do Coletivo Inomin\u00e1vel, na sexta-feira (24), \u00e0s 19h30; e \u201cThe Bichos\u201d, com o grupo Teatro D\u2019Aldeia, no s\u00e1bado (25), \u00e0s 17h.<\/p>\n\n\n\n<p>J\u00e1 na Pra\u00e7a do Coreto a programa\u00e7\u00e3o traz \u201cAconteceu no Brasil enquanto o \u00f4nibus n\u00e3o vem\u201d, com o Grupo Arte da Com\u00e9dia, na ter\u00e7a-feira (21), \u00e0s 15h; e \u201cEntr\u018e\u201d, com a Cia. PlastikOn\u00edrica, no s\u00e1bado (25), \u00e0s 11h.<\/p>\n\n\n\n<p>Al\u00e9m das apresenta\u00e7\u00f5es gratuitas, a programa\u00e7\u00e3o deste ano traz tamb\u00e9m, no Polytheama, duas rodas de conversa com profissionais renomados, na segunda (20) e ter\u00e7a-feira (21), \u00e0s 19h30; dois workshops no Complexo Fepasa, na segunda (20) e ter\u00e7a-feira (21), \u00e0s 9h e um espet\u00e1culo convidado para encerrar a programa\u00e7\u00e3o no domingo (26), \u00e0s 19h.<\/p>\n","protected":false},"excerpt":{"rendered":"<p>Programa\u00e7\u00e3o traz apresenta\u00e7\u00f5es gratuitas e rodas de conversa<\/p>\n","protected":false},"author":30,"featured_media":94344,"comment_status":"closed","ping_status":"closed","sticky":false,"template":"","format":"standard","meta":{"footnotes":""},"categories":[2833,29,8356,8354,1],"tags":[],"class_list":["post-94342","post","type-post","status-publish","format-standard","has-post-thumbnail","hentry","category-cultura","category-destaque","category-jundiai","category-lazer","category-noticias"],"_links":{"self":[{"href":"https:\/\/tvtecjundiai.com.br\/news\/wp-json\/wp\/v2\/posts\/94342","targetHints":{"allow":["GET"]}}],"collection":[{"href":"https:\/\/tvtecjundiai.com.br\/news\/wp-json\/wp\/v2\/posts"}],"about":[{"href":"https:\/\/tvtecjundiai.com.br\/news\/wp-json\/wp\/v2\/types\/post"}],"author":[{"embeddable":true,"href":"https:\/\/tvtecjundiai.com.br\/news\/wp-json\/wp\/v2\/users\/30"}],"replies":[{"embeddable":true,"href":"https:\/\/tvtecjundiai.com.br\/news\/wp-json\/wp\/v2\/comments?post=94342"}],"version-history":[{"count":1,"href":"https:\/\/tvtecjundiai.com.br\/news\/wp-json\/wp\/v2\/posts\/94342\/revisions"}],"predecessor-version":[{"id":94346,"href":"https:\/\/tvtecjundiai.com.br\/news\/wp-json\/wp\/v2\/posts\/94342\/revisions\/94346"}],"wp:featuredmedia":[{"embeddable":true,"href":"https:\/\/tvtecjundiai.com.br\/news\/wp-json\/wp\/v2\/media\/94344"}],"wp:attachment":[{"href":"https:\/\/tvtecjundiai.com.br\/news\/wp-json\/wp\/v2\/media?parent=94342"}],"wp:term":[{"taxonomy":"category","embeddable":true,"href":"https:\/\/tvtecjundiai.com.br\/news\/wp-json\/wp\/v2\/categories?post=94342"},{"taxonomy":"post_tag","embeddable":true,"href":"https:\/\/tvtecjundiai.com.br\/news\/wp-json\/wp\/v2\/tags?post=94342"}],"curies":[{"name":"wp","href":"https:\/\/api.w.org\/{rel}","templated":true}]}}