{"id":94406,"date":"2022-06-14T16:45:15","date_gmt":"2022-06-14T19:45:15","guid":{"rendered":"https:\/\/tvtecjundiai.com.br\/news\/?p=94406"},"modified":"2022-06-14T16:45:19","modified_gmt":"2022-06-14T19:45:19","slug":"prefeitura-de-jundiai-e-senac-se-reunem-para-alinhar-acoes-em-conjunto-destinada-para-jovens","status":"publish","type":"post","link":"https:\/\/tvtecjundiai.com.br\/news\/2022\/06\/14\/prefeitura-de-jundiai-e-senac-se-reunem-para-alinhar-acoes-em-conjunto-destinada-para-jovens\/","title":{"rendered":"Prefeitura de Jundia\u00ed e Senac se re\u00fanem para alinhar a\u00e7\u00f5es em conjunto destinada para jovens"},"content":{"rendered":"\n<p>Na tarde de segunda-feira (13), a equipe de assessores do N\u00facleo de Articula\u00e7\u00e3o de Pol\u00edticas P\u00fablicas da Unidade de Gest\u00e3o da Casa Civil (UGCC), realizou reuni\u00e3o com a coordenadora da equipe de aprendizagem do Senac, Marlene Andre e parte do corpo docente de aprendizagem, com objetivo de desenvolver a\u00e7\u00f5es unificadas que proporcionem capacita\u00e7\u00e3o para os jovens de Jundia\u00ed.<\/p>\n\n\n\n<p>A equipe do Senac conheceu os projetos desenvolvidos pelas assessorias no N\u00facleo, como Plano Municipal de Juventude, o Projeto Primeiros Passos, o Plano Municipal de Direitos Humanos, o projeto Vov\u00f4 Bem-Vindo, o Portal da Inclus\u00e3o, a Casa Afro-Brasil e a Lei de viol\u00eancia contra a mulher (aprovada recentemente). \u201cO intuito destes encontros \u00e9 desenvolve a\u00e7\u00f5es, em parceria, para os jovens, que fazem parte das turmas de cursos de aprendizagem j\u00e1 existentes, de forma a potencializar o conhecimento e as suas oportunidades. Essa \u00e9 uma orienta\u00e7\u00e3o e de pol\u00edtica p\u00fablica do prefeito Luiz Fernando Machado\u201d, detalha o gestor da UGCC, Gustavo Leopoldo Caserta Maryssael de Campos.<\/p>\n\n\n\n<figure class=\"wp-block-image\"><img decoding=\"async\" src=\"https:\/\/jundiai.sp.gov.br\/noticias\/wp-content\/uploads\/sites\/32\/2022\/06\/reuniao_foyer-3.jpg\" alt=\"\" class=\"wp-image-294850\" \/><figcaption>Reuni\u00e3o foi realizada no pa\u00e7o Municipal<\/figcaption><\/figure>\n\n\n\n<p>A agenda propositiva deve, inicialmente, envolver cerca de 700 jovens, majoritariamente entre 16 e 20 anos e que comp\u00f5em 31 turmas do curso de aprendizagem. \u201cA proposta \u00e9 tornar os jovens atores centrais de a\u00e7\u00f5es propositivas que trabalhem de modo transversal com as assessorias tem\u00e1ticas\u201d, comenta a assessora para Pol\u00edticas para a Juventude, Let\u00edcia Atique Branco.<\/p>\n\n\n\n<p><\/p>\n\n\n\n<p><strong><em>(Fonte\/Imagem: Prefeitura de Jundia\u00ed)<\/em><\/strong><\/p>\n","protected":false},"excerpt":{"rendered":"<p>Reuni\u00e3o foi realizada no pa\u00e7o Municipal<\/p>\n","protected":false},"author":24,"featured_media":94407,"comment_status":"closed","ping_status":"closed","sticky":false,"template":"","format":"standard","meta":{"footnotes":""},"categories":[2828],"tags":[],"class_list":["post-94406","post","type-post","status-publish","format-standard","has-post-thumbnail","hentry","category-educacao"],"_links":{"self":[{"href":"https:\/\/tvtecjundiai.com.br\/news\/wp-json\/wp\/v2\/posts\/94406","targetHints":{"allow":["GET"]}}],"collection":[{"href":"https:\/\/tvtecjundiai.com.br\/news\/wp-json\/wp\/v2\/posts"}],"about":[{"href":"https:\/\/tvtecjundiai.com.br\/news\/wp-json\/wp\/v2\/types\/post"}],"author":[{"embeddable":true,"href":"https:\/\/tvtecjundiai.com.br\/news\/wp-json\/wp\/v2\/users\/24"}],"replies":[{"embeddable":true,"href":"https:\/\/tvtecjundiai.com.br\/news\/wp-json\/wp\/v2\/comments?post=94406"}],"version-history":[{"count":1,"href":"https:\/\/tvtecjundiai.com.br\/news\/wp-json\/wp\/v2\/posts\/94406\/revisions"}],"predecessor-version":[{"id":94408,"href":"https:\/\/tvtecjundiai.com.br\/news\/wp-json\/wp\/v2\/posts\/94406\/revisions\/94408"}],"wp:featuredmedia":[{"embeddable":true,"href":"https:\/\/tvtecjundiai.com.br\/news\/wp-json\/wp\/v2\/media\/94407"}],"wp:attachment":[{"href":"https:\/\/tvtecjundiai.com.br\/news\/wp-json\/wp\/v2\/media?parent=94406"}],"wp:term":[{"taxonomy":"category","embeddable":true,"href":"https:\/\/tvtecjundiai.com.br\/news\/wp-json\/wp\/v2\/categories?post=94406"},{"taxonomy":"post_tag","embeddable":true,"href":"https:\/\/tvtecjundiai.com.br\/news\/wp-json\/wp\/v2\/tags?post=94406"}],"curies":[{"name":"wp","href":"https:\/\/api.w.org\/{rel}","templated":true}]}}