{"id":94439,"date":"2022-06-15T10:44:27","date_gmt":"2022-06-15T13:44:27","guid":{"rendered":"https:\/\/tvtecjundiai.com.br\/news\/?p=94439"},"modified":"2022-06-15T10:44:36","modified_gmt":"2022-06-15T13:44:36","slug":"confira-a-agenda-cultural-do-feriado-prolongado-de-corpus-christi-em-jundiai","status":"publish","type":"post","link":"https:\/\/tvtecjundiai.com.br\/news\/2022\/06\/15\/confira-a-agenda-cultural-do-feriado-prolongado-de-corpus-christi-em-jundiai\/","title":{"rendered":"Confira a Agenda Cultural do feriado prolongado de Corpus Christi em Jundia\u00ed"},"content":{"rendered":"\n<p>Para quem ficar em Jundia\u00ed neste feriado prolongado de Corpus Christi poder\u00e1 conferir diversas a\u00e7\u00f5es culturais programadas pela&nbsp;<a href=\"https:\/\/cultura.jundiai.sp.gov.br\/\" target=\"_blank\" rel=\"noreferrer noopener\">Unidade de Gest\u00e3o de Cultura&nbsp;<\/a>(UGC) e todas gratuitas. Os equipamentos culturais estar\u00e3o abertos com hor\u00e1rios especiais e diferenciados para atender ao p\u00fablico interessado em conhecer e visitar.<\/p>\n\n\n\n<p>O\u00a0<strong>Complexo Fepasa\u00a0<\/strong>(avenida Uni\u00e3o dos Ferrovi\u00e1rios, 1.760, Centro) recebe em suas salas ao longo dos pr\u00f3ximos dias os grupos previamente agendados para os seus ensaios. Neste per\u00edodo, o setor administrativo da Unidade n\u00e3o ter\u00e1 expediente. Mais informa\u00e7\u00f5es pelo telefone 4589-6800.<\/p>\n\n\n\n<p>A <strong>Biblioteca Municipal Professor Nelson Foot<\/strong> (avenida Dr. Cavalcanti, 396 \u2013 Complexo Argos, Vila Arens) abre ao p\u00fablico nesta quinta (16), sexta (17) e s\u00e1bado (18), das 9h \u00e0s 13h. O p\u00fablico poder\u00e1 visitar as duas exposi\u00e7\u00f5es: \u201cTaipa e Palavra \u2013 Jundia\u00ed 2022\u201d, da professora Isabella Ferraro, no espa\u00e7o Sonia Cintra, que re\u00fane fotografias, textos breves e o patrim\u00f4nio hist\u00f3rico imaterial e material da cidade de diversos espa\u00e7os vistos de forma diferentes. E \u201cFa\u00e7a-se a Luz\u201d, da artista pl\u00e1stica Luz Pearce, na galeria Jundia\u00ed reunindo diversas mandalas, representando o ciclo da vida e a conex\u00e3o do indiv\u00edduo com o universo.<\/p>\n\n\n\n<p>E no s\u00e1bado (18), \u00e0s 11h, tem conta\u00e7\u00e3o de hist\u00f3ria com a Cia. Contando com Encanto, para o p\u00fablico infantil. \u201cFada Nara e a magia da reciclagem. A Biblioteca fica fechada no domingo (19) e reabre na segunda-feira (20), das 9h \u00e0s 21h. Mais informa\u00e7\u00f5es pelo telefone 4527-2110.<\/p>\n\n\n\n<p>A\u00a0<strong>F\u00e1brica das Inf\u00e2ncias Japy\u00a0<\/strong>(rua Lacerda Franco, 175, Vila Arens) abre todos os dias, das 9h \u00e0s 13h, com programa\u00e7\u00e3o para crian\u00e7as de quatro a dez anos: na quinta (16) e sexta (17) apenas para visita\u00e7\u00e3o. No s\u00e1bado (18) e no domingo (19), estar\u00e1 aberta das 9h \u00e0s 13h, sendo que nos dois dias, \u00e0s 10h30, as crian\u00e7as ter\u00e3o atividades especiais.<\/p>\n\n\n\n<p>No s\u00e1bado, conta\u00e7\u00e3o de hist\u00f3ria, com Telma Costa e Ulisses Vertuan e o espet\u00e1culo \u201cCan\u00e7\u00f5es e Parlendas\u201d. No domingo, a Cia. Respeit\u00e1vel P\u00fablico apresenta \u201cKombinado n\u00e3o \u00e9 carro\u201d, com diversas atividades circenses.<\/p>\n\n\n\n<figure class=\"wp-block-image size-large\"><img loading=\"lazy\" decoding=\"async\" width=\"1200\" height=\"800\" src=\"https:\/\/tvtecjundiai.com.br\/news\/wp-content\/uploads\/sites\/2\/2022\/06\/kombinado-nao-e-carro-1200x800.jpg\" alt=\"\" class=\"wp-image-94440\" srcset=\"https:\/\/tvtecjundiai.com.br\/news\/wp-content\/uploads\/sites\/2\/2022\/06\/kombinado-nao-e-carro-1200x800.jpg 1200w, https:\/\/tvtecjundiai.com.br\/news\/wp-content\/uploads\/sites\/2\/2022\/06\/kombinado-nao-e-carro-300x200.jpg 300w, https:\/\/tvtecjundiai.com.br\/news\/wp-content\/uploads\/sites\/2\/2022\/06\/kombinado-nao-e-carro-768x512.jpg 768w, https:\/\/tvtecjundiai.com.br\/news\/wp-content\/uploads\/sites\/2\/2022\/06\/kombinado-nao-e-carro.jpg 1280w\" sizes=\"auto, (max-width: 1200px) 100vw, 1200px\" \/><figcaption>\u201cKombinado n\u00e3o \u00e9 carro\u201d, espet\u00e1culo do domingo para a garotada<\/figcaption><\/figure>\n\n\n\n<p>Na segunda (20), o espa\u00e7o fecha para manuten\u00e7\u00e3o e reabre na ter\u00e7a-feira (21). Mais informa\u00e7\u00f5es no 4521-0971.<\/p>\n\n\n\n<p>O\u00a0<strong>Museu Hist\u00f3rico e Cultural de Jundia\u00ed<\/strong>\u00a0\u2013 Solar do Bar\u00e3o (rua Bar\u00e3o de Jundia\u00ed, 762, Centro) e seus jardins ficam abertos de quinta (16) a domingo (19), das 10h \u00e0s 17h. O p\u00fablico poder\u00e1 conhecer visitar a exposi\u00e7\u00e3o\u00a0\u201cLegados de Gl\u00f3ria \u2013 Mem\u00f3rias da Dan\u00e7a em Jundia\u00ed\u201d, dedicada \u00e0 mem\u00f3ria da bailarina, cen\u00f3grafa e core\u00f3grafa Gl\u00f3ria da Silva Rocha e \u00e0 hist\u00f3ria da dan\u00e7a na cidade.<\/p>\n\n\n\n<p>Nessa visita ao Museu o p\u00fablico pode conferir tamb\u00e9m em seus jardins as instala\u00e7\u00f5es do programa municipal\u00a0Cidade das Crian\u00e7as\u00a0e da campanha \u201cJundia\u00ed P\u00e9 de Inf\u00e2ncia\u201d, com os conceitos da Rede Urban95.<\/p>\n\n\n\n<p>Na segunda (20) o museu fica fechado para limpeza e manuten\u00e7\u00e3o e reabre na ter\u00e7a-feira (21). Mais informa\u00e7\u00f5es 4521-6259.<\/p>\n\n\n\n<p>A\u00a0<strong>Pinacoteca Municipal Di\u00f3genes Duarte Paes<\/strong>\u00a0(rua Bar\u00e3o de Jundia\u00ed, 109, Centro) tamb\u00e9m fica aberta de quinta (16) a domingo (19), das 10h \u00e0s 17h. Est\u00e3o dispon\u00edveis para visita\u00e7\u00e3o at\u00e9 o dia 3 de julho duas exposi\u00e7\u00f5es:\u00a0\u201cNonni di S\u00e3o Paulo\u201d, do artista Oliviero Pluviano e \u201cPaesani\u201d, com obras do fot\u00f3grafo Emidio Luisi est\u00e3o acontecendo no local em homenagem \u00e0 imigra\u00e7\u00e3o italiana ao Pa\u00eds. As mostras contam tamb\u00e9m, com um destaque especial tamb\u00e9m para a comunidade italojundiaiense.<\/p>\n\n\n\n<figure class=\"wp-block-image size-large\"><img loading=\"lazy\" decoding=\"async\" width=\"1200\" height=\"800\" src=\"https:\/\/tvtecjundiai.com.br\/news\/wp-content\/uploads\/sites\/2\/2022\/06\/exposicao-de-imagens-paesani-na-pinacoteca_c_-5-1200x800.jpg\" alt=\"\" class=\"wp-image-94441\" srcset=\"https:\/\/tvtecjundiai.com.br\/news\/wp-content\/uploads\/sites\/2\/2022\/06\/exposicao-de-imagens-paesani-na-pinacoteca_c_-5-1200x800.jpg 1200w, https:\/\/tvtecjundiai.com.br\/news\/wp-content\/uploads\/sites\/2\/2022\/06\/exposicao-de-imagens-paesani-na-pinacoteca_c_-5-300x200.jpg 300w, https:\/\/tvtecjundiai.com.br\/news\/wp-content\/uploads\/sites\/2\/2022\/06\/exposicao-de-imagens-paesani-na-pinacoteca_c_-5-768x512.jpg 768w, https:\/\/tvtecjundiai.com.br\/news\/wp-content\/uploads\/sites\/2\/2022\/06\/exposicao-de-imagens-paesani-na-pinacoteca_c_-5.jpg 1280w\" sizes=\"auto, (max-width: 1200px) 100vw, 1200px\" \/><figcaption>\u201cPaesani\u201d re\u00fane as obras do fot\u00f3grafo Emidio Luisi<\/figcaption><\/figure>\n\n\n\n<p>O visitante ainda poder\u00e1 conferir as obras do pintor\u00a0Inos Corradin\u00a0que comp\u00f5em a reserva t\u00e9cnica da Pinacoteca, como a s\u00e9rie de quadros que retratam a Paix\u00e3o de Cristo.<br>Na segunda-feira (20), o espa\u00e7o recebe manuten\u00e7\u00e3o e reabre ao p\u00fablico na ter\u00e7a-feira (21). Mais informa\u00e7\u00f5es no 4586-2326.<\/p>\n\n\n\n<p>O\u00a0<strong>Teatro Polytheama<\/strong>\u00a0(rua Bar\u00e3o de Jundia\u00ed, 176, Centro) estar\u00e1 aberto durante todo o per\u00edodo para receber os participantes da sexta edi\u00e7\u00e3o do\u00a0Festival de Teatro de Jundia\u00ed \u2013 Festeju. Os ingressos gratuitos \u2013 dois por pessoa \u2013 ser\u00e3o distribu\u00eddos na bilheteria do teatro e pela plataforma Sympla, sempre a partir das 10h30 do dia da apresenta\u00e7\u00e3o. Mais informa\u00e7\u00f5es no 4586-2472.<\/p>\n\n\n\n<p>Na\u00a0<strong>Galeria de Arte Fernanda Perracini Milani<\/strong>,\u00a0(anexa ao teatro Polytheama) o p\u00fablico pode conferir a exposi\u00e7\u00e3o\u00a0\u201cCondi\u00e7\u00f5es da Mat\u00e9ria\u201d, do artista Lucas Souza, marcando o in\u00edcio da temporada de Artes Pl\u00e1sticas 2022, a primeira das seis mostras selecionadas pelo edital lan\u00e7ado pela Unidade de Gest\u00e3o de Cultura (UGC) para serem realizadas naquele espa\u00e7o cultural.<\/p>\n\n\n\n<p>Composta por 26 obras, \u201cCondi\u00e7\u00f5es da Mat\u00e9ria\u201d apresenta uma diversidade de produ\u00e7\u00f5es, evidenciando quest\u00f5es e inquieta\u00e7\u00f5es acerca de temas como corporeidade, peso, forma e mensura\u00e7\u00e3o. A mat\u00e9ria \u00e9 apresentada por meio de pequenas esculturas em argila, desde seu estado s\u00f3lido quando seco at\u00e9 o p\u00f3 que representa sua condi\u00e7\u00e3o mais vol\u00e1til.<\/p>\n\n\n\n<figure class=\"wp-block-image size-large\"><img loading=\"lazy\" decoding=\"async\" width=\"1200\" height=\"800\" src=\"https:\/\/tvtecjundiai.com.br\/news\/wp-content\/uploads\/sites\/2\/2022\/06\/exposicao-condicoes-da-materia-na-galeria-polytheama_f_-20-1-1200x800.jpg\" alt=\"\" class=\"wp-image-94442\" srcset=\"https:\/\/tvtecjundiai.com.br\/news\/wp-content\/uploads\/sites\/2\/2022\/06\/exposicao-condicoes-da-materia-na-galeria-polytheama_f_-20-1-1200x800.jpg 1200w, https:\/\/tvtecjundiai.com.br\/news\/wp-content\/uploads\/sites\/2\/2022\/06\/exposicao-condicoes-da-materia-na-galeria-polytheama_f_-20-1-300x200.jpg 300w, https:\/\/tvtecjundiai.com.br\/news\/wp-content\/uploads\/sites\/2\/2022\/06\/exposicao-condicoes-da-materia-na-galeria-polytheama_f_-20-1-768x512.jpg 768w, https:\/\/tvtecjundiai.com.br\/news\/wp-content\/uploads\/sites\/2\/2022\/06\/exposicao-condicoes-da-materia-na-galeria-polytheama_f_-20-1.jpg 1280w\" sizes=\"auto, (max-width: 1200px) 100vw, 1200px\" \/><figcaption>Na Galeria do Teatro Polytheama a exposi\u00e7\u00e3o \u201cCondi\u00e7\u00f5es da Mat\u00e9ria\u201d<\/figcaption><\/figure>\n\n\n\n<p>&#8220;Condi\u00e7\u00f5es da Mat\u00e9ria\u201d, poder\u00e1 ser visitada at\u00e9 o dia 5 de julho. Com entrada gratuita, o hor\u00e1rio ser\u00e1 de ter\u00e7a a sexta-feira, das 9h \u00e0s 12h e das 13h \u00e0s 17h. Aos s\u00e1bados das 10h \u00e0s 13h.<\/p>\n\n\n\n<p>Na\u00a0<strong>Pracinha da Cultura do Vista Alegre\u00a0<\/strong>\u2013 antigo CEU das Artes (rua Cabo Edvaldo Quirino Santana, 46-110) as oficinas gratuitas e descentralizadas da Cultura no bairro ficam suspensas somente na quinta-feira (16). Na sexta-feira (17) e no s\u00e1bado (18), as oficinas funcionam normalmente.<\/p>\n\n\n\n<p>Na sexta-feira (17) tem uma nova sess\u00e3o de cinema no teatro da Pracinha, dentro da programa\u00e7\u00e3o do projeto \u201cSuper Tela\u201d, lan\u00e7ado na \u00faltima semana. Dessa vez o filme ser\u00e1 \u201cEncanto\u201d, uma produ\u00e7\u00e3o dos est\u00fadios Disney. A sess\u00e3o, est\u00e1 marcada para \u00e0s 19h, com entrada franca. A capacidade do audit\u00f3rio \u00e9 de 40 lugares e o acesso ser\u00e1 por ordem de chegada.<\/p>\n\n\n\n<p>No s\u00e1bado (18), das 14h \u00e0s 18h30 acontece a segunda edi\u00e7\u00e3o da \u201cBatalha de Rimas &amp; Poesia\u201d. Para esta edi\u00e7\u00e3o a novidade \u00e9 a oficina de constru\u00e7\u00e3o de rimas que ser\u00e1 ministrada pelo MC Tom, idealizador da Batalha, que com sua experi\u00eancia, estimular\u00e1 a garotada a produzir suas pr\u00f3prias rimas com o tema: A import\u00e2ncia da leitura. A inten\u00e7\u00e3o \u00e9 que os participantes da oficina tenham repert\u00f3rio para \u201cduelar\u201d no momento da Batalha.<\/p>\n\n\n\n<p>A oficina acontecer\u00e1 na Biblioteca da Pracinha das 14h \u00e0s 15h. J\u00e1 a Batalha ter\u00e1 in\u00edcio \u00e0s 16h, com t\u00e9rmino previsto para \u00e0s 18h30. As rimas dos competidores. As rimas dos competidores ser\u00e3o embaladas ao som das batidas do DJ Joker e o artista \u00d3cio, deixar\u00e1 sua segunda arte registrada em uma das paredes da Biblioteca.<\/p>\n\n\n\n<p>A promo\u00e7\u00e3o da Batalha de Rimas \u00e9 uma a\u00e7\u00e3o da Biblioteca P\u00fablica Municipal Prof. Nelson Foot, no Vista Alegre com o objetivo de estabelecer um di\u00e1logo mais pr\u00f3ximo e estreitar la\u00e7os com a comunidade frequentadora da pracinha, apostando na oferta da Batalha, por ser um movimento do Hip Hop que est\u00e1 diretamente ligado \u00e0 poesia. Mais informa\u00e7\u00f5es no 4521-6193.<\/p>\n\n\n\n<p><strong>Pr\u00f3ximas atra\u00e7\u00f5es<\/strong><\/p>\n\n\n\n<p>Para quem gosta de acompanhar as a\u00e7\u00f5es culturais, anote o que ainda vai acontecer neste m\u00eas de junho:<\/p>\n\n\n\n<p><strong>Dia 26 de junho<\/strong>, das 10h \u00e0s 15h,&nbsp;<strong>Cultura nos Bairros<\/strong>&nbsp;\u2013 Centro Esportivo do Jardim Santa Gertrudes \u2013 Apresenta\u00e7\u00f5es culturais, barracas de gastronomia, com participa\u00e7\u00e3o dos permission\u00e1rios do Programa Varej\u00e3o Noturno e Artesanato, com a presen\u00e7a dos artistas do projeto Jundia\u00ed Feito \u00e0 M\u00e3o. Entrada franca.<\/p>\n\n\n\n<p><strong>Dia 27 de junho<\/strong>, 19h, Sala Jundia\u00ed, Complexo Fepasa,&nbsp;<strong>Festival CulturaMais Teatro<\/strong>&nbsp;\u2013 Espet\u00e1culo H\u00e9cuba, entrada franca.<\/p>\n\n\n\n<p><strong>Dia 30 de junho, Projeto M\u00fasica &amp; Hist\u00f3rias<\/strong>, \u00e0s 19h30, Teatro Polytheama \u2013 m\u00fasica, dan\u00e7a e teatro \u2013 A vida e a obra de Raul Seixas. Entrada franca.<\/p>\n\n\n\n<p><em><strong>(Fonte\/Imagens: Prefeitura de Jundia\u00ed)<\/strong><\/em><\/p>\n","protected":false},"excerpt":{"rendered":"<p>Os equipamentos culturais estar\u00e3o abertos com hor\u00e1rios especiais para atender ao p\u00fablico<\/p>\n","protected":false},"author":30,"featured_media":94440,"comment_status":"closed","ping_status":"closed","sticky":false,"template":"","format":"standard","meta":{"footnotes":""},"categories":[2833,8356,8354,1],"tags":[],"class_list":["post-94439","post","type-post","status-publish","format-standard","has-post-thumbnail","hentry","category-cultura","category-jundiai","category-lazer","category-noticias"],"_links":{"self":[{"href":"https:\/\/tvtecjundiai.com.br\/news\/wp-json\/wp\/v2\/posts\/94439","targetHints":{"allow":["GET"]}}],"collection":[{"href":"https:\/\/tvtecjundiai.com.br\/news\/wp-json\/wp\/v2\/posts"}],"about":[{"href":"https:\/\/tvtecjundiai.com.br\/news\/wp-json\/wp\/v2\/types\/post"}],"author":[{"embeddable":true,"href":"https:\/\/tvtecjundiai.com.br\/news\/wp-json\/wp\/v2\/users\/30"}],"replies":[{"embeddable":true,"href":"https:\/\/tvtecjundiai.com.br\/news\/wp-json\/wp\/v2\/comments?post=94439"}],"version-history":[{"count":2,"href":"https:\/\/tvtecjundiai.com.br\/news\/wp-json\/wp\/v2\/posts\/94439\/revisions"}],"predecessor-version":[{"id":94444,"href":"https:\/\/tvtecjundiai.com.br\/news\/wp-json\/wp\/v2\/posts\/94439\/revisions\/94444"}],"wp:featuredmedia":[{"embeddable":true,"href":"https:\/\/tvtecjundiai.com.br\/news\/wp-json\/wp\/v2\/media\/94440"}],"wp:attachment":[{"href":"https:\/\/tvtecjundiai.com.br\/news\/wp-json\/wp\/v2\/media?parent=94439"}],"wp:term":[{"taxonomy":"category","embeddable":true,"href":"https:\/\/tvtecjundiai.com.br\/news\/wp-json\/wp\/v2\/categories?post=94439"},{"taxonomy":"post_tag","embeddable":true,"href":"https:\/\/tvtecjundiai.com.br\/news\/wp-json\/wp\/v2\/tags?post=94439"}],"curies":[{"name":"wp","href":"https:\/\/api.w.org\/{rel}","templated":true}]}}