{"id":94498,"date":"2022-06-16T09:43:29","date_gmt":"2022-06-16T12:43:29","guid":{"rendered":"https:\/\/tvtecjundiai.com.br\/news\/?p=94498"},"modified":"2022-06-16T15:47:15","modified_gmt":"2022-06-16T18:47:15","slug":"moradores-do-eloy-chaves-voltam-a-confeccionar-o-tradicional-tapete-de-corpus-christi","status":"publish","type":"post","link":"https:\/\/tvtecjundiai.com.br\/news\/2022\/06\/16\/moradores-do-eloy-chaves-voltam-a-confeccionar-o-tradicional-tapete-de-corpus-christi\/","title":{"rendered":"Moradores do Eloy Chaves voltam a confeccionar o tradicional tapete de Corpus Christi"},"content":{"rendered":"\n<p>Muita gente acordou cedo nesta quinta-feira para realizar a tradicional confec\u00e7\u00e3o do tapete de Corpus Christi da Par\u00f3quia S\u00e3o Jo\u00e3o Bosco, no Parque Eloy Chaves, em Jundia\u00ed. Nos \u00faltimos dois anos, a iniciativa &#8211; que acontece desde 1988 na rua &#8211; foi interrompida por conta da pandemia. O retorno \u00e9 comemorado por todos.<\/p>\n\n\n\n<figure class=\"wp-block-image size-full\"><img loading=\"lazy\" decoding=\"async\" width=\"1024\" height=\"768\" src=\"https:\/\/tvtecjundiai.com.br\/news\/wp-content\/uploads\/sites\/2\/2022\/06\/WhatsApp-Image-2022-06-16-at-09.17.18-1.jpeg\" alt=\"\" class=\"wp-image-94499\" srcset=\"https:\/\/tvtecjundiai.com.br\/news\/wp-content\/uploads\/sites\/2\/2022\/06\/WhatsApp-Image-2022-06-16-at-09.17.18-1.jpeg 1024w, https:\/\/tvtecjundiai.com.br\/news\/wp-content\/uploads\/sites\/2\/2022\/06\/WhatsApp-Image-2022-06-16-at-09.17.18-1-300x225.jpeg 300w, https:\/\/tvtecjundiai.com.br\/news\/wp-content\/uploads\/sites\/2\/2022\/06\/WhatsApp-Image-2022-06-16-at-09.17.18-1-768x576.jpeg 768w\" sizes=\"auto, (max-width: 1024px) 100vw, 1024px\" \/><figcaption>Para a confec\u00e7\u00e3o do tapete de 32 metros no Eloy Chaves, s\u00e3o utilizados meia tonelada de serragem, tinta, p\u00f3 de caf\u00e9 e outros materiais.<\/figcaption><\/figure>\n\n\n\n<p>\u201cToda comunidade est\u00e1 feliz por viver novamente esse momento de estar nas ruas, confeccionando os tapetes\u201d, destacou o p\u00e1roco, padre Michael Henrique dos Santos.<\/p>\n\n\n\n<p>Al\u00e9m da f\u00e9, a solidariedade esteve em alta. A par\u00f3quia fez uma campanha entre os fi\u00e9is para doa\u00e7\u00e3o de fraldas tamanho G infantil e adulto. Tudo ser\u00e1 repassado ao Fundo Social de Solidariedade de Jundia\u00ed.<\/p>\n\n\n\n<p>\u201cTemos uma campanha permanente no Fundo Social, al\u00e9m das j\u00e1 tradicionais doa\u00e7\u00f5es de alimentos, agasalhos e brinquedos. Recebemos pedidos de fraldas, materiais de limpeza, higiene pessoal. Por isso a\u00e7\u00f5es como essa da Par\u00f3quia S\u00e3o Jo\u00e3o Bosco s\u00e3o muito importantes\u201d, comentou Francine Picardi, diretora do Fundo Social.<\/p>\n\n\n\n<p><strong>Hist\u00f3ria<\/strong><br>Para a confec\u00e7\u00e3o do tapete com pouco mais de 350 metros no Eloy Chaves, s\u00e3o utilizados meia tonelada de serragem, tinta, p\u00f3 de caf\u00e9 e outros materiais. A cria\u00e7\u00e3o com temas religiosos \u00e9 feita por 11 equipes, formadas por uma centena de volunt\u00e1rios da par\u00f3quia.<\/p>\n\n\n\n<p>H\u00e1 34 anos, o padre \u00e0 \u00e9poca fez um desafio aos paroquianos para que o tapete feito na igreja fosse levado para as ruas do Eloy Chaves.<\/p>\n\n\n\n<figure class=\"wp-block-image size-full\"><img loading=\"lazy\" decoding=\"async\" width=\"1024\" height=\"768\" src=\"https:\/\/tvtecjundiai.com.br\/news\/wp-content\/uploads\/sites\/2\/2022\/06\/WhatsApp-Image-2022-06-16-at-09.17.18.jpeg\" alt=\"\" class=\"wp-image-94500\" srcset=\"https:\/\/tvtecjundiai.com.br\/news\/wp-content\/uploads\/sites\/2\/2022\/06\/WhatsApp-Image-2022-06-16-at-09.17.18.jpeg 1024w, https:\/\/tvtecjundiai.com.br\/news\/wp-content\/uploads\/sites\/2\/2022\/06\/WhatsApp-Image-2022-06-16-at-09.17.18-300x225.jpeg 300w, https:\/\/tvtecjundiai.com.br\/news\/wp-content\/uploads\/sites\/2\/2022\/06\/WhatsApp-Image-2022-06-16-at-09.17.18-768x576.jpeg 768w\" sizes=\"auto, (max-width: 1024px) 100vw, 1024px\" \/><figcaption>O evento vai arrecadar fraldas que ser\u00e3o doadas ao Fundo Social de Solidariedade de Jundia\u00ed.<\/figcaption><\/figure>\n\n\n\n<p>Em abril de 2012, essa celebra\u00e7\u00e3o passou a fazer parte do Calend\u00e1rio Municipal de Eventos por meio da Lei Municipal 7.852, proposto pela ex-vereadora Ana Tonelli.<\/p>\n","protected":false},"excerpt":{"rendered":"<p>Tapete possui pouco mais de 350 metros de comprimento e \u00e9 desenvolvido por 11 equipes do bairro<\/p>\n","protected":false},"author":17,"featured_media":94500,"comment_status":"closed","ping_status":"closed","sticky":false,"template":"","format":"standard","meta":{"footnotes":""},"categories":[2833,8356,1],"tags":[],"class_list":["post-94498","post","type-post","status-publish","format-standard","has-post-thumbnail","hentry","category-cultura","category-jundiai","category-noticias"],"_links":{"self":[{"href":"https:\/\/tvtecjundiai.com.br\/news\/wp-json\/wp\/v2\/posts\/94498","targetHints":{"allow":["GET"]}}],"collection":[{"href":"https:\/\/tvtecjundiai.com.br\/news\/wp-json\/wp\/v2\/posts"}],"about":[{"href":"https:\/\/tvtecjundiai.com.br\/news\/wp-json\/wp\/v2\/types\/post"}],"author":[{"embeddable":true,"href":"https:\/\/tvtecjundiai.com.br\/news\/wp-json\/wp\/v2\/users\/17"}],"replies":[{"embeddable":true,"href":"https:\/\/tvtecjundiai.com.br\/news\/wp-json\/wp\/v2\/comments?post=94498"}],"version-history":[{"count":2,"href":"https:\/\/tvtecjundiai.com.br\/news\/wp-json\/wp\/v2\/posts\/94498\/revisions"}],"predecessor-version":[{"id":94511,"href":"https:\/\/tvtecjundiai.com.br\/news\/wp-json\/wp\/v2\/posts\/94498\/revisions\/94511"}],"wp:featuredmedia":[{"embeddable":true,"href":"https:\/\/tvtecjundiai.com.br\/news\/wp-json\/wp\/v2\/media\/94500"}],"wp:attachment":[{"href":"https:\/\/tvtecjundiai.com.br\/news\/wp-json\/wp\/v2\/media?parent=94498"}],"wp:term":[{"taxonomy":"category","embeddable":true,"href":"https:\/\/tvtecjundiai.com.br\/news\/wp-json\/wp\/v2\/categories?post=94498"},{"taxonomy":"post_tag","embeddable":true,"href":"https:\/\/tvtecjundiai.com.br\/news\/wp-json\/wp\/v2\/tags?post=94498"}],"curies":[{"name":"wp","href":"https:\/\/api.w.org\/{rel}","templated":true}]}}