{"id":94552,"date":"2022-06-18T18:07:24","date_gmt":"2022-06-18T21:07:24","guid":{"rendered":"https:\/\/tvtecjundiai.com.br\/news\/?p=94552"},"modified":"2022-06-18T18:07:28","modified_gmt":"2022-06-18T21:07:28","slug":"prefeitura-realiza-obras-complementares-de-mobilidade-na-av-antonio-pincinato","status":"publish","type":"post","link":"https:\/\/tvtecjundiai.com.br\/news\/2022\/06\/18\/prefeitura-realiza-obras-complementares-de-mobilidade-na-av-antonio-pincinato\/","title":{"rendered":"Prefeitura realiza obras complementares de mobilidade na Av. Antonio Pincinato"},"content":{"rendered":"\n<h2 class=\"wp-block-heading\"><\/h2>\n\n\n\n<p>As obras de recapeamento e altera\u00e7\u00e3o na rotat\u00f3ria da Avenida Antonio Pincinato receberam, na manh\u00e3 deste s\u00e1bado, a visita e vistoria de autoridades do poderes Executivo e Legislativo, juntamente com moradores do bairro e s\u00edndicos dos condom\u00ednios localizados na avenida. As melhorias j\u00e1 se encontram em fase final e devem ser entregues em breve.<\/p>\n\n\n\n<p>Representando o prefeito Luiz Fernando Machado estavam o vice-prefeito Gustavo Martinelli e o gestor da Unidade de Gest\u00e3o de Governo e Finan\u00e7as, Jos\u00e9 Antonio Parimoschi. Por parte do Legislativo municipal, compareceram o presidente da C\u00e2mara de Jundia\u00ed, Faouaz Taha, e o vereador Daniel Lemos, que participou das reuni\u00f5es e dos pedidos para que a obra fosse executada.<\/p>\n\n\n\n<p><br>\u201cA mobilidade urbana \u00e9 uma das prioridades da nossa gest\u00e3o. J\u00e1 foram investidos quase R$ 20 milh\u00f5es nesta pasta, com a ajuda do governo do estado, para trazer maior qualidade de vida e valoriza\u00e7\u00e3o do territ\u00f3rio\u201d, comenta o gestor de Governo e Finan\u00e7as, Jos\u00e9 Antonio Parimoschi.<\/p>\n\n\n\n<figure class=\"wp-block-image\"><img decoding=\"async\" src=\"https:\/\/jundiai.sp.gov.br\/noticias\/wp-content\/uploads\/sites\/32\/2022\/06\/vistoria-das-obras-da-avenida-antonio-pincinato_fm_-43.jpg\" alt=\"Diretor da UGMT, Leandro Pinheiro, mostra estudo realizado na \u00e1rea antes das obras\" class=\"wp-image-295035\" \/><figcaption>Diretor da UGMT, Leandro Pinheiro, mostra estudo realizado na \u00e1rea antes das obras<\/figcaption><\/figure>\n\n\n\n<p>\u201cPara que a obra fosse aprovada realizamos antes um estudo t\u00e9cnico, a pedido do vereador Daniel, para definir qual a forma mais correta de destinar recursos a esta Regi\u00e3o. Ap\u00f3s o t\u00e9rmino, iremos avaliar o impacto que ela realmente causou e quais os pontos que ainda precisam de mudan\u00e7as\u201d, completa.<\/p>\n\n\n\n<p><br>Tamb\u00e9m participaram do encontro representantes da Unidade de Gest\u00e3o de Mobilidade e Transporte (UGMT), e da Unidade de Gest\u00e3o de Infraestrutura e Servi\u00e7os P\u00fablicos (UGISP), que esclarecem alguns pontos mais t\u00e9cnicos da obra.<\/p>\n\n\n\n<p><br>A avenida tamb\u00e9m cumpre papel de alternativa \u00e0 Rodovia Dom Gabriel e de corredor de desenvolvimento econ\u00f4mico em raz\u00e3o do seu acesso ao Aeroporto Comandante Rolim Amaro.<\/p>\n\n\n\n<p>A obra da avenida Ant\u00f4nio Pincinato corresponde, at\u00e9 o momento, \u00e0 maior metragem quadrada das obras previstas no pacote da terceira fase do programa Mais Asfalto Jundia\u00ed, somando mais de 260 mil metros quadrados de recape a serem realizados nos pr\u00f3ximos tr\u00eas meses.<\/p>\n\n\n\n<figure class=\"wp-block-image\"><img decoding=\"async\" src=\"https:\/\/jundiai.sp.gov.br\/noticias\/wp-content\/uploads\/sites\/32\/2022\/06\/vistoria-das-obras-da-avenida-antonio-pincinato_fm_-64.jpg\" alt=\"Prefeitura de Jundia\u00ed realiza vistoria em obras na rotat\u00f3ria da Ant\u00f4nio Pincinato\" class=\"wp-image-295036\" \/><figcaption>Prefeitura de Jundia\u00ed realiza vistoria em obras na Ant\u00f4nio Pincinato<\/figcaption><\/figure>\n\n\n\n<p><br>\u201cA cidade \u00e9 como uma engrenagem, que precisa da participa\u00e7\u00e3o de todos para funcionar. Quando o poder p\u00fablico \u2013 seja a Prefeitura ou a C\u00e2mara de Jundia\u00ed \u2013 e a popula\u00e7\u00e3o trabalham juntos, os resultados sempre s\u00e3o positivos. \u00c9 muito positivo que Jundia\u00ed tenha pessoas que lutem pelos seus direitos e por melhorias sempre\u201d, aponta o vice-prefeito Gustavo Martinelli.<br>Os recursos utilizados fazem parte do pacote de R$ 18 milh\u00f5es de investimentos na melhoria da mobilidade urbana, realizado pela Prefeitura em parceria com o Governo do Estado.<\/p>\n\n\n\n<p><br>\u201cEssas melhorias s\u00e3o uma conquista para a Regi\u00e3o, principalmente para os moradores do bairro e dos condom\u00ednios, que h\u00e1 tempo pediam esse tipo de interven\u00e7\u00e3o. Isso s\u00f3 foi poss\u00edvel com muito trabalho, em conjunto com a popula\u00e7\u00e3o e com a Prefeitura de Jundia\u00ed, e ter\u00e1 um feito direto na vida das pessoas\u201d, comenta o vereador Daniel.<\/p>\n\n\n\n<figure class=\"wp-block-image\"><img decoding=\"async\" src=\"https:\/\/jundiai.sp.gov.br\/noticias\/wp-content\/uploads\/sites\/32\/2022\/06\/vistoria-das-obras-da-avenida-antonio-pincinato_fm_-5.jpg\" alt=\"M\u00e1quinas trabalhando nas obras da avenida Ant\u00f4nio Pincinato\" class=\"wp-image-295037\" \/><figcaption>Ant\u00f4nio Pincinato ter\u00e1 nova rotat\u00f3ria para facilitar acesso aos condom\u00ednios<\/figcaption><\/figure>\n\n\n\n<p><em>Fonte: Prefeitura de Jundia\u00ed <\/em><\/p>\n","protected":false},"excerpt":{"rendered":"<p>Autoridades do poderes Executivo e Legislativo realizaram vistoria no local.<\/p>\n","protected":false},"author":17,"featured_media":94553,"comment_status":"closed","ping_status":"closed","sticky":false,"template":"","format":"standard","meta":{"footnotes":""},"categories":[8357,8391,8356,5697,6151],"tags":[],"class_list":["post-94552","post","type-post","status-publish","format-standard","has-post-thumbnail","hentry","category-gestao","category-infraestrutura","category-jundiai","category-mobilidade-noticias","category-transito"],"_links":{"self":[{"href":"https:\/\/tvtecjundiai.com.br\/news\/wp-json\/wp\/v2\/posts\/94552","targetHints":{"allow":["GET"]}}],"collection":[{"href":"https:\/\/tvtecjundiai.com.br\/news\/wp-json\/wp\/v2\/posts"}],"about":[{"href":"https:\/\/tvtecjundiai.com.br\/news\/wp-json\/wp\/v2\/types\/post"}],"author":[{"embeddable":true,"href":"https:\/\/tvtecjundiai.com.br\/news\/wp-json\/wp\/v2\/users\/17"}],"replies":[{"embeddable":true,"href":"https:\/\/tvtecjundiai.com.br\/news\/wp-json\/wp\/v2\/comments?post=94552"}],"version-history":[{"count":1,"href":"https:\/\/tvtecjundiai.com.br\/news\/wp-json\/wp\/v2\/posts\/94552\/revisions"}],"predecessor-version":[{"id":94554,"href":"https:\/\/tvtecjundiai.com.br\/news\/wp-json\/wp\/v2\/posts\/94552\/revisions\/94554"}],"wp:featuredmedia":[{"embeddable":true,"href":"https:\/\/tvtecjundiai.com.br\/news\/wp-json\/wp\/v2\/media\/94553"}],"wp:attachment":[{"href":"https:\/\/tvtecjundiai.com.br\/news\/wp-json\/wp\/v2\/media?parent=94552"}],"wp:term":[{"taxonomy":"category","embeddable":true,"href":"https:\/\/tvtecjundiai.com.br\/news\/wp-json\/wp\/v2\/categories?post=94552"},{"taxonomy":"post_tag","embeddable":true,"href":"https:\/\/tvtecjundiai.com.br\/news\/wp-json\/wp\/v2\/tags?post=94552"}],"curies":[{"name":"wp","href":"https:\/\/api.w.org\/{rel}","templated":true}]}}