{"id":94600,"date":"2022-06-20T12:35:21","date_gmt":"2022-06-20T15:35:21","guid":{"rendered":"https:\/\/tvtecjundiai.com.br\/news\/?p=94600"},"modified":"2022-06-20T13:03:50","modified_gmt":"2022-06-20T16:03:50","slug":"mutirao-do-mei-comeca-nesta-terca-no-espaco-jundiai-empreendedora","status":"publish","type":"post","link":"https:\/\/tvtecjundiai.com.br\/news\/2022\/06\/20\/mutirao-do-mei-comeca-nesta-terca-no-espaco-jundiai-empreendedora\/","title":{"rendered":"Mutir\u00e3o do MEI come\u00e7a nesta ter\u00e7a-feira (21) no Espa\u00e7o Jundia\u00ed Empreendedora"},"content":{"rendered":"\n<p>Realizado pela Prefeitura, em parceria com a TV TEM (afiliada local da TV Globo) e o Sebrae, a quinta edi\u00e7\u00e3o do Mutir\u00e3o do MEI acontece nesta ter\u00e7a e quarta-feira, no Espa\u00e7o Jundia\u00ed Empreendedora, no Maxi Shopping. Com oferta de servi\u00e7os diversos \u2013 todos relacionados ao atendimento \u00e0queles que querem empreender e se regularizar \u2013 o atendimento ser\u00e1 realizado das 9h \u00e0s 16h.<\/p>\n\n\n\n<p>O objetivo da iniciativa \u00e9 oferecer em um \u00fanico local, nos dois dias, orienta\u00e7\u00e3o, informa\u00e7\u00e3o, cursos, palestras, a possibilidade de formaliza\u00e7\u00e3o como Microempreendedor Individual (MEI), regulariza\u00e7\u00e3o de suas pend\u00eancias e encerramento das atividades.<\/p>\n\n\n\n<p>\u201d&nbsp;O evento tem por objetivo agilizar a vida de quem j\u00e1 tem um pequeno neg\u00f3cio e ainda n\u00e3o est\u00e1 regularizado. &nbsp;Poder P\u00fablico tem que dar suporte, orientar, dar uma base para os MEIs que est\u00e3o sendo abertos e que j\u00e1 est\u00e3o funcionando, ainda mais neste momento em que todo mundo procura um trabalho ou uma renda extra. O Mutir\u00e3o do MEI \u00e9 uma \u00f3tima oportunidade para darmos suporte necess\u00e1rio aos empreendedores de Jundia\u00ed para que eles tenham uma vida longa nos neg\u00f3cios\u201d, comenta o gestor da Unidade de Gest\u00e3o de Desenvolvimento Econ\u00f4mico, Ci\u00eancia e Tecnologia (UGDECT), Cristiano Lopes.<\/p>\n\n\n\n<p>O&nbsp;Mutir\u00e3o&nbsp;do MEI&nbsp;teve in\u00edcio em 2017 e tem sido uma das prioridades da administra\u00e7\u00e3o Luiz Fernando Machado: o fortalecimento e incentivo ao empreendedorismo. \u201cO Mutir\u00e3o do MEI \u00e9 uma forma&nbsp;apoiar os que buscam qualifica\u00e7\u00e3o e novos rumos profissionais, fortalecendo assim a economia local e impulsionando a inova\u00e7\u00e3o. Jundia\u00ed tem protagonismo no cen\u00e1rio nacional pela cultura altamente empreendedora\u201d, explica o prefeito Luiz Fernando Machado.<\/p>\n\n\n\n<figure class=\"wp-block-image\"><img decoding=\"async\" src=\"https:\/\/jundiai.sp.gov.br\/noticias\/wp-content\/uploads\/sites\/32\/2022\/04\/processo_seletivo_jundiai_empreendedora-5.jpg\" alt=\"\" class=\"wp-image-289925\" \/><figcaption>Mutir\u00e3o do MEI acontece em novo local na sua quinta edi\u00e7\u00e3o<\/figcaption><\/figure>\n\n\n\n<p><strong>SERVI\u00c7OS<\/strong><\/p>\n\n\n\n<p>A DAE Jundia\u00ed, que integra o Jundia\u00ed Empreendedora desde de mar\u00e7o, vai realizar a negocia\u00e7\u00e3o de d\u00e9bitos e a atualiza\u00e7\u00e3o cadastral.&nbsp;<\/p>\n\n\n\n<p>O Sebrae vai proporcionar aos&nbsp;Microempreendedores Individuais \u2013 MEI,&nbsp;durante&nbsp;a realiza\u00e7\u00e3o do Mutir\u00e3o,&nbsp;a possibilidade de parcelamento&nbsp;dos seus d\u00e9bitos dos DAS-SIMEI em atraso e far\u00e1 triagem do p\u00fablico, formaliza\u00e7\u00e3o de MEI, altera\u00e7\u00f5es e baixas, declara\u00e7\u00e3o&nbsp;Mensal&nbsp;de&nbsp;Faturamento, Declara\u00e7\u00e3o Simplificada do MEI,&nbsp;parcelamentos&nbsp;de seus d\u00e9bitos dos DAS-SIMEI em atraso&nbsp;e palestras com conte\u00fado de empreendedorismo.<\/p>\n\n\n\n<p>O Sincomercio, por meio do Escrit\u00f3rio Regional da Junta Comercial (Jucesp) ir\u00e1 esclarecer d\u00favidas sobre o desenquadramento e encerramento de MEI. J\u00e1 a equipe da CDL Jundia\u00ed far\u00e1 atendimento de consultas \u00e0s bases do Servi\u00e7o de Prote\u00e7\u00e3o ao Cr\u00e9dito (SPC) e Serasa Experian, orienta\u00e7\u00f5es sobre Certificado Digital e recupera\u00e7\u00e3o de cr\u00e9dito (orienta\u00e7\u00e3o de como parcelar as d\u00edvidas).<\/p>\n\n\n\n<p>A ACE Jundia\u00ed participar\u00e1 do Mutir\u00e3o com a orienta\u00e7\u00e3o sobre Certificado Digital \u2013 Certisig. O certificado \u00e9 uma esp\u00e9cie de identidade virtual que permite a identifica\u00e7\u00e3o do autor de uma mensagem ou transa\u00e7\u00e3o em meios eletr\u00f4nicos. Al\u00e9m das orienta\u00e7\u00f5es sobre o Certificado Digital, a equipe da ACE presente no Mutir\u00e3o do MEI tamb\u00e9m far\u00e1 consultas de an\u00e1lise de cr\u00e9dito e negativa\u00e7\u00f5es (SCPC Boa Vista) e apresentar\u00e1 outros produtos ACE para associados MEI.<\/p>\n\n\n\n<p>Os empreendedores encontrar\u00e3o no Espa\u00e7o Jundia\u00ed Empreendedora, os servi\u00e7os do Balc\u00e3o do Empreendedor, como o de emiss\u00e3o do Alvar\u00e1 de Funcionamento, regulariza\u00e7\u00e3o, altera\u00e7\u00e3o e baixa. Os servi\u00e7os do Departamento Tribut\u00e1rio, como a autoriza\u00e7\u00e3o para emiss\u00e3o de Notas Fiscais Eletronicas de Servi\u00e7os. A consulta e emiss\u00e3o de Certid\u00e3o de Uso do Solo; orienta\u00e7\u00f5es da Vigil\u00e2ncia Sanit\u00e1ria, do PROCON e da DAE.<\/p>\n\n\n\n<p>A TVTEC promover\u00e1&nbsp;<strong><a href=\"https:\/\/jundiai.sp.gov.br\/noticias\/2022\/06\/16\/tvtec-jundiai-impulsiona-mutirao-do-mei-com-cursos-gratuitos-de-capacitacao\/\">mentorias,&nbsp;cursos&nbsp;e&nbsp;palestras&nbsp;<\/a><\/strong>para os MEIs.<\/p>\n\n\n\n<p><strong><em>(Fonte\/Imagem: Prefeitura de Jundia\u00ed)<\/em><\/strong><\/p>\n","protected":false},"excerpt":{"rendered":"<p>O objetivo da iniciativa \u00e9 oferecer em um \u00fanico local, orienta\u00e7\u00e3o, informa\u00e7\u00e3o, cursos, palestras e mais. <\/p>\n","protected":false},"author":27,"featured_media":94601,"comment_status":"closed","ping_status":"closed","sticky":false,"template":"","format":"standard","meta":{"footnotes":""},"categories":[8356],"tags":[],"class_list":["post-94600","post","type-post","status-publish","format-standard","has-post-thumbnail","hentry","category-jundiai"],"_links":{"self":[{"href":"https:\/\/tvtecjundiai.com.br\/news\/wp-json\/wp\/v2\/posts\/94600","targetHints":{"allow":["GET"]}}],"collection":[{"href":"https:\/\/tvtecjundiai.com.br\/news\/wp-json\/wp\/v2\/posts"}],"about":[{"href":"https:\/\/tvtecjundiai.com.br\/news\/wp-json\/wp\/v2\/types\/post"}],"author":[{"embeddable":true,"href":"https:\/\/tvtecjundiai.com.br\/news\/wp-json\/wp\/v2\/users\/27"}],"replies":[{"embeddable":true,"href":"https:\/\/tvtecjundiai.com.br\/news\/wp-json\/wp\/v2\/comments?post=94600"}],"version-history":[{"count":2,"href":"https:\/\/tvtecjundiai.com.br\/news\/wp-json\/wp\/v2\/posts\/94600\/revisions"}],"predecessor-version":[{"id":94610,"href":"https:\/\/tvtecjundiai.com.br\/news\/wp-json\/wp\/v2\/posts\/94600\/revisions\/94610"}],"wp:featuredmedia":[{"embeddable":true,"href":"https:\/\/tvtecjundiai.com.br\/news\/wp-json\/wp\/v2\/media\/94601"}],"wp:attachment":[{"href":"https:\/\/tvtecjundiai.com.br\/news\/wp-json\/wp\/v2\/media?parent=94600"}],"wp:term":[{"taxonomy":"category","embeddable":true,"href":"https:\/\/tvtecjundiai.com.br\/news\/wp-json\/wp\/v2\/categories?post=94600"},{"taxonomy":"post_tag","embeddable":true,"href":"https:\/\/tvtecjundiai.com.br\/news\/wp-json\/wp\/v2\/tags?post=94600"}],"curies":[{"name":"wp","href":"https:\/\/api.w.org\/{rel}","templated":true}]}}