{"id":94607,"date":"2022-06-20T12:49:24","date_gmt":"2022-06-20T15:49:24","guid":{"rendered":"https:\/\/tvtecjundiai.com.br\/news\/?p=94607"},"modified":"2022-06-20T12:49:28","modified_gmt":"2022-06-20T15:49:28","slug":"vacinacao-contra-covid-19-influenza-e-rotina-seguem-nas-ubss-nesta-semana","status":"publish","type":"post","link":"https:\/\/tvtecjundiai.com.br\/news\/2022\/06\/20\/vacinacao-contra-covid-19-influenza-e-rotina-seguem-nas-ubss-nesta-semana\/","title":{"rendered":"Vacina\u00e7\u00e3o contra COVID-19, Influenza e rotina seguem nas UBSs, nesta semana"},"content":{"rendered":"\n<p>Ap\u00f3s mais um s\u00e1bado de multivacina\u00e7\u00e3o, ocorrido no dia 18, a vacina\u00e7\u00e3o contra a COVID-19, al\u00e9m das demais doen\u00e7as, seguem nas Unidades B\u00e1sicas de Sa\u00fade (UBSs), ao longo da semana, no hor\u00e1rio espec\u00edfico de atendimento de cada unidade.<\/p>\n\n\n\n<p>Entre segunda (20) a sexta-feira (24) as UBS receber\u00e3o pessoas de 50 anos ou mais e trabalhadores da sa\u00fade para a 4\u00aa dose contra a COVID-19. Pessoas com 5 anos ou mais que ainda n\u00e3o se vacinaram ou est\u00e3o com alguma dose em atraso tamb\u00e9m podem comparecer para a imuniza\u00e7\u00e3o. N\u00e3o \u00e9 necess\u00e1rio agendar.<\/p>\n\n\n\n<p>Para a dose de influenza \u00e9 necess\u00e1rio fazer parte dos grupos determinados pelo Minist\u00e9rio da Sa\u00fade (MS) como ter 60 anos ou mais ou entre seis meses e menores de cinco anos, ter comorbidades ou defici\u00eancia, profissionais da Educa\u00e7\u00e3o ou Sa\u00fade, for\u00e7as de Seguran\u00e7a ou motoristas de transporte coletivo ou de longas dist\u00e2ncias, al\u00e9m de gestantes e pu\u00e9rperas.<\/p>\n\n\n\n<figure class=\"wp-block-image\"><img decoding=\"async\" src=\"https:\/\/jundiai.sp.gov.br\/noticias\/wp-content\/uploads\/sites\/32\/2022\/06\/vacinacao-ubs-vila-hortolandia_fm_-14.jpg\" alt=\"DESCRI\u00c7\u00c3O DE IMAGEM: Casal de idosos apresentam cart\u00f5es de vacina\u00e7\u00e3o com registro da dose adicional ap\u00f3s receber a vacina em UBS\" class=\"wp-image-295033\" \/><figcaption>S\u00f4nia e Nilton Vieira aproveitaram o s\u00e1bado para deixar a vacina\u00e7\u00e3o em dia<\/figcaption><\/figure>\n\n\n\n<p>De acordo com a gerente da Vigil\u00e2ncia em Sa\u00fade de Jundia\u00ed, Maria do Carmo Possidente, mais de &nbsp;100 mil pessoas seguem com doses atrasadas contra a COVID-19 na cidade. \u201cA completa vacina\u00e7\u00e3o contra a COVID-19 \u00e9 essencial para reduzir a circula\u00e7\u00e3o do v\u00edrus\u201d, comenta.<\/p>\n\n\n\n<p>Veja mais informa\u00e7\u00f5es sobre a vacina\u00e7\u00e3o em:&nbsp;<a href=\"http:\/\/www.vacina.jundiai.sp.gov.br\/\">www.vacina.jundiai.sp.gov.br<\/a><\/p>\n\n\n\n<p>No \u00faltimo s\u00e1bado de multivacina\u00e7\u00e3o, as aplica\u00e7\u00f5es realizadas nas UBS Hortol\u00e2ndia, Nova UBS Jardim do Lago, UBS Tarum\u00e3 e na Cl\u00ednica da Fam\u00edlia II, somaram 1.612 doses contra a COVIC-19, 469 contra a Influenza e 73 doses da vacina tr\u00edplice viral.<\/p>\n\n\n\n<p>O casal Nilton Vieira, de 78 anos e S\u00f4nia Vieira, de 70, aproveitaram o s\u00e1bado para tomar a dose de refor\u00e7o contra a COVID-19 e a vacina para a Influenza na UBS da Vila Hortol\u00e2ndia. \u201cAproveitamos para receber a dose que faltava para completar a nossa imuniza\u00e7\u00e3o\u201d, comentou o aposentado.<\/p>\n\n\n\n<p>J\u00e1 na ala infantil, o Pedro Santana de Ara\u00fajo, de 15 anos, foi tomar a dose de refor\u00e7o contra a COVID-19 e tamb\u00e9m recebeu a vacina contra t\u00e9tano, que estava atrasada. J\u00e1 o seu pai, Dorival Ant\u00f4nio de Ara\u00fajo, de 54 anos, aproveitou a libera\u00e7\u00e3o para maiores de 50 e tamb\u00e9m se vacinou contra a COVID-19. \u201cAs carteiras de vacina\u00e7\u00e3o est\u00e3o atualizadas\u201d, comemora o pai.<\/p>\n\n\n\n<figure class=\"wp-block-image\"><img decoding=\"async\" src=\"https:\/\/jundiai.sp.gov.br\/noticias\/wp-content\/uploads\/sites\/32\/2022\/06\/vacinacao-ubs-vila-hortolandia_fm_-21.jpg\" alt=\"DESCRI\u00c7\u00c3O DE IMAGEM: Menino, sentado em cadeira azul, vestindo camiseta branca, com dizeres em preto, usa m\u00e1scara preta e \u00f3culos, recebe aplica\u00e7\u00e3o de inje\u00e7\u00e3o no bra\u00e7o direito. Aplica\u00e7\u00e3o \u00e9 feita por t\u00e9cnica vestida com jaleco e m\u00e1scara brancos e blusa de l\u00e3 verde. \" class=\"wp-image-295032\" \/><figcaption>Pedro Santana se vacinou contra a COVID-19 e contra o Sarampo<\/figcaption><\/figure>\n\n\n\n<p><strong><em>(Fonte\/Imagem: Prefeitura de Jundia\u00ed)<\/em><\/strong><\/p>\n\n\n\n<p><\/p>\n","protected":false},"excerpt":{"rendered":"<p>Entre segunda (20) a sexta (24) as UBS receber\u00e3o pessoas de 50 anos ou mais e trabalhadores da sa\u00fade para a 4\u00aa dose.<\/p>\n","protected":false},"author":27,"featured_media":94608,"comment_status":"closed","ping_status":"closed","sticky":false,"template":"","format":"standard","meta":{"footnotes":""},"categories":[8356,8355],"tags":[],"class_list":["post-94607","post","type-post","status-publish","format-standard","has-post-thumbnail","hentry","category-jundiai","category-saude-3"],"_links":{"self":[{"href":"https:\/\/tvtecjundiai.com.br\/news\/wp-json\/wp\/v2\/posts\/94607","targetHints":{"allow":["GET"]}}],"collection":[{"href":"https:\/\/tvtecjundiai.com.br\/news\/wp-json\/wp\/v2\/posts"}],"about":[{"href":"https:\/\/tvtecjundiai.com.br\/news\/wp-json\/wp\/v2\/types\/post"}],"author":[{"embeddable":true,"href":"https:\/\/tvtecjundiai.com.br\/news\/wp-json\/wp\/v2\/users\/27"}],"replies":[{"embeddable":true,"href":"https:\/\/tvtecjundiai.com.br\/news\/wp-json\/wp\/v2\/comments?post=94607"}],"version-history":[{"count":1,"href":"https:\/\/tvtecjundiai.com.br\/news\/wp-json\/wp\/v2\/posts\/94607\/revisions"}],"predecessor-version":[{"id":94609,"href":"https:\/\/tvtecjundiai.com.br\/news\/wp-json\/wp\/v2\/posts\/94607\/revisions\/94609"}],"wp:featuredmedia":[{"embeddable":true,"href":"https:\/\/tvtecjundiai.com.br\/news\/wp-json\/wp\/v2\/media\/94608"}],"wp:attachment":[{"href":"https:\/\/tvtecjundiai.com.br\/news\/wp-json\/wp\/v2\/media?parent=94607"}],"wp:term":[{"taxonomy":"category","embeddable":true,"href":"https:\/\/tvtecjundiai.com.br\/news\/wp-json\/wp\/v2\/categories?post=94607"},{"taxonomy":"post_tag","embeddable":true,"href":"https:\/\/tvtecjundiai.com.br\/news\/wp-json\/wp\/v2\/tags?post=94607"}],"curies":[{"name":"wp","href":"https:\/\/api.w.org\/{rel}","templated":true}]}}