{"id":94611,"date":"2022-06-20T13:18:57","date_gmt":"2022-06-20T16:18:57","guid":{"rendered":"https:\/\/tvtecjundiai.com.br\/news\/?p=94611"},"modified":"2022-06-20T13:18:58","modified_gmt":"2022-06-20T16:18:58","slug":"quinta-e-ultima-parcela-do-ipva-2022-vence-nesta-terca-21-para-veiculos-com-placa-final-6","status":"publish","type":"post","link":"https:\/\/tvtecjundiai.com.br\/news\/2022\/06\/20\/quinta-e-ultima-parcela-do-ipva-2022-vence-nesta-terca-21-para-veiculos-com-placa-final-6\/","title":{"rendered":"Quinta e \u00faltima parcela do IPVA 2022 vence nesta ter\u00e7a (21) para ve\u00edculos com placa final 6"},"content":{"rendered":"\n<p>Os propriet\u00e1rios de ve\u00edculos com placa final 6 t\u00eam at\u00e9 ter\u00e7a-feira (21) para efetuar o pagamento da quinta parcela do IPVA 2022 com desconto de 5%, concedido pelo Governo Estadual. Neste ano, o Imposto sobre a Propriedade de Ve\u00edculos Automotores (IPVA) foi parcelado em cinco vezes, de fevereiro a junho. Os contribuintes que escolheram o parcelamento dever\u00e3o recolher a quinta cota at\u00e9 a data limite para evitar juros e multas.<\/p>\n\n\n\n<p>O calend\u00e1rio de vencimento de acordo com o final de placa dos ve\u00edculos segue at\u00e9 27 de junho,\u00a0considerando apenas os dias \u00fateis (veja na tabela abaixo). A consulta do valor do imposto pode ser feita em toda a rede banc\u00e1ria ou diretamente\u00a0no portal da Secretaria da Fazenda e Planejamento.<\/p>\n\n\n\n<p>Para efetuar o pagamento, basta informar o n\u00famero do RENAVAM (Registro Nacional de Ve\u00edculo Automotor) nos canais oferecidos pela rede banc\u00e1ria e realizar o recolhimento do tributo. \u00c9 poss\u00edvel utilizar o&nbsp;<em>internet banking<\/em>, d\u00e9bito agendado, aplicativos banc\u00e1rios ou nos terminais de autoatendimento. O IPVA tamb\u00e9m pode ser pago em casas lot\u00e9ricas.<\/p>\n\n\n<div class=\"wp-block-image\">\n<figure class=\"aligncenter size-full is-resized\"><img loading=\"lazy\" decoding=\"async\" src=\"https:\/\/tvtecjundiai.com.br\/news\/wp-content\/uploads\/sites\/2\/2022\/06\/ipva.jpg\" alt=\"\" class=\"wp-image-94612\" width=\"604\" height=\"367\" srcset=\"https:\/\/tvtecjundiai.com.br\/news\/wp-content\/uploads\/sites\/2\/2022\/06\/ipva.jpg 514w, https:\/\/tvtecjundiai.com.br\/news\/wp-content\/uploads\/sites\/2\/2022\/06\/ipva-300x182.jpg 300w\" sizes=\"auto, (max-width: 604px) 100vw, 604px\" \/><\/figure>\n<\/div>\n\n\n<p>O contribuinte que deixar de recolher o imposto fica sujeito a multa de 0,33% por dia de atraso e juros de mora com base na taxa Selic. Passados 60 dias, o percentual da multa fixa-se em 20% do valor do imposto.<\/p>\n\n\n\n<p><strong>IPVA para caminh\u00f5es<\/strong><\/p>\n\n\n\n<p>O ciclo de vencimento do IPVA 2022 para esta categoria se difere das demais.<\/p>\n\n\n\n<p>Os&nbsp;propriet\u00e1rios que parcelaram o tributo em cinco vezes, pagaram a primeira cota em mar\u00e7o e a segunda em maio, devem pagar a terceira at\u00e9 20 de julho. J\u00e1 os vencimentos das demais ocorrem em 22 de agosto (quarta cota) e 20 de setembro (quinta cota) &#8211; veja a segunda tabela abaixo.<\/p>\n\n\n\n<p><strong>Parcelamento no cart\u00e3o de cr\u00e9dito<\/strong><\/p>\n\n\n\n<p>\u00c9 poss\u00edvel quitar o IPVA 2022 com cart\u00e3o de cr\u00e9dito\u00a0nas empresas credenciadas \u00e0 Secretaria da Fazenda e Planejamento. As\u00a0operadoras financeiras\u00a0conveniadas t\u00eam autonomia para definir o n\u00famero de parcelas e adequar a melhor negocia\u00e7\u00e3o com o contribuinte.<\/p>\n\n\n\n<p>Os valores pagos ao correspondente banc\u00e1rio s\u00e3o repassados ao Governo do Estado de forma imediata, e sem qualquer desconto ou encargo.<\/p>\n\n\n\n<p>Para mais informa\u00e7\u00f5es, os propriet\u00e1rios dos ve\u00edculos podem entrar em contato com a Secretaria pelo telefone 0800-0170110 (por telefone fixo), (11) 2450-6810(exclusivo para chamadas por telefone m\u00f3vel) e pelo canal Fale Conosco, no\u00a0portal da Sefaz-SP.<\/p>\n\n\n\n<p><strong>Licenciamento Antecipado 2022<\/strong><\/p>\n\n\n\n<p>Os propriet\u00e1rios que desejam antecipar o licenciamento anual dever\u00e3o quitar todos os d\u00e9bitos que recaiam sobre o ve\u00edculo, incluindo o IPVA, a taxa de licenciamento e, se for o caso, multas de tr\u00e2nsito.<\/p>\n\n\n\n<p><em><strong>(Fonte: Secretaria da Fazenda e Planejamento SP\/Imagem: Epit\u00e1cio Pessoa\/Estad\u00e3o Conte\u00fado)<\/strong><\/em><\/p>\n","protected":false},"excerpt":{"rendered":"<p>O contribuinte que deixar de recolher o imposto fica sujeito a multa de 0,33% por dia de atraso, com juros<\/p>\n","protected":false},"author":30,"featured_media":94612,"comment_status":"closed","ping_status":"closed","sticky":false,"template":"","format":"standard","meta":{"footnotes":""},"categories":[8356,1,6151],"tags":[],"class_list":["post-94611","post","type-post","status-publish","format-standard","has-post-thumbnail","hentry","category-jundiai","category-noticias","category-transito"],"_links":{"self":[{"href":"https:\/\/tvtecjundiai.com.br\/news\/wp-json\/wp\/v2\/posts\/94611","targetHints":{"allow":["GET"]}}],"collection":[{"href":"https:\/\/tvtecjundiai.com.br\/news\/wp-json\/wp\/v2\/posts"}],"about":[{"href":"https:\/\/tvtecjundiai.com.br\/news\/wp-json\/wp\/v2\/types\/post"}],"author":[{"embeddable":true,"href":"https:\/\/tvtecjundiai.com.br\/news\/wp-json\/wp\/v2\/users\/30"}],"replies":[{"embeddable":true,"href":"https:\/\/tvtecjundiai.com.br\/news\/wp-json\/wp\/v2\/comments?post=94611"}],"version-history":[{"count":1,"href":"https:\/\/tvtecjundiai.com.br\/news\/wp-json\/wp\/v2\/posts\/94611\/revisions"}],"predecessor-version":[{"id":94613,"href":"https:\/\/tvtecjundiai.com.br\/news\/wp-json\/wp\/v2\/posts\/94611\/revisions\/94613"}],"wp:featuredmedia":[{"embeddable":true,"href":"https:\/\/tvtecjundiai.com.br\/news\/wp-json\/wp\/v2\/media\/94612"}],"wp:attachment":[{"href":"https:\/\/tvtecjundiai.com.br\/news\/wp-json\/wp\/v2\/media?parent=94611"}],"wp:term":[{"taxonomy":"category","embeddable":true,"href":"https:\/\/tvtecjundiai.com.br\/news\/wp-json\/wp\/v2\/categories?post=94611"},{"taxonomy":"post_tag","embeddable":true,"href":"https:\/\/tvtecjundiai.com.br\/news\/wp-json\/wp\/v2\/tags?post=94611"}],"curies":[{"name":"wp","href":"https:\/\/api.w.org\/{rel}","templated":true}]}}