{"id":94634,"date":"2022-06-21T09:17:30","date_gmt":"2022-06-21T12:17:30","guid":{"rendered":"https:\/\/tvtecjundiai.com.br\/news\/?p=94634"},"modified":"2022-06-21T09:17:31","modified_gmt":"2022-06-21T12:17:31","slug":"em-parceria-com-o-senac-fundo-social-tera-cursos-descentralizados-voltados-ao-empreendedorismo","status":"publish","type":"post","link":"https:\/\/tvtecjundiai.com.br\/news\/2022\/06\/21\/em-parceria-com-o-senac-fundo-social-tera-cursos-descentralizados-voltados-ao-empreendedorismo\/","title":{"rendered":"Em parceria com o Senac, Fundo Social ter\u00e1 cursos descentralizados voltados ao empreendedorismo"},"content":{"rendered":"\n<p>O Fundo Social de Solidariedade de Jundia\u00ed (Funss) est\u00e1 com vagas dispon\u00edveis para duas capacita\u00e7\u00f5es descentralizadas: \u201cEmpreendedor em Pequenos Neg\u00f3cios\u201d, que ser\u00e1 realizada no bairro Retiro, e \u201cAssistente de Marketing e Vendas\u201d, que ocorrer\u00e1 na Vila Maring\u00e1.<\/p>\n\n\n\n<p>A iniciativa \u00e9 uma parceria com o Senac Jundia\u00ed e, por isso, possui pr\u00e9-requisitos espec\u00edficos. Para o primeiro curso, a idade deve ser igual ou superior a 17 anos. J\u00e1 para o segundo, a pessoa deve ter, pelo menos, 16 anos completos. Al\u00e9m disso, \u00e9 necess\u00e1rio ter Ensino Fundamental incompleto\u00a0e renda per capita de dois sal\u00e1rios m\u00ednimos\u00a0(R$ 2.424),\u00a0por membro da fam\u00edlia.<\/p>\n\n\n\n<p><em>Para saber sua renda per capita<\/em>:<\/p>\n\n\n\n<p>\u2013 Some todos os sal\u00e1rios, considerando todas as pessoas que moram com voc\u00ea;<\/p>\n\n\n\n<p>\u2013 Divida o resultado pelo total de residentes (inclusive beb\u00eas, crian\u00e7as, idosos e pessoas sem renda);<\/p>\n\n\n\n<p>\u2013 Esse resultado deve ser igual ou menor que R$ 2.424,00.<\/p>\n\n\n<div class=\"wp-block-image\">\n<figure class=\"aligncenter size-large is-resized\"><img loading=\"lazy\" decoding=\"async\" src=\"https:\/\/tvtecjundiai.com.br\/news\/wp-content\/uploads\/sites\/2\/2022\/06\/Fatec-Guarulhos-GGFD0264-scaled-2-1200x798.jpg\" alt=\"\" class=\"wp-image-94636\" width=\"711\" height=\"472\" srcset=\"https:\/\/tvtecjundiai.com.br\/news\/wp-content\/uploads\/sites\/2\/2022\/06\/Fatec-Guarulhos-GGFD0264-scaled-2-1200x798.jpg 1200w, https:\/\/tvtecjundiai.com.br\/news\/wp-content\/uploads\/sites\/2\/2022\/06\/Fatec-Guarulhos-GGFD0264-scaled-2-300x199.jpg 300w, https:\/\/tvtecjundiai.com.br\/news\/wp-content\/uploads\/sites\/2\/2022\/06\/Fatec-Guarulhos-GGFD0264-scaled-2-768x511.jpg 768w, https:\/\/tvtecjundiai.com.br\/news\/wp-content\/uploads\/sites\/2\/2022\/06\/Fatec-Guarulhos-GGFD0264-scaled-2.jpg 1280w\" sizes=\"auto, (max-width: 711px) 100vw, 711px\" \/><figcaption>Foto: Gast\u00e3o Guedes<\/figcaption><\/figure>\n<\/div>\n\n\n<p>Para participar, o interessado dever\u00e1 acessar os links da pr\u00e9-inscri\u00e7\u00e3o, descritos abaixo. O envio do formul\u00e1rio do Google \u00e9&nbsp;considerado como inten\u00e7\u00e3o de participa\u00e7\u00e3o e, por isso, n\u00e3o garante o preenchimento da vaga. O crit\u00e9rio de sele\u00e7\u00e3o e forma\u00e7\u00e3o das turmas \u00e9 a ordem de envio destas informa\u00e7\u00f5es, que considera hora, minuto e segundo.<\/p>\n\n\n\n<p>Dados detalhados ser\u00e3o repassados&nbsp;por meio do contato de WhatsApp informado no ato da pr\u00e9-inscri\u00e7\u00e3o apenas aos alunos contemplados com a vaga. As fichas n\u00e3o contempladas est\u00e3o, automaticamente, na lista de espera e poder\u00e3o ser convocadas em caso de desist\u00eancia.<\/p>\n\n\n\n<p><strong>Curso \u201cEmpreendedor em Pequenos Neg\u00f3cios\u201d<\/strong><\/p>\n\n\n\n<ul class=\"wp-block-list\"><li>Idade m\u00ednima: 17 anos<\/li><li>Vagas: 25<\/li><li>Carga hor\u00e1ria: 160 horas<\/li><li>In\u00edcio: 12\/07\/22<\/li><li>T\u00e9rmino: 27\/09\/22<\/li><li>Dias da semana: de segunda a sexta-feira<\/li><li>Hor\u00e1rio: das 19h \u00e0s 22h<\/li><li>Local: Pastoral do Menor \u2013 Rua Reinaldo Orsi, n\u00ba 10, Retiro \u2013 Jundia\u00ed.<\/li><li>Link para inscri\u00e7\u00e3o:\u00a0<a rel=\"noreferrer noopener\" href=\"https:\/\/forms.gle\/d2B2Q9iBqA7uCFUdA\" target=\"_blank\">https:\/\/forms.gle\/d2B2Q9iBqA7uCFUdA<\/a><\/li><\/ul>\n\n\n\n<p><strong>Curso \u201cAssistente de Marketing e Vendas<\/strong>\u201c<\/p>\n\n\n\n<ul class=\"wp-block-list\"><li>Idade m\u00ednima: 16 anos<\/li><li>Vagas: 25<\/li><li>Carga hor\u00e1ria: 160 horas<\/li><li>In\u00edcio: 12\/07\/22<\/li><li>T\u00e9rmino: 06\/09\/22<\/li><li>Dias da semana: de segunda a sexta-feira<\/li><li>Hor\u00e1rio: das 13h \u00e0s 17h<\/li><li>Local: Centro Esp\u00edrita Jos\u00e9 Herculano Pires \u2013 Rua Humberto Demarche, 378, Vila Maring\u00e1 \u2013 Jundia\u00ed.<\/li><li>Link para pr\u00e9-inscri\u00e7\u00e3o:\u00a0<a rel=\"noreferrer noopener\" href=\"https:\/\/forms.gle\/nLAJEejRU8T6uCMn8\" target=\"_blank\">https:\/\/forms.gle\/nLAJEejRU8T6uCMn8<\/a><\/li><\/ul>\n\n\n\n<p><strong>Convoca\u00e7\u00e3o dos contemplados para a matr\u00edcula<\/strong><\/p>\n\n\n\n<p>Para a efetiva\u00e7\u00e3o da matr\u00edcula, os contemplados com a vaga dever\u00e3o comparecer, pessoalmente, na sede do Senac Jundia\u00ed, nos dias 29 ou 30 de junho, das 8h \u00e0s 20h30, levando os seguintes documentos originais: documento com foto (RG ou CNH), CPF e comprovante de resid\u00eancia.<\/p>\n\n\n\n<p>Caso o aluno seja menor de idade, al\u00e9m dos documentos do menor, tamb\u00e9m dever\u00e1 levar o documento com foto (RG, CPF ou CNH) do respons\u00e1vel legal. \u00c9 obrigat\u00f3rio estar acompanhado do respons\u00e1vel legal no ato da matr\u00edcula para assinatura dos termos. \u00c9 necess\u00e1rio saber a renda de cada membro que reside na mesma casa (n\u00e3o \u00e9 obrigat\u00f3ria a comprova\u00e7\u00e3o). No ato da matr\u00edcula, o aluno assinar\u00e1 um termo de renda, informando sua renda per capita. O Senac Jundia\u00ed est\u00e1 localizado na Rua Vicente Magaglio, 50 \u2013 Jardim Paulista I. O telefone da unidade \u00e9 (11) 3395-2300.<\/p>\n\n\n\n<p>Os nomes dos alunos matriculados ser\u00e3o divulgados no site da Prefeitura de Jundia\u00ed e dados detalhados ser\u00e3o repassados por meio do contato de WhatsApp informado no ato da pr\u00e9-inscri\u00e7\u00e3o apenas aos alunos contemplados com a vaga. As fichas n\u00e3o contempladas est\u00e3o, automaticamente, na lista de espera e poder\u00e3o ser convocadas em caso de desist\u00eancia. Informa\u00e7\u00f5es: (11) 4589-6319, 4589-6320 e 4589-6322.<\/p>\n\n\n\n<p><em><strong>(Fonte: Prefeitura de Jundia\u00ed\/Imagem: Gast\u00e3o Guedes)<\/strong><\/em><\/p>\n","protected":false},"excerpt":{"rendered":"<p>Para participar, \u00e9 preciso ter renda per capita de dois sal\u00e1rios m\u00ednimos por membro da fam\u00edlia<\/p>\n","protected":false},"author":30,"featured_media":94635,"comment_status":"closed","ping_status":"closed","sticky":false,"template":"","format":"standard","meta":{"footnotes":""},"categories":[8356,1],"tags":[],"class_list":["post-94634","post","type-post","status-publish","format-standard","has-post-thumbnail","hentry","category-jundiai","category-noticias"],"_links":{"self":[{"href":"https:\/\/tvtecjundiai.com.br\/news\/wp-json\/wp\/v2\/posts\/94634","targetHints":{"allow":["GET"]}}],"collection":[{"href":"https:\/\/tvtecjundiai.com.br\/news\/wp-json\/wp\/v2\/posts"}],"about":[{"href":"https:\/\/tvtecjundiai.com.br\/news\/wp-json\/wp\/v2\/types\/post"}],"author":[{"embeddable":true,"href":"https:\/\/tvtecjundiai.com.br\/news\/wp-json\/wp\/v2\/users\/30"}],"replies":[{"embeddable":true,"href":"https:\/\/tvtecjundiai.com.br\/news\/wp-json\/wp\/v2\/comments?post=94634"}],"version-history":[{"count":1,"href":"https:\/\/tvtecjundiai.com.br\/news\/wp-json\/wp\/v2\/posts\/94634\/revisions"}],"predecessor-version":[{"id":94637,"href":"https:\/\/tvtecjundiai.com.br\/news\/wp-json\/wp\/v2\/posts\/94634\/revisions\/94637"}],"wp:featuredmedia":[{"embeddable":true,"href":"https:\/\/tvtecjundiai.com.br\/news\/wp-json\/wp\/v2\/media\/94635"}],"wp:attachment":[{"href":"https:\/\/tvtecjundiai.com.br\/news\/wp-json\/wp\/v2\/media?parent=94634"}],"wp:term":[{"taxonomy":"category","embeddable":true,"href":"https:\/\/tvtecjundiai.com.br\/news\/wp-json\/wp\/v2\/categories?post=94634"},{"taxonomy":"post_tag","embeddable":true,"href":"https:\/\/tvtecjundiai.com.br\/news\/wp-json\/wp\/v2\/tags?post=94634"}],"curies":[{"name":"wp","href":"https:\/\/api.w.org\/{rel}","templated":true}]}}