{"id":94647,"date":"2022-06-21T09:38:05","date_gmt":"2022-06-21T12:38:05","guid":{"rendered":"https:\/\/tvtecjundiai.com.br\/news\/?p=94647"},"modified":"2022-06-21T09:38:18","modified_gmt":"2022-06-21T12:38:18","slug":"alem-de-galeria-de-aguas-pluviais-nova-area-de-lazer-esta-em-construcao-no-jardim-danubio","status":"publish","type":"post","link":"https:\/\/tvtecjundiai.com.br\/news\/2022\/06\/21\/alem-de-galeria-de-aguas-pluviais-nova-area-de-lazer-esta-em-construcao-no-jardim-danubio\/","title":{"rendered":"Al\u00e9m de galeria de \u00e1guas pluviais, nova \u00e1rea de lazer est\u00e1 em constru\u00e7\u00e3o no Jardim Dan\u00fabio"},"content":{"rendered":"\n<p>A regi\u00e3o do Jardim Dan\u00fabio, Vila Palma e entorno recebe a implementa\u00e7\u00e3o de galeria de \u00e1guas pluviais. A constru\u00e7\u00e3o est\u00e1 sendo realizada a partir de Estudo de Impacto de Vizinhan\u00e7a (EIV), de empreendimento imobili\u00e1rio, e tem valor estimado de R$ 6 milh\u00f5es. A expectativa \u00e9 de conclus\u00e3o at\u00e9 o m\u00eas de outubro. Al\u00e9m da galeria, a Unidade de Gest\u00e3o de Infraestrutura e Servi\u00e7os P\u00fablicos (UGISP) constr\u00f3i uma nova \u00e1rea de lazer para os moradores da regi\u00e3o, em trecho que j\u00e1 teve a conclus\u00e3o da galeria.<\/p>\n\n\n\n<p>A constru\u00e7\u00e3o foi iniciada pela parte final da galeria, na avenida Frederico Ozanan. \u201cA canaliza\u00e7\u00e3o \u00e9 feita em galeria de 3 x 2 metros e receber\u00e1 toda a \u00e1gua de chuva proveniente do lado esquerdo da Rodovia Engenheiro Const\u00e2ncio Cintra, al\u00e9m de empreendimentos imobili\u00e1rios e bairro. A interven\u00e7\u00e3o na avenida tem prazo de conclus\u00e3o em 30 dias. Ao longo do bairro, conforme o avan\u00e7o das obras, os moradores s\u00e3o orientados especificamente\u201d, comenta de acordo com dados da Unidade Adjunta\u00a0de Obras de Infraestrutura, da Unidade de Gest\u00e3o de Infraestrutura e Servi\u00e7os P\u00fablicos (UGISP), gestor adjunto, Ademir Pedro Victor.<\/p>\n\n\n\n<p>A nova galeria passar\u00e1 pelas ruas Manoel Vitorino Pereira, Wenceslau Braz e Jos\u00e9 Linhares, al\u00e9m de cruzar a avenida Frederico Ozanan, para a \u00e1gua desaguar no rio Jundia\u00ed.<\/p>\n\n\n\n<figure class=\"wp-block-image\"><img decoding=\"async\" src=\"https:\/\/jundiai.sp.gov.br\/noticias\/wp-content\/uploads\/sites\/32\/2022\/06\/obras-av-antonio-frederico-ozanan-19.jpg\" alt=\"\" class=\"wp-image-295096\" \/><\/figure>\n\n\n\n<p>\u201cFicamos muitos felizes em saber que agora n\u00e3o vamos mais nos preocupar com as chuvas, principalmente em janeiro, per\u00edodo do ano onde acontece muita tempestade. Como uma moradora antiga do bairro Jardim Dan\u00fabio, posso dizer em nome de todos que a satisfa\u00e7\u00e3o\u201d, disse Andrea Bonamigo dos Santos, 50 anos, que foi presidente da Associa\u00e7\u00e3o de Moradores do bairro at\u00e9 2016.<\/p>\n\n\n\n<figure class=\"wp-block-image\"><img decoding=\"async\" src=\"https:\/\/jundiai.sp.gov.br\/noticias\/wp-content\/uploads\/sites\/32\/2022\/06\/obra-rua-carlos-gomes-9.jpg\" alt=\"\" class=\"wp-image-295125\" \/><figcaption>\u00c1rea de lazer contar\u00e1 com espa\u00e7o para crian\u00e7as e adultos praticarem atividades f\u00edsicas<\/figcaption><\/figure>\n\n\n\n<p><strong>\u00c1rea de Lazer<\/strong><\/p>\n\n\n\n<p>No trecho inicial da galeria, na rua Nei Nogueira, est\u00e3o sendo realizadas interven\u00e7\u00f5es para a constru\u00e7\u00e3o de uma pra\u00e7a com equipamentos de lazer para a popula\u00e7\u00e3o. \u201cA valoriza\u00e7\u00e3o do espa\u00e7o p\u00fablico como \u00e1rea para o desenvolvimento de atividades entre as fam\u00edlias proporciona qualidade de vida para os moradores, em todas as idades\u201d, comenta o gestor da Unidade de Gest\u00e3o de Infraestrutura e Servi\u00e7os P\u00fablicos (UGISP), Adilson Rosa.<\/p>\n\n\n\n<p>Para o morador do bairro, Joelson Rodrigo Augusto, 39 anos, a constru\u00e7\u00e3o da \u00e1rea de lazer ser\u00e1 de grande proveito. \u201cVai ser \u00f3timo, pois j\u00e1 havia um parquinho aqui antes e agora ter\u00e1 tamb\u00e9m uma academia ao ar livre para os adultos\u201d, comenta.<\/p>\n\n\n\n<p><strong><em>(Fonte\/Imagem: Prefeitura de Jundia\u00ed)<\/em><\/strong><\/p>\n","protected":false},"excerpt":{"rendered":"<p>\u00c1rea de lazer contar\u00e1 com espa\u00e7o para crian\u00e7as e adultos praticarem atividades f\u00edsicas.<\/p>\n","protected":false},"author":27,"featured_media":94650,"comment_status":"closed","ping_status":"closed","sticky":false,"template":"","format":"standard","meta":{"footnotes":""},"categories":[8356],"tags":[],"class_list":["post-94647","post","type-post","status-publish","format-standard","has-post-thumbnail","hentry","category-jundiai"],"_links":{"self":[{"href":"https:\/\/tvtecjundiai.com.br\/news\/wp-json\/wp\/v2\/posts\/94647","targetHints":{"allow":["GET"]}}],"collection":[{"href":"https:\/\/tvtecjundiai.com.br\/news\/wp-json\/wp\/v2\/posts"}],"about":[{"href":"https:\/\/tvtecjundiai.com.br\/news\/wp-json\/wp\/v2\/types\/post"}],"author":[{"embeddable":true,"href":"https:\/\/tvtecjundiai.com.br\/news\/wp-json\/wp\/v2\/users\/27"}],"replies":[{"embeddable":true,"href":"https:\/\/tvtecjundiai.com.br\/news\/wp-json\/wp\/v2\/comments?post=94647"}],"version-history":[{"count":2,"href":"https:\/\/tvtecjundiai.com.br\/news\/wp-json\/wp\/v2\/posts\/94647\/revisions"}],"predecessor-version":[{"id":94652,"href":"https:\/\/tvtecjundiai.com.br\/news\/wp-json\/wp\/v2\/posts\/94647\/revisions\/94652"}],"wp:featuredmedia":[{"embeddable":true,"href":"https:\/\/tvtecjundiai.com.br\/news\/wp-json\/wp\/v2\/media\/94650"}],"wp:attachment":[{"href":"https:\/\/tvtecjundiai.com.br\/news\/wp-json\/wp\/v2\/media?parent=94647"}],"wp:term":[{"taxonomy":"category","embeddable":true,"href":"https:\/\/tvtecjundiai.com.br\/news\/wp-json\/wp\/v2\/categories?post=94647"},{"taxonomy":"post_tag","embeddable":true,"href":"https:\/\/tvtecjundiai.com.br\/news\/wp-json\/wp\/v2\/tags?post=94647"}],"curies":[{"name":"wp","href":"https:\/\/api.w.org\/{rel}","templated":true}]}}