{"id":94659,"date":"2022-06-21T11:39:11","date_gmt":"2022-06-21T14:39:11","guid":{"rendered":"https:\/\/tvtecjundiai.com.br\/news\/?p=94659"},"modified":"2022-06-21T16:09:46","modified_gmt":"2022-06-21T19:09:46","slug":"tvtec-estreia-no-mutirao-do-mei-com-curso-de-planejamento-de-marketing-para-instagram","status":"publish","type":"post","link":"https:\/\/tvtecjundiai.com.br\/news\/2022\/06\/21\/tvtec-estreia-no-mutirao-do-mei-com-curso-de-planejamento-de-marketing-para-instagram\/","title":{"rendered":"TVTEC estreia no Mutir\u00e3o do MEI com curso de Planejamento de Marketing para Instagram"},"content":{"rendered":"\n<p>A Prefeitura de Jundia\u00ed e a TVTEC, por meio da Escola de Inova\u00e7\u00e3o, Coisas e Neg\u00f3cios, est\u00e3o oferecendo quatro capacita\u00e7\u00f5es gratuitas e presenciais dentro da programa\u00e7\u00e3o do Mutir\u00e3o do MEI, que acontecem nos dias 21 e 22 de junho no espa\u00e7o Jundia\u00ed Empreendedora, localizado no 2\u00ba piso do Maxi Shopping. &nbsp;<\/p>\n\n\n\n<p>Segundo a superintendente da FTVTEC, M\u00f4nica Gropelo, o foco da parceria \u00e9 a capacita\u00e7\u00e3o para o mercado de trabalho. &#8220;A TVTEC est\u00e1 inserida n\u00e3o s\u00f3 neste evento, mas o ano todo, atualizando e capacitando a popula\u00e7\u00e3o. Os cursos s\u00e3o para gerar cada vez mais oportunidades para seus participantes, visando o empreendedorismo e o mercado de trabalho&#8221;, afirma.<\/p>\n\n\n\n<p>Nesta ter\u00e7a-feira (21), primeiro dia do Mutir\u00e3o do MEI, o curso ofertado foi <strong>Planejamento de Marketing para Instagram<\/strong>, com o professor Anderson M\u00fcller. Foram oferecidas 30 vagas e muitos empreendedores aproveitaram a oportunidade para tirar d\u00favidas sobre como planejar a pr\u00f3pria marca e promov\u00ea-la nas redes sociais.<\/p>\n\n\n<div class=\"wp-block-image\">\n<figure class=\"aligncenter size-full\"><img loading=\"lazy\" decoding=\"async\" width=\"778\" height=\"585\" src=\"https:\/\/tvtecjundiai.com.br\/news\/wp-content\/uploads\/sites\/2\/2022\/06\/mutirao-mei.jpg\" alt=\"\" class=\"wp-image-94667\" srcset=\"https:\/\/tvtecjundiai.com.br\/news\/wp-content\/uploads\/sites\/2\/2022\/06\/mutirao-mei.jpg 778w, https:\/\/tvtecjundiai.com.br\/news\/wp-content\/uploads\/sites\/2\/2022\/06\/mutirao-mei-300x226.jpg 300w, https:\/\/tvtecjundiai.com.br\/news\/wp-content\/uploads\/sites\/2\/2022\/06\/mutirao-mei-768x577.jpg 768w\" sizes=\"auto, (max-width: 778px) 100vw, 778px\" \/><\/figure>\n<\/div>\n\n\n<p>A empreendedora e copropriet\u00e1ria do Centro de Enfermagem Especializada Unificada <a href=\"https:\/\/www.instagram.com\/ceeu.jundiai\/\" data-type=\"URL\" data-id=\"https:\/\/www.instagram.com\/ceeu.jundiai\/\">(CEEU) de Jundia\u00ed<\/a>, Daniele de Souza Dias, participou do curso para aprender a posicionar sua empresa no Instagram. &#8220;Hoje em dia, o Instagram \u00e9 uma importante ferramenta de divulga\u00e7\u00e3o e venda, onde queremos nos posicionar. Eu me inscrevi para aprender como elaborar esse planejamento para a plataforma, sabendo equilibrar a hist\u00f3ria da empresa e o marketing nesse mundo digital&#8221;, explica.<\/p>\n\n\n\n<p>A empres\u00e1ria j\u00e1 est\u00e1 matriculada em mais um curso do Mutir\u00e3o. &#8220;A aula de Planejamento de Marketing para Instagram foi maravilhosa, de muito aprendizado. Tamb\u00e9m vou participar do segundo dia do Mutir\u00e3o do MEI, em outro curso&#8230; Tudo isso para aprender a alavancar nossa empresa&#8221;, diz.<\/p>\n\n\n<div class=\"wp-block-image\">\n<figure class=\"aligncenter size-large is-resized\"><img loading=\"lazy\" decoding=\"async\" src=\"https:\/\/tvtecjundiai.com.br\/news\/wp-content\/uploads\/sites\/2\/2022\/06\/WhatsApp-Image-2022-06-21-at-11.50.09-1200x900.jpeg\" alt=\"\" class=\"wp-image-94673\" width=\"797\" height=\"598\" srcset=\"https:\/\/tvtecjundiai.com.br\/news\/wp-content\/uploads\/sites\/2\/2022\/06\/WhatsApp-Image-2022-06-21-at-11.50.09-1200x900.jpeg 1200w, https:\/\/tvtecjundiai.com.br\/news\/wp-content\/uploads\/sites\/2\/2022\/06\/WhatsApp-Image-2022-06-21-at-11.50.09-300x225.jpeg 300w, https:\/\/tvtecjundiai.com.br\/news\/wp-content\/uploads\/sites\/2\/2022\/06\/WhatsApp-Image-2022-06-21-at-11.50.09-768x576.jpeg 768w, https:\/\/tvtecjundiai.com.br\/news\/wp-content\/uploads\/sites\/2\/2022\/06\/WhatsApp-Image-2022-06-21-at-11.50.09.jpeg 1280w\" sizes=\"auto, (max-width: 797px) 100vw, 797px\" \/><figcaption>Turma do curso de Planejamento de Marketing para Instagram<\/figcaption><\/figure>\n<\/div>\n\n\n<p><strong>Pr\u00f3ximos cursos da TVTEC Jundia\u00ed no Mutir\u00e3o do MEI<\/strong><\/p>\n\n\n\n<p><strong>GRAVA\u00c7\u00c3O DE V\u00cdDEO PELO CELULAR<\/strong><br>Professor: Silvio Ramones<br>Modalidade: presencial<br>Dia: <strong>21\/06<\/strong><br>Hor\u00e1rio: <strong>14h \u00e0s 16h<\/strong><\/p>\n\n\n\n<p><strong>M\u00cdDIAS DIGITAIS PARA SEU NEG\u00d3CIO<\/strong><br>Professora: Marcia Malheiros<br>Modalidade: presencial<br>Dia: <strong>22\/06<\/strong><br>Hor\u00e1rio: <strong>9h \u00e0s 11h<\/strong><\/p>\n\n\n\n<p><strong>AUL\u00c3O DE CANVA<\/strong><br>Professora: Fabi Pincinato<br>Modalidade: presencial<br>Dia: <strong>22\/06<\/strong><br>Hor\u00e1rio: <strong>14h \u00e0s 17h<\/strong><\/p>\n\n\n\n<p><em><strong>(Fonte\/Imagens: TVTEC Jundia\u00ed)<\/strong><\/em><\/p>\n\n\n\n<p> <\/p>\n","protected":false},"excerpt":{"rendered":"<p>Foco do evento \u00e9 a capacita\u00e7\u00e3o para o mercado de trabalho<\/p>\n","protected":false},"author":30,"featured_media":94667,"comment_status":"closed","ping_status":"closed","sticky":false,"template":"","format":"standard","meta":{"footnotes":""},"categories":[2832,8362,8356,1],"tags":[],"class_list":["post-94659","post","type-post","status-publish","format-standard","has-post-thumbnail","hentry","category-cursos","category-empreendedorismo","category-jundiai","category-noticias"],"_links":{"self":[{"href":"https:\/\/tvtecjundiai.com.br\/news\/wp-json\/wp\/v2\/posts\/94659","targetHints":{"allow":["GET"]}}],"collection":[{"href":"https:\/\/tvtecjundiai.com.br\/news\/wp-json\/wp\/v2\/posts"}],"about":[{"href":"https:\/\/tvtecjundiai.com.br\/news\/wp-json\/wp\/v2\/types\/post"}],"author":[{"embeddable":true,"href":"https:\/\/tvtecjundiai.com.br\/news\/wp-json\/wp\/v2\/users\/30"}],"replies":[{"embeddable":true,"href":"https:\/\/tvtecjundiai.com.br\/news\/wp-json\/wp\/v2\/comments?post=94659"}],"version-history":[{"count":6,"href":"https:\/\/tvtecjundiai.com.br\/news\/wp-json\/wp\/v2\/posts\/94659\/revisions"}],"predecessor-version":[{"id":94700,"href":"https:\/\/tvtecjundiai.com.br\/news\/wp-json\/wp\/v2\/posts\/94659\/revisions\/94700"}],"wp:featuredmedia":[{"embeddable":true,"href":"https:\/\/tvtecjundiai.com.br\/news\/wp-json\/wp\/v2\/media\/94667"}],"wp:attachment":[{"href":"https:\/\/tvtecjundiai.com.br\/news\/wp-json\/wp\/v2\/media?parent=94659"}],"wp:term":[{"taxonomy":"category","embeddable":true,"href":"https:\/\/tvtecjundiai.com.br\/news\/wp-json\/wp\/v2\/categories?post=94659"},{"taxonomy":"post_tag","embeddable":true,"href":"https:\/\/tvtecjundiai.com.br\/news\/wp-json\/wp\/v2\/tags?post=94659"}],"curies":[{"name":"wp","href":"https:\/\/api.w.org\/{rel}","templated":true}]}}