{"id":94711,"date":"2022-06-22T08:57:26","date_gmt":"2022-06-22T11:57:26","guid":{"rendered":"https:\/\/tvtecjundiai.com.br\/news\/?p=94711"},"modified":"2022-06-22T09:27:35","modified_gmt":"2022-06-22T12:27:35","slug":"sabado-25-e-dia-de-supervacinacao-em-jundiai","status":"publish","type":"post","link":"https:\/\/tvtecjundiai.com.br\/news\/2022\/06\/22\/sabado-25-e-dia-de-supervacinacao-em-jundiai\/","title":{"rendered":"S\u00e1bado (25) \u00e9 dia de &#8216;Supervacina\u00e7\u00e3o&#8217; em Jundia\u00ed"},"content":{"rendered":"\n<p>Neste s\u00e1bado (25), v\u00e1rias Unidades B\u00e1sicas de Sa\u00fade (UBSs) de Jundia\u00ed estar\u00e3o abertas para a aplica\u00e7\u00e3o de vacinas para a maior rapidez no atendimento \u00e0 popula\u00e7\u00e3o, j\u00e1 que os equipamentos estar\u00e3o dedicados ao atendimento vacinal. A \u201cSupervacina\u00e7\u00e3o\u201d tem como foco a aplica\u00e7\u00e3o de doses contra COVID-19, Sarampo e Influenza, com a amplia\u00e7\u00e3o dos grupos que podem receber as aplica\u00e7\u00f5es.<\/p>\n\n\n\n<p>A partir de s\u00e1bado, pessoas a partir de 40 anos poder\u00e3o receber a segunda dose adicional contra a COVID-19, al\u00e9m da libera\u00e7\u00e3o da aplica\u00e7\u00e3o da dose de vacina contra Influenza para toda a popula\u00e7\u00e3o, a partir de seis meses de idade.<\/p>\n\n\n\n<p>Estar\u00e3o abertas as unidades Cl\u00ednica Fam\u00edlia II Almerinda Chaves, Fazenda Grande, Rami, Jardim do Lago, Hortol\u00e2ndia, Maring\u00e1, Col\u00f4nia e Anhangaba\u00fa, das 8h30 \u00e0s 11h30 e das 13h \u00e0s 15h30. A UBS Santa Gertrudes e UBS Ivoturucaia abrir\u00e3o das 8h \u00e0s 12h.<\/p>\n\n\n\n<figure class=\"wp-block-image size-large\"><img loading=\"lazy\" decoding=\"async\" width=\"1200\" height=\"801\" src=\"https:\/\/tvtecjundiai.com.br\/news\/wp-content\/uploads\/sites\/2\/2022\/06\/WhatsApp-Image-2022-06-22-at-09.16.03-1200x801.jpeg\" alt=\"\" class=\"wp-image-94716\" srcset=\"https:\/\/tvtecjundiai.com.br\/news\/wp-content\/uploads\/sites\/2\/2022\/06\/WhatsApp-Image-2022-06-22-at-09.16.03-1200x801.jpeg 1200w, https:\/\/tvtecjundiai.com.br\/news\/wp-content\/uploads\/sites\/2\/2022\/06\/WhatsApp-Image-2022-06-22-at-09.16.03-300x200.jpeg 300w, https:\/\/tvtecjundiai.com.br\/news\/wp-content\/uploads\/sites\/2\/2022\/06\/WhatsApp-Image-2022-06-22-at-09.16.03-768x512.jpeg 768w, https:\/\/tvtecjundiai.com.br\/news\/wp-content\/uploads\/sites\/2\/2022\/06\/WhatsApp-Image-2022-06-22-at-09.16.03.jpeg 1280w\" sizes=\"auto, (max-width: 1200px) 100vw, 1200px\" \/><\/figure>\n\n\n\n<p>At\u00e9 o balan\u00e7o encerrado no s\u00e1bado (18), 116.989 pessoas est\u00e3o com aplica\u00e7\u00e3o da vacina contra COVID-19 atrasada. Dessas, 17.070 est\u00e3o com D2 em atraso e 99.919 com a D3. A idade com mais faltosos \u00e9 de 30 a 39 anos para D3 e de 5 a 11 anos para D2. J\u00e1 a vacina contra Influenza (gripe) foi aplicada, de acordo com o \u00faltimo balan\u00e7o da Vigil\u00e2ncia Epidemiol\u00f3gica (VE), em 81.717 pessoas. Dessas, 47.748 s\u00e3o pessoas com mais de 60 anos (o que equivale a 64,27% da popula\u00e7\u00e3o estimada nesta faixa et\u00e1ria), 10.281 trabalhadores da sa\u00fade (89,95%), 9.131 crian\u00e7as (38,32%), 1.090 gestantes (25,08%), 189 pu\u00e9rperas (26,47%), 2.160 professores (40,68%), 51 pessoas com defici\u00eancia permanentes (0,51%), 399 profissionais das for\u00e7as armadas (69,63%), 1.244 pessoas privadas de liberdade (86,51%) e 8.588 pessoas com comorbidades (33,45%).<\/p>\n\n\n\n<p>De acordo com a enfermeira coordenadora da Vigil\u00e2ncia Epidemiol\u00f3gica (VE), Maria do Carmo Possidente, a vacina\u00e7\u00e3o \u00e9 forma eficiente de combater as formas graves das doen\u00e7as. \u201cCompletar o esquema vacinal, com todas as doses espec\u00edficas para cada grupo \u00e9 essencial para preven\u00e7\u00e3o das formas graves da COVID-19 ou das varia\u00e7\u00f5es da Influenza. \u201cNas pessoas idosos, a imunidade da vacina vai perdendo sua capacidade de prote\u00e7\u00e3o ao longo do tempo, por isso \u00e9 importante que recebam as doses adicionais conforme as defini\u00e7\u00f5es do Minist\u00e9rio da Sa\u00fade e Secretaria de Estado da Sa\u00fade\u201d, comenta.<\/p>\n\n\n\n<p><strong><em>(Fonte\/Imagem: Prefeitura de Jundia\u00ed)<\/em><\/strong><\/p>\n","protected":false},"excerpt":{"rendered":"<p>Movimento foca na aplica\u00e7\u00e3o de doses contra COVID-19, Sarampo e Influenza<\/p>\n","protected":false},"author":30,"featured_media":94716,"comment_status":"closed","ping_status":"closed","sticky":false,"template":"","format":"standard","meta":{"footnotes":""},"categories":[29,8356,1,2839],"tags":[],"class_list":["post-94711","post","type-post","status-publish","format-standard","has-post-thumbnail","hentry","category-destaque","category-jundiai","category-noticias","category-saude"],"_links":{"self":[{"href":"https:\/\/tvtecjundiai.com.br\/news\/wp-json\/wp\/v2\/posts\/94711","targetHints":{"allow":["GET"]}}],"collection":[{"href":"https:\/\/tvtecjundiai.com.br\/news\/wp-json\/wp\/v2\/posts"}],"about":[{"href":"https:\/\/tvtecjundiai.com.br\/news\/wp-json\/wp\/v2\/types\/post"}],"author":[{"embeddable":true,"href":"https:\/\/tvtecjundiai.com.br\/news\/wp-json\/wp\/v2\/users\/30"}],"replies":[{"embeddable":true,"href":"https:\/\/tvtecjundiai.com.br\/news\/wp-json\/wp\/v2\/comments?post=94711"}],"version-history":[{"count":2,"href":"https:\/\/tvtecjundiai.com.br\/news\/wp-json\/wp\/v2\/posts\/94711\/revisions"}],"predecessor-version":[{"id":94717,"href":"https:\/\/tvtecjundiai.com.br\/news\/wp-json\/wp\/v2\/posts\/94711\/revisions\/94717"}],"wp:featuredmedia":[{"embeddable":true,"href":"https:\/\/tvtecjundiai.com.br\/news\/wp-json\/wp\/v2\/media\/94716"}],"wp:attachment":[{"href":"https:\/\/tvtecjundiai.com.br\/news\/wp-json\/wp\/v2\/media?parent=94711"}],"wp:term":[{"taxonomy":"category","embeddable":true,"href":"https:\/\/tvtecjundiai.com.br\/news\/wp-json\/wp\/v2\/categories?post=94711"},{"taxonomy":"post_tag","embeddable":true,"href":"https:\/\/tvtecjundiai.com.br\/news\/wp-json\/wp\/v2\/tags?post=94711"}],"curies":[{"name":"wp","href":"https:\/\/api.w.org\/{rel}","templated":true}]}}