{"id":94721,"date":"2022-06-22T10:15:29","date_gmt":"2022-06-22T13:15:29","guid":{"rendered":"https:\/\/tvtecjundiai.com.br\/news\/?p=94721"},"modified":"2022-06-23T09:34:40","modified_gmt":"2022-06-23T12:34:40","slug":"obras-de-revitalizacao-nos-centros-esportivos-avancam-para-atender-a-populacao","status":"publish","type":"post","link":"https:\/\/tvtecjundiai.com.br\/news\/2022\/06\/22\/obras-de-revitalizacao-nos-centros-esportivos-avancam-para-atender-a-populacao\/","title":{"rendered":"Obras de revitaliza\u00e7\u00e3o nos Centros Esportivos avan\u00e7am para atender a popula\u00e7\u00e3o"},"content":{"rendered":"\n<p>Uma das obras mais esperadas pelos moradores da Agapeama est\u00e1 prestes a ser conclu\u00edda. As novas canchas de bocha do CECE Ant\u00f4nio de Lima j\u00e1 se encontram em fase final e devem ser entregues nas pr\u00f3ximas semanas pela Prefeitura de Jundia\u00ed. Uma delas, inclusive, j\u00e1 est\u00e1 sendo utilizada para treinamentos, mas \u00e9 necess\u00e1ria a conclus\u00e3o da obra para que Jundia\u00ed receba jogos oficiais.<\/p>\n\n\n\n<p>Atletas do Time Jundia\u00ed e demais grupos de moradores do bairro usufruem do local h\u00e1 mais de 25 anos. Semanalmente, cerca de 40 pessoas utilizam a cancha, a maioria homens entre 55 e 80 anos, mas o Centro Esportivo tamb\u00e9m recebe diversas pessoas diariamente para a pr\u00e1tica das demais atividades oferecidas. Alguns deles inclusive representaram Jundia\u00ed nos Jogos da Melhor Idade (JOMI) 2022 e sa\u00edram com a quarta coloca\u00e7\u00e3o.<\/p>\n\n\n\n<p>\u201cInvestir em espa\u00e7os para que re\u00fanam todas as idades, com a possibilidade de pr\u00e1tica de atividades f\u00edsicas, garante qualidade de vida e sa\u00fade para a popula\u00e7\u00e3o. Jundia\u00ed j\u00e1 \u00e9 reconhecida pela qualidade de vida que oferece, e a melhoria da qualidade dos Centros Esportivos garantem a entrega de servi\u00e7os de excel\u00eancia para as crian\u00e7as, jovens, adultos e idosos\u201d, explica o prefeito Luiz Fernando Machado.<\/p>\n\n\n\n<p>\u201cEstamos ansiosos para ativar essa cancha novamente e de maneira oficial. \u00c9 muito importante retomarmos os treinos aqui, pois queremos nos inscrever nos campeonatos ainda este ano. Nosso principal objetivo \u00e9 finalizar a obra para mandarmos nossos jogos do campeonato aqui na nossa casa\u201d,&nbsp;relata Wilson Roberto Ramos, de 71 anos, praticante da modalidade h\u00e1 mais de 40 e t\u00e9cnico do TIME Jundia\u00ed. O local tamb\u00e9m \u00e9 considerado um centro de conviv\u00eancia do idoso.<\/p>\n\n\n\n<p>Com investimento total de R$ 61 mil, foi realizada a demoli\u00e7\u00e3o do piso sint\u00e9tico com base asf\u00e1ltica, execu\u00e7\u00e3o de novo piso, pintura, aplica\u00e7\u00e3o de resina acr\u00edlica, emborrachamento, instala\u00e7\u00e3o do carpete em manta, revestimento em alvenaria e pintura de paredes.<\/p>\n\n\n\n<figure class=\"wp-block-image\"><img decoding=\"async\" src=\"https:\/\/jundiai.sp.gov.br\/noticias\/wp-content\/uploads\/sites\/32\/2022\/06\/reforma-da-cancha-de-bocha-do-cece-antonio-de-lima_fm_-1.jpg\" alt=\"DESCRI\u00c7\u00c3O DE IMAGEM: homem, vestindo ca\u00e7a jeans, camiseta manga longa cinza , t\u00eanis preto, com cabelo grisalhos, arremessa bola azul em uma pista pista espec\u00edfica para a pr\u00e1tica da modalidade bocha. o pisto \u00e9 pintado de azul escuro, com demarca\u00e7\u00f5es em branco nas laterais e ao longo da pista. Ao fundo, outros competidores observam a jogada pr\u00f3ximos das outras bolas da partida.\" class=\"wp-image-295289\" \/><figcaption>Nova cancha de bocha j\u00e1 come\u00e7a a ser utilizada pelos atletas do TIME-Jundia\u00ed<\/figcaption><\/figure>\n\n\n\n<p>\u201cA entrega desse espa\u00e7o \u00e9 realmente um sonho, tanto para n\u00f3s quanto para os atletas. Preparamos essa reforma com muito carinho e continuaremos com os processos de revitaliza\u00e7\u00e3o para melhor acolh\u00ea-los. Estamos todos muito felizes com essa realiza\u00e7\u00e3o \u201c, comenta o gestor da Unidade de Gest\u00e3o de Esporte e Lazer (UGEL), Lu\u00eds Claudio Tarallo<\/p>\n\n\n\n<p>A reforma inclui a troca total do madeiramento e piso da cancha de bocha, al\u00e9m da requalifica\u00e7\u00e3o geral do espa\u00e7o com reforma dos banheiros, instala\u00e7\u00e3o de ilumina\u00e7\u00e3o de LED e novos mobili\u00e1rios para a pr\u00e1tica do carteado, que contempla modalidades oficiais dos Jogos da Melhor Idade do Estado de S\u00e3o Paulo.<\/p>\n\n\n\n<p>Ser\u00e3o colocadas quatro novas mesas, com quatro cadeiras cada, para a pr\u00e1tica do carteado, al\u00e9m da constru\u00e7\u00e3o de um banheiro novo e acess\u00edvel.<\/p>\n\n\n\n<p><strong>CECE Ov\u00eddeo Bueno<\/strong><\/p>\n\n\n\n<p>Outro local que ser\u00e1 completamente renovado \u00e9 o CECE Ov\u00eddeo Bueno, localizado na Avenida Ant\u00f4nio Frederico Ozanan. O campo de futebol dar\u00e1 lugar a um novo gin\u00e1sio multiuso e coberto, que est\u00e1 em fase de estrutura\u00e7\u00e3o para a montagem da cobertura.<\/p>\n\n\n\n<p>A equipe respons\u00e1vel pela obra foi trocada h\u00e1 cerca de 20 dias, e o novos respons\u00e1veis est\u00e3o correndo para cumprir com o prazo de entrega. A obra tamb\u00e9m inclui arquibancada com cadeiras para 170 pessoas, sala administrativa, sala de professores e t\u00e9cnicos, sanit\u00e1rios, vesti\u00e1rios e est\u00e1 de acordo com o projeto aprovado pela Secretaria Especial do Esporte.<\/p>\n\n\n\n<figure class=\"wp-block-image\"><img decoding=\"async\" src=\"https:\/\/jundiai.sp.gov.br\/noticias\/wp-content\/uploads\/sites\/32\/2022\/06\/obras-do-cece-ovideo-bueno-na-vila-liberdade_fm_-29.jpg\" alt=\"Nova equipe trabalhando na constru\u00e7\u00e3o da estrutura do novo gin\u00e1sio do CECE Ov\u00eddeo Bueno\" class=\"wp-image-295214\" \/><figcaption>Nova equipe trabalha na constru\u00e7\u00e3o do novo gin\u00e1sio do CECE Ov\u00eddeo Bueno<\/figcaption><\/figure>\n\n\n\n<p>Como explica o gestor Tarallo, o centro esportivo inicialmente receberia um centro de treino e pr\u00e1tica de basquete. Mais tarde o projeto mudou, com a constru\u00e7\u00e3o de uma quadra para mais modalidades e uso de toda a comunidade. \u201cTrata-se de um ganho e tanto para as pessoas e para o esporte de nossa cidade\u201d, avalia o gestor. \u201cCom esse e outros investimentos, a popula\u00e7\u00e3o passar\u00e1 a frequentar ainda mais esse centro esportivo.\u201d<\/p>\n\n\n\n<p>Al\u00e9m da constru\u00e7\u00e3o da quadra, Tarallo explica que o Ant\u00f4nio Ov\u00eddeo Bueno receber\u00e1 outras melhorias, a partir de recursos do pr\u00f3prio munic\u00edpio. \u201cRevitalizaremos o entorno do centro esportivo e as quadras externas e tamb\u00e9m implantaremos um campo para futebol society com grama sint\u00e9tica e tr\u00eas quadras de areia.\u201d O centro receber\u00e1 ainda nova ilumina\u00e7\u00e3o, com l\u00e2mpadas de led. O projeto foi apresentado \u00e0 popula\u00e7\u00e3o do bairro.<\/p>\n\n\n\n<figure class=\"wp-block-image\"><img decoding=\"async\" src=\"https:\/\/jundiai.sp.gov.br\/noticias\/wp-content\/uploads\/sites\/32\/2022\/06\/obras-do-cece-ovideo-bueno-na-vila-liberdade_fm_-5.jpg\" alt=\"Foto geral da estrutura que se tornar\u00e1 o novo gin\u00e1sio do CECE Ov\u00eddeo Bueno\" class=\"wp-image-295215\" \/><figcaption>Novo gin\u00e1sio ser\u00e1 coberto e ter\u00e1 estrutura interna para diversas modalidades<\/figcaption><\/figure>\n\n\n\n<p><em><strong>(Fonte\/Imagens: Prefeitura de Jundia\u00ed)<\/strong><\/em><\/p>\n","protected":false},"excerpt":{"rendered":"<p>As novas canchas de bocha do CECE Ant\u00f4nio de Lima j\u00e1 se encontram em fase final.<\/p>\n","protected":false},"author":27,"featured_media":94722,"comment_status":"closed","ping_status":"closed","sticky":false,"template":"","format":"standard","meta":{"footnotes":""},"categories":[2827,8356],"tags":[],"class_list":["post-94721","post","type-post","status-publish","format-standard","has-post-thumbnail","hentry","category-esportes-e-lazer","category-jundiai"],"_links":{"self":[{"href":"https:\/\/tvtecjundiai.com.br\/news\/wp-json\/wp\/v2\/posts\/94721","targetHints":{"allow":["GET"]}}],"collection":[{"href":"https:\/\/tvtecjundiai.com.br\/news\/wp-json\/wp\/v2\/posts"}],"about":[{"href":"https:\/\/tvtecjundiai.com.br\/news\/wp-json\/wp\/v2\/types\/post"}],"author":[{"embeddable":true,"href":"https:\/\/tvtecjundiai.com.br\/news\/wp-json\/wp\/v2\/users\/27"}],"replies":[{"embeddable":true,"href":"https:\/\/tvtecjundiai.com.br\/news\/wp-json\/wp\/v2\/comments?post=94721"}],"version-history":[{"count":3,"href":"https:\/\/tvtecjundiai.com.br\/news\/wp-json\/wp\/v2\/posts\/94721\/revisions"}],"predecessor-version":[{"id":94785,"href":"https:\/\/tvtecjundiai.com.br\/news\/wp-json\/wp\/v2\/posts\/94721\/revisions\/94785"}],"wp:featuredmedia":[{"embeddable":true,"href":"https:\/\/tvtecjundiai.com.br\/news\/wp-json\/wp\/v2\/media\/94722"}],"wp:attachment":[{"href":"https:\/\/tvtecjundiai.com.br\/news\/wp-json\/wp\/v2\/media?parent=94721"}],"wp:term":[{"taxonomy":"category","embeddable":true,"href":"https:\/\/tvtecjundiai.com.br\/news\/wp-json\/wp\/v2\/categories?post=94721"},{"taxonomy":"post_tag","embeddable":true,"href":"https:\/\/tvtecjundiai.com.br\/news\/wp-json\/wp\/v2\/tags?post=94721"}],"curies":[{"name":"wp","href":"https:\/\/api.w.org\/{rel}","templated":true}]}}