{"id":94788,"date":"2022-06-23T11:14:46","date_gmt":"2022-06-23T14:14:46","guid":{"rendered":"https:\/\/tvtecjundiai.com.br\/news\/?p=94788"},"modified":"2022-06-23T11:17:14","modified_gmt":"2022-06-23T14:17:14","slug":"52a-edicao-da-festa-da-terra-nova-acontece-em-julho-em-jundiai","status":"publish","type":"post","link":"https:\/\/tvtecjundiai.com.br\/news\/2022\/06\/23\/52a-edicao-da-festa-da-terra-nova-acontece-em-julho-em-jundiai\/","title":{"rendered":"52\u00aa edi\u00e7\u00e3o da Festa da Terra Nova acontece em julho em Jundia\u00ed"},"content":{"rendered":"\n<p>A Festa da Terra Nova, uma das mais tradicionais de Jundia\u00ed, j\u00e1 est\u00e1 em sua 52\u00aa edi\u00e7\u00e3o. Este ano, o festejo da Par\u00f3quia Santa Rosa de Lima acontece nos dias 9, 10, 16, 17, 23 e 24 de julho, no sal\u00e3o de festas da Comunidade Bom Jesus, que fica na avenida Engenheiro Tasso Pinheiro, 2649, Terra Nova.<\/p>\n\n\n\n<p>A festa acontece aos s\u00e1bados, das 19h \u00e0s 23h, e aos domingos, das 11h \u00e0s 16h. No card\u00e1pio, os visitantes v\u00e3o encontrar del\u00edcias como o torresmo de rolo, frango frito, churrasco na chapa, nhoque, risoto, por\u00e7\u00e3o de lingui\u00e7a, pastel, polenta, batata, bebidas, doces e sorvete. \u00c9 poss\u00edvel consumir no local ou levar a refei\u00e7\u00e3o para viagem.<\/p>\n\n\n\n<p>Al\u00e9m da \u00f3tima comida, as fam\u00edlias tamb\u00e9m podem se divertir nas barracas de brincadeiras, como a pescaria e a roleta, entre outras divers\u00f5es.<\/p>\n\n\n<div class=\"wp-block-image\">\n<figure class=\"aligncenter size-large is-resized\"><img loading=\"lazy\" decoding=\"async\" src=\"https:\/\/tvtecjundiai.com.br\/news\/wp-content\/uploads\/sites\/2\/2022\/06\/festa_terra_nova_p_79G-1200x830.jpg\" alt=\"\" class=\"wp-image-94793\" width=\"729\" height=\"504\" srcset=\"https:\/\/tvtecjundiai.com.br\/news\/wp-content\/uploads\/sites\/2\/2022\/06\/festa_terra_nova_p_79G-1200x830.jpg 1200w, https:\/\/tvtecjundiai.com.br\/news\/wp-content\/uploads\/sites\/2\/2022\/06\/festa_terra_nova_p_79G-300x208.jpg 300w, https:\/\/tvtecjundiai.com.br\/news\/wp-content\/uploads\/sites\/2\/2022\/06\/festa_terra_nova_p_79G-768x531.jpg 768w, https:\/\/tvtecjundiai.com.br\/news\/wp-content\/uploads\/sites\/2\/2022\/06\/festa_terra_nova_p_79G.jpg 1240w\" sizes=\"auto, (max-width: 729px) 100vw, 729px\" \/><\/figure>\n<\/div>\n\n\n<p><strong>Festa da Terra Nova<\/strong><\/p>\n\n\n\n<ul class=\"wp-block-list\"><li><strong>S\u00e1bados (9, 16 e 23 de julho):<\/strong> das 19h \u00e0s 23h<\/li><li><strong>Domingos (10, 17 e 24 de julho):<\/strong> das 11h \u00e0s 16h<\/li><li><strong>Endere\u00e7o: <\/strong>avenida Engenheiro Tasso Pinheiro, 2649, Terra Nova<\/li><li><strong>Facebook para mais informa\u00e7\u00f5es: <a href=\"https:\/\/www.facebook.com\/festadaterranova\/\" data-type=\"URL\" data-id=\"https:\/\/www.facebook.com\/festadaterranova\/\">@festadaterranova<\/a><\/strong><\/li><\/ul>\n\n\n\n<p><em><strong>(Fonte: TVTEC Jundia\u00ed\/Imagem: Paulo Gr\u00e9gio)<\/strong><\/em><\/p>\n","protected":false},"excerpt":{"rendered":"<p>Festejo ocorre nos dias 9, 10, 16, 17, 23 e 24 de julho, no bairro Terra Nova<\/p>\n","protected":false},"author":30,"featured_media":94793,"comment_status":"closed","ping_status":"closed","sticky":false,"template":"","format":"standard","meta":{"footnotes":""},"categories":[29,6309,8356,8354,1],"tags":[],"class_list":["post-94788","post","type-post","status-publish","format-standard","has-post-thumbnail","hentry","category-destaque","category-gastronomia","category-jundiai","category-lazer","category-noticias"],"_links":{"self":[{"href":"https:\/\/tvtecjundiai.com.br\/news\/wp-json\/wp\/v2\/posts\/94788","targetHints":{"allow":["GET"]}}],"collection":[{"href":"https:\/\/tvtecjundiai.com.br\/news\/wp-json\/wp\/v2\/posts"}],"about":[{"href":"https:\/\/tvtecjundiai.com.br\/news\/wp-json\/wp\/v2\/types\/post"}],"author":[{"embeddable":true,"href":"https:\/\/tvtecjundiai.com.br\/news\/wp-json\/wp\/v2\/users\/30"}],"replies":[{"embeddable":true,"href":"https:\/\/tvtecjundiai.com.br\/news\/wp-json\/wp\/v2\/comments?post=94788"}],"version-history":[{"count":4,"href":"https:\/\/tvtecjundiai.com.br\/news\/wp-json\/wp\/v2\/posts\/94788\/revisions"}],"predecessor-version":[{"id":94796,"href":"https:\/\/tvtecjundiai.com.br\/news\/wp-json\/wp\/v2\/posts\/94788\/revisions\/94796"}],"wp:featuredmedia":[{"embeddable":true,"href":"https:\/\/tvtecjundiai.com.br\/news\/wp-json\/wp\/v2\/media\/94793"}],"wp:attachment":[{"href":"https:\/\/tvtecjundiai.com.br\/news\/wp-json\/wp\/v2\/media?parent=94788"}],"wp:term":[{"taxonomy":"category","embeddable":true,"href":"https:\/\/tvtecjundiai.com.br\/news\/wp-json\/wp\/v2\/categories?post=94788"},{"taxonomy":"post_tag","embeddable":true,"href":"https:\/\/tvtecjundiai.com.br\/news\/wp-json\/wp\/v2\/tags?post=94788"}],"curies":[{"name":"wp","href":"https:\/\/api.w.org\/{rel}","templated":true}]}}