{"id":9479,"date":"2018-04-27T08:35:56","date_gmt":"2018-04-27T11:35:56","guid":{"rendered":"https:\/\/tvtecjundiai.com.br\/news\/?p=9479"},"modified":"2018-04-27T08:35:56","modified_gmt":"2018-04-27T11:35:56","slug":"pat-divulga-vagas-disponiveis-em-jundiai-e-regiao-27","status":"publish","type":"post","link":"https:\/\/tvtecjundiai.com.br\/news\/2018\/04\/27\/pat-divulga-vagas-disponiveis-em-jundiai-e-regiao-27\/","title":{"rendered":"PAT divulga vagas dispon\u00edveis em Jundia\u00ed e regi\u00e3o (27)"},"content":{"rendered":"<p>Confira as vagas<\/p>\n<ul>\n<li><strong>\u00edder de Servi\u00e7o de limpeza<\/strong>\u00a0(liberado em 25\/04\/2018) \u2013 6 meses de experi\u00eancia em CTPS; ensino m\u00e9dio; completo; somente candidatos de Jundia\u00ed.<\/li>\n<li><strong>Mec\u00e2nico de Manuten\u00e7\u00e3o de Maquinas em Gerais<\/strong>\u00a0(liberado em 25\/04\/2018) \u2013 6 meses de experi\u00eancia em CTPS; ensino m\u00e9dio completo; somente candidato de Jundia\u00ed, V\u00e1rzea Paulista e Campo Limpo Paulista.<\/li>\n<li><strong>Oficial Eletroeletr\u00f4nico<\/strong>\u00a0(liberado em 25\/04\/2018) \u2013 6 meses de experi\u00eancia em CTPS; ensino m\u00e9dio completo; curso t\u00e9cnico conclu\u00eddo; somente candidatos de Jundia\u00ed, V\u00e1rzea Paulista e Campo Limpo Paulista.<\/li>\n<li><strong>T\u00e9cnico em Nutri\u00e7\u00e3o<\/strong>\u00a0(liberado em 24\/04\/2018) \u2013 6 meses de experi\u00eancia em CTPS; ensino m\u00e9dio completo; curso conclu\u00eddo; conhecimento em sistema Tecfood; somente candidatos de Jundia\u00ed.<\/li>\n<li><strong>Vaga exclusiva PCD (Pessoas com Defici\u00eancia)<\/strong>\u00a0(liberado em 25\/04\/2018) \u2013 Atendente de Loja &#8211; 6 meses de experi\u00eancia em CTPS; ensino m\u00e9dio completo; necess\u00e1rio laudo m\u00e9dio; somente candidatos de Jundia\u00ed.<\/li>\n<li><strong>Vaga exclusiva PCD (Pessoas com Defici\u00eancia)<\/strong>\u00a0(liberado em 26\/04\/2018) \u2013 Repositor de Mercadorias &#8211; 6 meses de experi\u00eancia em CTPS; ensino m\u00e9dio completo; necess\u00e1rio laudo m\u00e9dico; somente candidatos de Jundia\u00ed.<\/li>\n<\/ul>\n<p>Os interessados devem comparecer \u00e0 rua Zacarias de Goes, 530 \u2013 Centro. O atendimento do PAT Jundia\u00ed \u00e9 feito de segunda a sexta-feira, das 8:00 \u00e0s 16:30 horas. \u00c9 necess\u00e1rio levar RG, CPF, carteira de trabalho, PIS ou cart\u00e3o do cidad\u00e3o.<\/p>\n<p>\u00daltima atualiza\u00e7\u00e3o em\u00a0<strong>27\/04\/2018 08:31<\/strong><\/p>\n<p><em>(Fonte: Prefeitura de Jundia\u00ed)<\/em><\/p>\n","protected":false},"excerpt":{"rendered":"<p>Pode haver altera\u00e7\u00e3o no quadro de disponibilidade durante a semana<\/p>\n","protected":false},"author":11,"featured_media":8107,"comment_status":"closed","ping_status":"closed","sticky":false,"template":"","format":"standard","meta":{"footnotes":""},"categories":[29,2829,1],"tags":[286,2862,346,37,556,39,44,185,43],"class_list":["post-9479","post","type-post","status-publish","format-standard","has-post-thumbnail","hentry","category-destaque","category-economia","category-noticias","tag-carteira-de-trabalho","tag-destaque","tag-economia","tag-emprego","tag-noticias","tag-pat","tag-pat-jundiai","tag-trabalho","tag-vagas-de-emprego"],"_links":{"self":[{"href":"https:\/\/tvtecjundiai.com.br\/news\/wp-json\/wp\/v2\/posts\/9479","targetHints":{"allow":["GET"]}}],"collection":[{"href":"https:\/\/tvtecjundiai.com.br\/news\/wp-json\/wp\/v2\/posts"}],"about":[{"href":"https:\/\/tvtecjundiai.com.br\/news\/wp-json\/wp\/v2\/types\/post"}],"author":[{"embeddable":true,"href":"https:\/\/tvtecjundiai.com.br\/news\/wp-json\/wp\/v2\/users\/11"}],"replies":[{"embeddable":true,"href":"https:\/\/tvtecjundiai.com.br\/news\/wp-json\/wp\/v2\/comments?post=9479"}],"version-history":[{"count":1,"href":"https:\/\/tvtecjundiai.com.br\/news\/wp-json\/wp\/v2\/posts\/9479\/revisions"}],"predecessor-version":[{"id":9480,"href":"https:\/\/tvtecjundiai.com.br\/news\/wp-json\/wp\/v2\/posts\/9479\/revisions\/9480"}],"wp:featuredmedia":[{"embeddable":true,"href":"https:\/\/tvtecjundiai.com.br\/news\/wp-json\/wp\/v2\/media\/8107"}],"wp:attachment":[{"href":"https:\/\/tvtecjundiai.com.br\/news\/wp-json\/wp\/v2\/media?parent=9479"}],"wp:term":[{"taxonomy":"category","embeddable":true,"href":"https:\/\/tvtecjundiai.com.br\/news\/wp-json\/wp\/v2\/categories?post=9479"},{"taxonomy":"post_tag","embeddable":true,"href":"https:\/\/tvtecjundiai.com.br\/news\/wp-json\/wp\/v2\/tags?post=9479"}],"curies":[{"name":"wp","href":"https:\/\/api.w.org\/{rel}","templated":true}]}}