{"id":94990,"date":"2022-08-09T09:00:00","date_gmt":"2022-08-09T12:00:00","guid":{"rendered":"https:\/\/tvtecjundiai.com.br\/news\/?p=94990"},"modified":"2022-08-08T09:51:49","modified_gmt":"2022-08-08T12:51:49","slug":"cinco-lugares-para-tomar-um-bom-caldo-e-se-aquecer-em-jundiai","status":"publish","type":"post","link":"https:\/\/tvtecjundiai.com.br\/news\/2022\/08\/09\/cinco-lugares-para-tomar-um-bom-caldo-e-se-aquecer-em-jundiai\/","title":{"rendered":"Cinco lugares para tomar um bom caldo e se aquecer em Jundia\u00ed"},"content":{"rendered":"\n<p>Com as quedas de temperatura registradas no inverno, nada melhor que um bom caldo ou sopa para se aquecer e curtir o friozinho. Confira cinco lugares que vendem sopas e caldos em Jundia\u00ed: alguns, inclusive, com festivais de caldos!<\/p>\n\n\n\n<p><strong>Kiosque Roseira <\/strong><\/p>\n\n\n\n<p>O Kiosque Roseira tem diversas op\u00e7\u00f5es de caldos, como caldo verde, canja, caldo de mandioquinha e caldo de mandioca com costela. O cliente deve consultar a disponibilidade no dia.<\/p>\n\n\n\n<ul class=\"wp-block-list\"><li>Endere\u00e7o 1: Avenida Humberto Cereser, 5221 &#8211; Caxambu<\/li><li>Endere\u00e7o 2: Avenida Jundia\u00ed, 553 &#8211; Anhangaba\u00fa<\/li><\/ul>\n\n\n<div class=\"wp-block-image\">\n<figure class=\"aligncenter size-full is-resized\"><img loading=\"lazy\" decoding=\"async\" src=\"https:\/\/tvtecjundiai.com.br\/news\/wp-content\/uploads\/sites\/2\/2022\/06\/caldo-kiosque-roseira.jpg\" alt=\"\" class=\"wp-image-94991\" width=\"456\" height=\"456\" srcset=\"https:\/\/tvtecjundiai.com.br\/news\/wp-content\/uploads\/sites\/2\/2022\/06\/caldo-kiosque-roseira.jpg 707w, https:\/\/tvtecjundiai.com.br\/news\/wp-content\/uploads\/sites\/2\/2022\/06\/caldo-kiosque-roseira-300x300.jpg 300w, https:\/\/tvtecjundiai.com.br\/news\/wp-content\/uploads\/sites\/2\/2022\/06\/caldo-kiosque-roseira-100x100.jpg 100w\" sizes=\"auto, (max-width: 456px) 100vw, 456px\" \/><\/figure>\n<\/div>\n\n\n<p><strong>Hotel Serra Jundia\u00ed<\/strong><\/p>\n\n\n\n<p>O Hotel Serra Jundia\u00ed tem muitas op\u00e7\u00f5es de caldos, como creme de milho com queijo branco, sopa de gr\u00e3o de bico, creme de ab\u00f3bora com gorgonzola, sopa de feij\u00e3o e outros sabores. A Noite dos Caldos acontece toda quinta-feira, com valor de R$ 52 por pessoa, e reservas feitas pelo telefone (11) 3378-4300. O cliente deve consultar os sabores dispon\u00edveis no dia.<\/p>\n\n\n\n<p>Endere\u00e7o: Avenida Comendador Gumercindo Barranqueiros, 80 &#8211; Mois\u00e9s\/Jardim Santa Teresa<\/p>\n\n\n<div class=\"wp-block-image\">\n<figure class=\"aligncenter size-full is-resized\"><img loading=\"lazy\" decoding=\"async\" src=\"https:\/\/tvtecjundiai.com.br\/news\/wp-content\/uploads\/sites\/2\/2022\/06\/noite-dos-caldos-hotel-serra-jundiai.jpg\" alt=\"\" class=\"wp-image-94992\" width=\"449\" height=\"405\" srcset=\"https:\/\/tvtecjundiai.com.br\/news\/wp-content\/uploads\/sites\/2\/2022\/06\/noite-dos-caldos-hotel-serra-jundiai.jpg 356w, https:\/\/tvtecjundiai.com.br\/news\/wp-content\/uploads\/sites\/2\/2022\/06\/noite-dos-caldos-hotel-serra-jundiai-300x271.jpg 300w\" sizes=\"auto, (max-width: 449px) 100vw, 449px\" \/><\/figure>\n<\/div>\n\n\n<p><strong>Kalimera Hortifruti<\/strong><\/p>\n\n\n\n<p>A Rede Kalimera Hortifruti serve caldos de diversos sabores, e o cliente deve consultar a disponibilidade no dia, pelas redes sociais.<\/p>\n\n\n\n<p>Endere\u00e7o 1: Rua do Retiro, 2400 &#8211; Vila das Hort\u00eancias<br>Endere\u00e7o 2: Avenida Ant\u00f4nio Pincinato, 21- Recanto Quarto Centen\u00e1rio<\/p>\n\n\n<div class=\"wp-block-image\">\n<figure class=\"aligncenter size-full is-resized\"><img loading=\"lazy\" decoding=\"async\" src=\"https:\/\/tvtecjundiai.com.br\/news\/wp-content\/uploads\/sites\/2\/2022\/06\/caldos-kalimera.jpg\" alt=\"\" class=\"wp-image-94993\" width=\"451\" height=\"419\" srcset=\"https:\/\/tvtecjundiai.com.br\/news\/wp-content\/uploads\/sites\/2\/2022\/06\/caldos-kalimera.jpg 376w, https:\/\/tvtecjundiai.com.br\/news\/wp-content\/uploads\/sites\/2\/2022\/06\/caldos-kalimera-300x278.jpg 300w\" sizes=\"auto, (max-width: 451px) 100vw, 451px\" \/><\/figure>\n<\/div>\n\n\n<p><strong>Verace Cantina<\/strong><\/p>\n\n\n\n<p>O Festival de Caldos da Verace Cantina acontece toda ter\u00e7a e quarta-feira, a partir das 18h. As op\u00e7\u00f5es s\u00e3o diversas, como caldo de feij\u00e3o, canja de galinha, creme de ervilha com bacon, creme de cebola e outros sabores. O cliente deve consultar o card\u00e1pio do dia, com valor de R$ 47,90 por pessoa.<\/p>\n\n\n\n<p>Endere\u00e7o: Avenida 9 de Julho, 1650 &#8211; Beco Fino<\/p>\n\n\n<div class=\"wp-block-image\">\n<figure class=\"aligncenter size-full is-resized\"><img loading=\"lazy\" decoding=\"async\" src=\"https:\/\/tvtecjundiai.com.br\/news\/wp-content\/uploads\/sites\/2\/2022\/06\/verace-caldos-jundiai.jpg\" alt=\"\" class=\"wp-image-94994\" width=\"457\" height=\"454\" srcset=\"https:\/\/tvtecjundiai.com.br\/news\/wp-content\/uploads\/sites\/2\/2022\/06\/verace-caldos-jundiai.jpg 705w, https:\/\/tvtecjundiai.com.br\/news\/wp-content\/uploads\/sites\/2\/2022\/06\/verace-caldos-jundiai-300x298.jpg 300w, https:\/\/tvtecjundiai.com.br\/news\/wp-content\/uploads\/sites\/2\/2022\/06\/verace-caldos-jundiai-100x100.jpg 100w\" sizes=\"auto, (max-width: 457px) 100vw, 457px\" \/><\/figure>\n<\/div>\n\n\n<p><strong>Na Cumbuca<\/strong><\/p>\n\n\n\n<p>O Na Cumbuca tem oito sabores de caldos e cremes naturais dispon\u00edveis, congelados ou prontos. As op\u00e7\u00f5es s\u00e3o muitas, como canja, caldo verde, caldo de feij\u00e3o com calabresa, sopa de legumes com costela e outros sabores.<\/p>\n\n\n\n<p>O restaurante atende por delivery, com pedidos que podem ser feitos pelo Instagram (@nacumbucajundiai) ou telefone (11) 94917-8342, das 11h \u00e0s 19h.<\/p>\n\n\n<div class=\"wp-block-image\">\n<figure class=\"aligncenter size-full is-resized\"><img loading=\"lazy\" decoding=\"async\" src=\"https:\/\/tvtecjundiai.com.br\/news\/wp-content\/uploads\/sites\/2\/2022\/06\/na-cumbuca-jundiai.jpg\" alt=\"\" class=\"wp-image-94995\" width=\"458\" height=\"435\" srcset=\"https:\/\/tvtecjundiai.com.br\/news\/wp-content\/uploads\/sites\/2\/2022\/06\/na-cumbuca-jundiai.jpg 494w, https:\/\/tvtecjundiai.com.br\/news\/wp-content\/uploads\/sites\/2\/2022\/06\/na-cumbuca-jundiai-300x285.jpg 300w\" sizes=\"auto, (max-width: 458px) 100vw, 458px\" \/><\/figure>\n<\/div>\n\n\n<p><em><strong>(Fonte: TVTEC Jundia\u00ed\/Imagens: Divulga\u00e7\u00e3o\/Redes Sociais)<\/strong><\/em><\/p>\n","protected":false},"excerpt":{"rendered":"<p>Com a chegada do inverno, caldos e sopas s\u00e3o ideais para curtir o friozinho<\/p>\n","protected":false},"author":30,"featured_media":94997,"comment_status":"closed","ping_status":"closed","sticky":false,"template":"","format":"standard","meta":{"footnotes":""},"categories":[6309,8356,8354,1],"tags":[],"class_list":["post-94990","post","type-post","status-publish","format-standard","has-post-thumbnail","hentry","category-gastronomia","category-jundiai","category-lazer","category-noticias"],"_links":{"self":[{"href":"https:\/\/tvtecjundiai.com.br\/news\/wp-json\/wp\/v2\/posts\/94990","targetHints":{"allow":["GET"]}}],"collection":[{"href":"https:\/\/tvtecjundiai.com.br\/news\/wp-json\/wp\/v2\/posts"}],"about":[{"href":"https:\/\/tvtecjundiai.com.br\/news\/wp-json\/wp\/v2\/types\/post"}],"author":[{"embeddable":true,"href":"https:\/\/tvtecjundiai.com.br\/news\/wp-json\/wp\/v2\/users\/30"}],"replies":[{"embeddable":true,"href":"https:\/\/tvtecjundiai.com.br\/news\/wp-json\/wp\/v2\/comments?post=94990"}],"version-history":[{"count":3,"href":"https:\/\/tvtecjundiai.com.br\/news\/wp-json\/wp\/v2\/posts\/94990\/revisions"}],"predecessor-version":[{"id":96871,"href":"https:\/\/tvtecjundiai.com.br\/news\/wp-json\/wp\/v2\/posts\/94990\/revisions\/96871"}],"wp:featuredmedia":[{"embeddable":true,"href":"https:\/\/tvtecjundiai.com.br\/news\/wp-json\/wp\/v2\/media\/94997"}],"wp:attachment":[{"href":"https:\/\/tvtecjundiai.com.br\/news\/wp-json\/wp\/v2\/media?parent=94990"}],"wp:term":[{"taxonomy":"category","embeddable":true,"href":"https:\/\/tvtecjundiai.com.br\/news\/wp-json\/wp\/v2\/categories?post=94990"},{"taxonomy":"post_tag","embeddable":true,"href":"https:\/\/tvtecjundiai.com.br\/news\/wp-json\/wp\/v2\/tags?post=94990"}],"curies":[{"name":"wp","href":"https:\/\/api.w.org\/{rel}","templated":true}]}}