{"id":95035,"date":"2022-06-28T17:22:25","date_gmt":"2022-06-28T20:22:25","guid":{"rendered":"https:\/\/tvtecjundiai.com.br\/news\/?p=95035"},"modified":"2022-06-28T17:22:32","modified_gmt":"2022-06-28T20:22:32","slug":"mostra-de-artes-marca-o-encerramento-da-1a-fase-das-oficinas-culturais-na-pracinha-da-cultura","status":"publish","type":"post","link":"https:\/\/tvtecjundiai.com.br\/news\/2022\/06\/28\/mostra-de-artes-marca-o-encerramento-da-1a-fase-das-oficinas-culturais-na-pracinha-da-cultura\/","title":{"rendered":"Mostra de Artes marca o encerramento da 1\u00aa fase das oficinas culturais na Pracinha da Cultura"},"content":{"rendered":"\n<p>A noite de segunda-feira (27), na&nbsp;<a href=\"https:\/\/cultura.jundiai.sp.gov.br\/espacos-culturais\/pracinha-da-cultura-do-vista-alegre\/\" target=\"_blank\" rel=\"noreferrer noopener\">Pracinha da Cultura do Vista Alegre<\/a>&nbsp;(antigo Ceu das Artes), equipamento ligado \u00e0&nbsp;<a href=\"https:\/\/cultura.jundiai.sp.gov.br\/\" target=\"_blank\" rel=\"noreferrer noopener\">Unidade de Gest\u00e3o de Cultura<\/a>&nbsp;(UGC), foi das mais movimentadas. Um grande p\u00fablico formado por pais, cuidadores, amigos e moradores do bairro compareceu para assistir a Mostra de Artes, dos participantes das oficinas culturais, realizadas durante quatro meses, atendendo faixas et\u00e1rias diversas \u2013 desde crian\u00e7as at\u00e9 adultos, marcando assim, o encerramento da primeira fase do projeto de oficinas descentralizadas no bairro.<\/p>\n\n\n\n<p>Para o gestor de Cultura, Marcelo Peroni que na oportunidade acompanhou toda a programa\u00e7\u00e3o, a oferta das oficinas no Vista Alegre \u2013 170 vagas \u2013 permitiu que os moradores pudessem conhecer o espa\u00e7o cultural que \u00e9 de grande import\u00e2ncia para a cidade, dele se apropriar e passar a frequent\u00e1-lo.<\/p>\n\n\n\n<figure class=\"wp-block-image\"><img decoding=\"async\" src=\"https:\/\/jundiai.sp.gov.br\/noticias\/wp-content\/uploads\/sites\/32\/2022\/06\/publico.jpeg\" alt=\"\" class=\"wp-image-295778\" \/><figcaption>A Mostra de Artes reuniu um grande p\u00fablico na quadra da Pracinha da Cultura do Vista Alegre<\/figcaption><\/figure>\n\n\n\n<p>\u201cO que estamos assistindo nessa Mostra de Artes \u00e9 a integra\u00e7\u00e3o da crian\u00e7a, do jovem, do adulto, das fam\u00edlias. N\u00f3s estamos em um processo de constru\u00e7\u00e3o, de requalifica\u00e7\u00e3o da Pracinha da Cultura, a partir das atividades e da participa\u00e7\u00e3o da comunidade. A presen\u00e7a dos pais e cuidadores \u00e9 fundamental para essa constru\u00e7\u00e3o. O que estamos vendo no encerramento da primeira fase das oficinas \u00e9 que o processo est\u00e1 acontecendo, j\u00e1 \u00e9 n\u00edtida a melhoria e evolu\u00e7\u00e3o. A prova \u00e9 o grande n\u00famero de pessoas que saiu de suas casas para acompanhar a programa\u00e7\u00e3o. Isso nos faz crer que juntos, administra\u00e7\u00e3o p\u00fablica e popula\u00e7\u00e3o, estamos no caminho certo\u201d, finalizou Peroni.<\/p>\n\n\n\n<p><strong>Apresenta\u00e7\u00f5es<\/strong><br>A Mostra de Artes da Pracinha da Cultura reuniu os participantes das seguintes oficinas que tiveram a oportunidade apresentar ao p\u00fablico o resultado das aulas de: Jazz, Ballet, Teatro em Ingl\u00eas, Artesanato, Zumba, Maracatu, Capoeira, Muay Thai, Jiu-Jitsu e Gin\u00e1stica Corporal. Tamb\u00e9m nesta noite os convidados puderam conhecer todas as instala\u00e7\u00f5es onde as aulas s\u00e3o realizadas, bem como as depend\u00eancias do CRAS do Vista Alegre e da Biblioteca.<\/p>\n\n\n\n<figure class=\"wp-block-image\"><img decoding=\"async\" src=\"https:\/\/jundiai.sp.gov.br\/noticias\/wp-content\/uploads\/sites\/32\/2022\/06\/artesanato-1280x960.jpeg\" alt=\"\" class=\"wp-image-295786\" \/><figcaption>Os trabalhos do artesanato em exposi\u00e7\u00e3o<\/figcaption><\/figure>\n\n\n\n<p>As oficinas do Vista Alegre entram em recesso no m\u00eas de julho com retorno previsto para agosto. A Unidade de Gest\u00e3o de Cultura, j\u00e1 est\u00e1 mantendo contato com o Fundo Social de Solidariedade e Senac para a realiza\u00e7\u00e3o de um curso gratuito, pelo programa Senac Gratuidade, com foco na forma\u00e7\u00e3o de profissionais para a \u00e1rea cultural, que dever\u00e1 ser anunciado em breve, tendo como sede a Pracinha da Cultura.<\/p>\n\n\n\n<figure class=\"wp-block-image\"><img decoding=\"async\" src=\"https:\/\/jundiai.sp.gov.br\/noticias\/wp-content\/uploads\/sites\/32\/2022\/06\/jiu-jitsu.jpeg\" alt=\"\" class=\"wp-image-295784\" \/><figcaption>Os alunos do jiu-jitsu<\/figcaption><\/figure>\n\n\n\n<p><strong><em>(Fonte\/Imagem: Prefeitura de Jundia\u00ed)<\/em><\/strong><\/p>\n\n\n\n<p><\/p>\n","protected":false},"excerpt":{"rendered":"<p>A Mostra de Artes reuniu um grande p\u00fablico na quadra da Pracinha da Cultura do Vista Alegre.<\/p>\n","protected":false},"author":27,"featured_media":95036,"comment_status":"closed","ping_status":"closed","sticky":false,"template":"","format":"standard","meta":{"footnotes":""},"categories":[2833,8356],"tags":[],"class_list":["post-95035","post","type-post","status-publish","format-standard","has-post-thumbnail","hentry","category-cultura","category-jundiai"],"_links":{"self":[{"href":"https:\/\/tvtecjundiai.com.br\/news\/wp-json\/wp\/v2\/posts\/95035","targetHints":{"allow":["GET"]}}],"collection":[{"href":"https:\/\/tvtecjundiai.com.br\/news\/wp-json\/wp\/v2\/posts"}],"about":[{"href":"https:\/\/tvtecjundiai.com.br\/news\/wp-json\/wp\/v2\/types\/post"}],"author":[{"embeddable":true,"href":"https:\/\/tvtecjundiai.com.br\/news\/wp-json\/wp\/v2\/users\/27"}],"replies":[{"embeddable":true,"href":"https:\/\/tvtecjundiai.com.br\/news\/wp-json\/wp\/v2\/comments?post=95035"}],"version-history":[{"count":1,"href":"https:\/\/tvtecjundiai.com.br\/news\/wp-json\/wp\/v2\/posts\/95035\/revisions"}],"predecessor-version":[{"id":95037,"href":"https:\/\/tvtecjundiai.com.br\/news\/wp-json\/wp\/v2\/posts\/95035\/revisions\/95037"}],"wp:featuredmedia":[{"embeddable":true,"href":"https:\/\/tvtecjundiai.com.br\/news\/wp-json\/wp\/v2\/media\/95036"}],"wp:attachment":[{"href":"https:\/\/tvtecjundiai.com.br\/news\/wp-json\/wp\/v2\/media?parent=95035"}],"wp:term":[{"taxonomy":"category","embeddable":true,"href":"https:\/\/tvtecjundiai.com.br\/news\/wp-json\/wp\/v2\/categories?post=95035"},{"taxonomy":"post_tag","embeddable":true,"href":"https:\/\/tvtecjundiai.com.br\/news\/wp-json\/wp\/v2\/tags?post=95035"}],"curies":[{"name":"wp","href":"https:\/\/api.w.org\/{rel}","templated":true}]}}