{"id":95057,"date":"2022-06-29T09:22:17","date_gmt":"2022-06-29T12:22:17","guid":{"rendered":"https:\/\/tvtecjundiai.com.br\/news\/?p=95057"},"modified":"2022-06-29T09:22:18","modified_gmt":"2022-06-29T12:22:18","slug":"costelada-bbq-e-festival-mandacaru-agitam-jundiai-neste-fim-de-semana","status":"publish","type":"post","link":"https:\/\/tvtecjundiai.com.br\/news\/2022\/06\/29\/costelada-bbq-e-festival-mandacaru-agitam-jundiai-neste-fim-de-semana\/","title":{"rendered":"Costelada BBQ e Festival Mandacaru agitam Jundia\u00ed neste fim de semana"},"content":{"rendered":"\n<p>Jundia\u00ed recebe, de sexta-feira (1) at\u00e9 domingo (3), o \u201cCostelada BBQ e Festival Mandacaru\u201d, dois eventos que ter\u00e3o diferentes op\u00e7\u00f5es gastron\u00f4micas, com destaque para os pratos com costela e diversas varia\u00e7\u00f5es dos cl\u00e1ssicos das regi\u00f5es Norte e Nordeste do Brasil, al\u00e9m de uma programa\u00e7\u00e3o cultural diversificada. A entrada \u00e9 gratuita.<\/p>\n\n\n\n<p>O evento, que ser\u00e1 realizado no estacionamento do Maxi Shopping Jundia\u00ed, receber\u00e1 assadores profissionais, com a costela sendo a protagonista em todos as receitas: costela fogo de ch\u00e3o, costela defumada, costelinha assada, burger de costela, \u201csandub\u00e3o\u201d de costela na chapa, coxinha e crepe recheados com carne de costela, al\u00e9m dos tradicionais pratos nortistas e nordestinos, como bai\u00e3o de dois, feij\u00e3o tropeiro, galinhada, carne na lata, acaraj\u00e9, mocot\u00f3, torresmo de rolo, frango com quiabo, polenta, batata e mandioca fritas, milho verde e caldos de quenga.<\/p>\n\n\n\n<p>Para completar o card\u00e1pio, as mais deliciosas sobremesas. E tudo acompanhado de vinho quente, quent\u00e3o e cerveja.<\/p>\n\n\n<div class=\"wp-block-image\">\n<figure class=\"aligncenter size-large is-resized\"><img loading=\"lazy\" decoding=\"async\" src=\"https:\/\/tvtecjundiai.com.br\/news\/wp-content\/uploads\/sites\/2\/2022\/06\/IMG_7962-1200x800.jpg\" alt=\"\" class=\"wp-image-95059\" width=\"739\" height=\"493\" srcset=\"https:\/\/tvtecjundiai.com.br\/news\/wp-content\/uploads\/sites\/2\/2022\/06\/IMG_7962-1200x800.jpg 1200w, https:\/\/tvtecjundiai.com.br\/news\/wp-content\/uploads\/sites\/2\/2022\/06\/IMG_7962-300x200.jpg 300w, https:\/\/tvtecjundiai.com.br\/news\/wp-content\/uploads\/sites\/2\/2022\/06\/IMG_7962-768x512.jpg 768w, https:\/\/tvtecjundiai.com.br\/news\/wp-content\/uploads\/sites\/2\/2022\/06\/IMG_7962.jpg 1280w\" sizes=\"auto, (max-width: 739px) 100vw, 739px\" \/><\/figure>\n<\/div>\n\n\n<p>O entretenimento ficar\u00e1 por conta das atra\u00e7\u00f5es musicais ao vivo. Na abertura do evento, na sexta-feira (1), a anima\u00e7\u00e3o ser\u00e1 garantida pelo Forr\u00f3 di Casa, a partir das 19h. No s\u00e1bado (2), a festa come\u00e7a mais cedo, \u00e0s 14h, com o mod\u00e3o de Roberto Furioso. \u00c0s 19h, ser\u00e1 a vez do Forr\u00f3 Mariara.<\/p>\n\n\n\n<p>No domingo (3), ser\u00e1 a vez da Orquestra de Viola Caipira de Valinhos se apresentar \u00e0s 13h. O cantor Z\u00e9 Quarqu\u00e9 assume o palco \u00e0s 15h. E para encerrar a festan\u00e7a, \u00e0s 19h tem o show do Serelepe. Durante toda a festa haver\u00e1 interven\u00e7\u00f5es com perna de pau e Bonecos Gigantes de Olinda. A entrada \u00e9 gratuita.<\/p>\n\n\n<div class=\"wp-block-image\">\n<figure class=\"aligncenter size-large is-resized\"><img loading=\"lazy\" decoding=\"async\" src=\"https:\/\/tvtecjundiai.com.br\/news\/wp-content\/uploads\/sites\/2\/2022\/06\/20220410_174812-1200x900.jpg\" alt=\"\" class=\"wp-image-95060\" width=\"749\" height=\"562\" srcset=\"https:\/\/tvtecjundiai.com.br\/news\/wp-content\/uploads\/sites\/2\/2022\/06\/20220410_174812-1200x900.jpg 1200w, https:\/\/tvtecjundiai.com.br\/news\/wp-content\/uploads\/sites\/2\/2022\/06\/20220410_174812-300x225.jpg 300w, https:\/\/tvtecjundiai.com.br\/news\/wp-content\/uploads\/sites\/2\/2022\/06\/20220410_174812-768x576.jpg 768w, https:\/\/tvtecjundiai.com.br\/news\/wp-content\/uploads\/sites\/2\/2022\/06\/20220410_174812.jpg 1280w\" sizes=\"auto, (max-width: 749px) 100vw, 749px\" \/><\/figure>\n<\/div>\n\n\n<p><strong>Costelada BBQ e Festival Mandacaru<\/strong><\/p>\n\n\n\n<ul class=\"wp-block-list\"><li>Data: dias 1, 2 e 3 de julho<\/li><li>Hor\u00e1rios: sexta-feira (1), das 17h \u00e0s 22h, e s\u00e1bado (2) e domingo (3), das 11h \u00e0s 22h<\/li><li>Entrada: Gratuita<\/li><li>Local: Estacionamento do Maxi Shopping Jundia\u00ed, na Avenida Ant\u00f4nio Frederico Ozanan, 6000, Vila Rio Branco<\/li><li>Realiza\u00e7\u00e3o: WB Produ\u00e7\u00f5es &amp; Promo\u00e7\u00f5es, com apoio da Cervejaria Hoffen<\/li><\/ul>\n\n\n\n<p><em><strong>(Fonte: WB Produ\u00e7\u00f5es &amp; Promo\u00e7\u00f5es\/Imagens: \u00c1tilla Liberato)<\/strong><\/em><\/p>\n","protected":false},"excerpt":{"rendered":"<p>Eventos ter\u00e3o diferentes op\u00e7\u00f5es gastron\u00f4micas, com destaque para os pratos com costela<\/p>\n","protected":false},"author":30,"featured_media":95058,"comment_status":"closed","ping_status":"closed","sticky":false,"template":"","format":"standard","meta":{"footnotes":""},"categories":[2833,6309,8356,8354,1],"tags":[],"class_list":["post-95057","post","type-post","status-publish","format-standard","has-post-thumbnail","hentry","category-cultura","category-gastronomia","category-jundiai","category-lazer","category-noticias"],"_links":{"self":[{"href":"https:\/\/tvtecjundiai.com.br\/news\/wp-json\/wp\/v2\/posts\/95057","targetHints":{"allow":["GET"]}}],"collection":[{"href":"https:\/\/tvtecjundiai.com.br\/news\/wp-json\/wp\/v2\/posts"}],"about":[{"href":"https:\/\/tvtecjundiai.com.br\/news\/wp-json\/wp\/v2\/types\/post"}],"author":[{"embeddable":true,"href":"https:\/\/tvtecjundiai.com.br\/news\/wp-json\/wp\/v2\/users\/30"}],"replies":[{"embeddable":true,"href":"https:\/\/tvtecjundiai.com.br\/news\/wp-json\/wp\/v2\/comments?post=95057"}],"version-history":[{"count":1,"href":"https:\/\/tvtecjundiai.com.br\/news\/wp-json\/wp\/v2\/posts\/95057\/revisions"}],"predecessor-version":[{"id":95061,"href":"https:\/\/tvtecjundiai.com.br\/news\/wp-json\/wp\/v2\/posts\/95057\/revisions\/95061"}],"wp:featuredmedia":[{"embeddable":true,"href":"https:\/\/tvtecjundiai.com.br\/news\/wp-json\/wp\/v2\/media\/95058"}],"wp:attachment":[{"href":"https:\/\/tvtecjundiai.com.br\/news\/wp-json\/wp\/v2\/media?parent=95057"}],"wp:term":[{"taxonomy":"category","embeddable":true,"href":"https:\/\/tvtecjundiai.com.br\/news\/wp-json\/wp\/v2\/categories?post=95057"},{"taxonomy":"post_tag","embeddable":true,"href":"https:\/\/tvtecjundiai.com.br\/news\/wp-json\/wp\/v2\/tags?post=95057"}],"curies":[{"name":"wp","href":"https:\/\/api.w.org\/{rel}","templated":true}]}}