{"id":95084,"date":"2022-06-29T15:06:18","date_gmt":"2022-06-29T18:06:18","guid":{"rendered":"https:\/\/tvtecjundiai.com.br\/news\/?p=95084"},"modified":"2022-06-29T15:06:19","modified_gmt":"2022-06-29T18:06:19","slug":"estacao-jundiai-da-cptm-recebe-15a-geloteca-nesta-quinta-feira-30","status":"publish","type":"post","link":"https:\/\/tvtecjundiai.com.br\/news\/2022\/06\/29\/estacao-jundiai-da-cptm-recebe-15a-geloteca-nesta-quinta-feira-30\/","title":{"rendered":"Esta\u00e7\u00e3o Jundia\u00ed da CPTM recebe 15\u00aa Geloteca nesta quinta-feira (30)"},"content":{"rendered":"\n<p>Nesta quinta-feira (30), a esta\u00e7\u00e3o Jundia\u00ed, localizada na Linha 7 &#8211; Rubi, ir\u00e1 receber a 15\u00aa Geloteca. A a\u00e7\u00e3o tem como objetivo transformar geladeiras desativadas em bibliotecas ambulantes. \u201cCada vez mais queremos construir parcerias que estimulem o aprendizado dos nossos passageiros de alguma forma. Esta, em especial, al\u00e9m de incentivar a leitura, ainda deixa a esta\u00e7\u00e3o mais bonita e colorida\u201d, diz Pedro Moro, presidente da CPTM.<\/p>\n\n\n<div class=\"wp-block-image\">\n<figure class=\"aligncenter size-large is-resized\"><img loading=\"lazy\" decoding=\"async\" src=\"https:\/\/tvtecjundiai.com.br\/news\/wp-content\/uploads\/sites\/2\/2022\/06\/Geloteca-jundiai-1115x960.jpg\" alt=\"\" class=\"wp-image-95086\" width=\"604\" height=\"520\" srcset=\"https:\/\/tvtecjundiai.com.br\/news\/wp-content\/uploads\/sites\/2\/2022\/06\/Geloteca-jundiai-1115x960.jpg 1115w, https:\/\/tvtecjundiai.com.br\/news\/wp-content\/uploads\/sites\/2\/2022\/06\/Geloteca-jundiai-300x258.jpg 300w, https:\/\/tvtecjundiai.com.br\/news\/wp-content\/uploads\/sites\/2\/2022\/06\/Geloteca-jundiai-768x661.jpg 768w, https:\/\/tvtecjundiai.com.br\/news\/wp-content\/uploads\/sites\/2\/2022\/06\/Geloteca-jundiai.jpg 1280w\" sizes=\"auto, (max-width: 604px) 100vw, 604px\" \/><\/figure>\n<\/div>\n\n\n<p>Desde 2018 as esta\u00e7\u00f5es da CPTM recebem o projeto da Geloteca. A atividade foi idealizada pelo professor de arte e psic\u00f3logo da educa\u00e7\u00e3o, Jo\u00e3o Belmonte, para despertar a leitura e a troca de exemplares entre as comunidades perif\u00e9ricas em pontos de deslocamentos e encontros dessas pessoas. At\u00e9 hoje, o artista j\u00e1 grafitou mais de 180 Gelotecas e o projeto vem se replicado pelo Brasil todo e no Uruguai.<\/p>\n\n\n\n<p>Para este ano a CPTM fez uma parceria diferenciada para completar a a\u00e7\u00e3o da Geloteca. No dia 8 de junho a companhia distribuiu mais de 1 mil gibis da Turma da M\u00f4nica entre 20 esta\u00e7\u00f5es, sendo elas: \u00c1gua Branca, Campo Limpo Paulista, Franco da Rocha, Luz, Ferraz de Vasconelos, Antonio Gianetti Neto, Guaianases, Dom Bosco, Jardim Romano, Jardim Helena, e outras.<\/p>\n\n\n\n<p><strong><em>(Fonte\/Imagem: CPTM)<\/em><\/strong><\/p>\n","protected":false},"excerpt":{"rendered":"<p>A\u00e7\u00e3o tem como objetivo transformar geladeiras desativadas em bibliotecas ambulantes<\/p>\n","protected":false},"author":30,"featured_media":95086,"comment_status":"closed","ping_status":"closed","sticky":false,"template":"","format":"standard","meta":{"footnotes":""},"categories":[2833,2828,8356,1],"tags":[],"class_list":["post-95084","post","type-post","status-publish","format-standard","has-post-thumbnail","hentry","category-cultura","category-educacao","category-jundiai","category-noticias"],"_links":{"self":[{"href":"https:\/\/tvtecjundiai.com.br\/news\/wp-json\/wp\/v2\/posts\/95084","targetHints":{"allow":["GET"]}}],"collection":[{"href":"https:\/\/tvtecjundiai.com.br\/news\/wp-json\/wp\/v2\/posts"}],"about":[{"href":"https:\/\/tvtecjundiai.com.br\/news\/wp-json\/wp\/v2\/types\/post"}],"author":[{"embeddable":true,"href":"https:\/\/tvtecjundiai.com.br\/news\/wp-json\/wp\/v2\/users\/30"}],"replies":[{"embeddable":true,"href":"https:\/\/tvtecjundiai.com.br\/news\/wp-json\/wp\/v2\/comments?post=95084"}],"version-history":[{"count":1,"href":"https:\/\/tvtecjundiai.com.br\/news\/wp-json\/wp\/v2\/posts\/95084\/revisions"}],"predecessor-version":[{"id":95088,"href":"https:\/\/tvtecjundiai.com.br\/news\/wp-json\/wp\/v2\/posts\/95084\/revisions\/95088"}],"wp:featuredmedia":[{"embeddable":true,"href":"https:\/\/tvtecjundiai.com.br\/news\/wp-json\/wp\/v2\/media\/95086"}],"wp:attachment":[{"href":"https:\/\/tvtecjundiai.com.br\/news\/wp-json\/wp\/v2\/media?parent=95084"}],"wp:term":[{"taxonomy":"category","embeddable":true,"href":"https:\/\/tvtecjundiai.com.br\/news\/wp-json\/wp\/v2\/categories?post=95084"},{"taxonomy":"post_tag","embeddable":true,"href":"https:\/\/tvtecjundiai.com.br\/news\/wp-json\/wp\/v2\/tags?post=95084"}],"curies":[{"name":"wp","href":"https:\/\/api.w.org\/{rel}","templated":true}]}}