{"id":95113,"date":"2022-07-01T10:26:04","date_gmt":"2022-07-01T13:26:04","guid":{"rendered":"https:\/\/tvtecjundiai.com.br\/news\/?p=95113"},"modified":"2022-07-01T15:06:02","modified_gmt":"2022-07-01T18:06:02","slug":"7-destinos-proximos-de-jundiai-para-conhecer-nas-ferias","status":"publish","type":"post","link":"https:\/\/tvtecjundiai.com.br\/news\/2022\/07\/01\/7-destinos-proximos-de-jundiai-para-conhecer-nas-ferias\/","title":{"rendered":"7 destinos pr\u00f3ximos de Jundia\u00ed para conhecer nas f\u00e9rias"},"content":{"rendered":"\n<p>Quer conhecer uma cidade nova, mas n\u00e3o quer viajar para t\u00e3o longe? Confira a lista que a TVTEC preparou, com destinos que variam entre 45 minutos e 1h30min de viagem, saindo de Jundia\u00ed!<\/p>\n\n\n\n<p><strong>Holambra (aproximadamente 1h06min de viagem)<\/strong><\/p>\n\n\n\n<p>Conhecida como Cidade das Flores, Holambra \u00e9 o destino ideal para os amantes da natureza. Por l\u00e1, \u00e9 poss\u00edvel visitar os famosos campos de flores, por meio de visitas guiadas.<\/p>\n\n\n<div class=\"wp-block-image\">\n<figure class=\"aligncenter size-full is-resized\"><img loading=\"lazy\" decoding=\"async\" src=\"https:\/\/tvtecjundiai.com.br\/news\/wp-content\/uploads\/sites\/2\/2022\/07\/campos-de-flores-holambra.jpg\" alt=\"\" class=\"wp-image-95219\" width=\"685\" height=\"420\" srcset=\"https:\/\/tvtecjundiai.com.br\/news\/wp-content\/uploads\/sites\/2\/2022\/07\/campos-de-flores-holambra.jpg 722w, https:\/\/tvtecjundiai.com.br\/news\/wp-content\/uploads\/sites\/2\/2022\/07\/campos-de-flores-holambra-300x184.jpg 300w\" sizes=\"auto, (max-width: 685px) 100vw, 685px\" \/><figcaption>Campo de flores de Holanda (Foto: Shutterstock)<\/figcaption><\/figure>\n<\/div>\n\n\n<p><strong>Embu das Artes (aproximadamente 45 minutos de viagem)<\/strong><\/p>\n\n\n\n<p>Cidade pr\u00f3xima de Jundia\u00ed, em Embu das Artes \u00e9 poss\u00edvel visitar a famosa Pra\u00e7a das Artes, que possui grandes op\u00e7\u00f5es de artesanato e objetos feitos \u00e0 m\u00e3o, comida e m\u00fasica.<\/p>\n\n\n<div class=\"wp-block-image\">\n<figure class=\"aligncenter size-large is-resized\"><img loading=\"lazy\" decoding=\"async\" src=\"https:\/\/tvtecjundiai.com.br\/news\/wp-content\/uploads\/sites\/2\/2022\/06\/o-que-fazer-em-embu-das-artes-3-1200x707.jpg\" alt=\"\" class=\"wp-image-95126\" width=\"687\" height=\"404\" srcset=\"https:\/\/tvtecjundiai.com.br\/news\/wp-content\/uploads\/sites\/2\/2022\/06\/o-que-fazer-em-embu-das-artes-3-1200x707.jpg 1200w, https:\/\/tvtecjundiai.com.br\/news\/wp-content\/uploads\/sites\/2\/2022\/06\/o-que-fazer-em-embu-das-artes-3-300x177.jpg 300w, https:\/\/tvtecjundiai.com.br\/news\/wp-content\/uploads\/sites\/2\/2022\/06\/o-que-fazer-em-embu-das-artes-3-768x453.jpg 768w, https:\/\/tvtecjundiai.com.br\/news\/wp-content\/uploads\/sites\/2\/2022\/06\/o-que-fazer-em-embu-das-artes-3.jpg 1300w\" sizes=\"auto, (max-width: 687px) 100vw, 687px\" \/><figcaption>Pra\u00e7a das Artes, em Embu das Artes (Foto: Foto: \u00canio Prado)<\/figcaption><\/figure>\n<\/div>\n\n\n<p><strong>Atibaia<\/strong> <strong>(aproximadamente 1h de viagem)<\/strong><\/p>\n\n\n\n<p>Quem passear por Atibaia n\u00e3o pode deixar de conhecer o ponto tur\u00edstico mais famoso da cidade: a Pedra Grande de Atibaia, cercada pela Serra do Itapetinga.<\/p>\n\n\n<div class=\"wp-block-image\">\n<figure class=\"aligncenter size-full is-resized\"><img loading=\"lazy\" decoding=\"async\" src=\"https:\/\/tvtecjundiai.com.br\/news\/wp-content\/uploads\/sites\/2\/2022\/06\/o-que-fazer-em-atibaia-18.jpg\" alt=\"\" class=\"wp-image-95128\" width=\"698\" height=\"466\" srcset=\"https:\/\/tvtecjundiai.com.br\/news\/wp-content\/uploads\/sites\/2\/2022\/06\/o-que-fazer-em-atibaia-18.jpg 1000w, https:\/\/tvtecjundiai.com.br\/news\/wp-content\/uploads\/sites\/2\/2022\/06\/o-que-fazer-em-atibaia-18-300x200.jpg 300w, https:\/\/tvtecjundiai.com.br\/news\/wp-content\/uploads\/sites\/2\/2022\/06\/o-que-fazer-em-atibaia-18-768x512.jpg 768w\" sizes=\"auto, (max-width: 698px) 100vw, 698px\" \/><figcaption>Pedra Grande de Atibaia (Foto: Ana Paula Hirama)<\/figcaption><\/figure>\n<\/div>\n\n\n<p><strong>Boituva (aproximadamente 1h26min de viagem)<\/strong><\/p>\n\n\n\n<p>Os mais aventureiros n\u00e3o podem deixar de saltar de paraquedas ou passear de bal\u00e3o em Boituva, conhecida como a Capital Nacional do Paraquedismo.<\/p>\n\n\n<div class=\"wp-block-image\">\n<figure class=\"aligncenter size-full is-resized\"><img loading=\"lazy\" decoding=\"async\" src=\"https:\/\/tvtecjundiai.com.br\/news\/wp-content\/uploads\/sites\/2\/2022\/06\/balao-boituva-jundiai-edited.jpg\" alt=\"\" class=\"wp-image-95130\" width=\"702\" height=\"438\" srcset=\"https:\/\/tvtecjundiai.com.br\/news\/wp-content\/uploads\/sites\/2\/2022\/06\/balao-boituva-jundiai-edited.jpg 746w, https:\/\/tvtecjundiai.com.br\/news\/wp-content\/uploads\/sites\/2\/2022\/06\/balao-boituva-jundiai-edited-300x187.jpg 300w\" sizes=\"auto, (max-width: 702px) 100vw, 702px\" \/><figcaption>Voo de bal\u00e3o em Boituva (Foto: C\u00e9u Azul Balonismo)<\/figcaption><\/figure>\n<\/div>\n\n\n<p><strong>Bragan\u00e7a Paulista (aproximadamente 1h12min de viagem)<\/strong><\/p>\n\n\n\n<p>O Lago do Tabo\u00e3o \u00e9 o cart\u00e3o postal de Bragan\u00e7a Paulista, sendo ideal para praticar esportes, curtir com a fam\u00edlia, fazer piqueniques e descansar.<\/p>\n\n\n<div class=\"wp-block-image\">\n<figure class=\"aligncenter size-full is-resized\"><img loading=\"lazy\" decoding=\"async\" src=\"https:\/\/tvtecjundiai.com.br\/news\/wp-content\/uploads\/sites\/2\/2022\/06\/lago-do-taboao.jpg\" alt=\"\" class=\"wp-image-95139\" width=\"705\" height=\"470\" srcset=\"https:\/\/tvtecjundiai.com.br\/news\/wp-content\/uploads\/sites\/2\/2022\/06\/lago-do-taboao.jpg 669w, https:\/\/tvtecjundiai.com.br\/news\/wp-content\/uploads\/sites\/2\/2022\/06\/lago-do-taboao-300x200.jpg 300w\" sizes=\"auto, (max-width: 705px) 100vw, 705px\" \/><figcaption>Lago do Tabo\u00e3o, em Bragan\u00e7a Paulista (Foto: Rafael Porcari)<\/figcaption><\/figure>\n<\/div>\n\n\n<p><strong>Mairipor\u00e3 (aproximadamente 1h10min de viagem)<\/strong><\/p>\n\n\n\n<p>Quem visitar Mairipor\u00e3 n\u00e3o pode deixar de conhecer o Pico do Olho D&#8217;\u00c1gua, um dos pontos tur\u00edsticos mais famosos da cidade e com uma linda paisagem. <\/p>\n\n\n<div class=\"wp-block-image\">\n<figure class=\"aligncenter size-full is-resized\"><img loading=\"lazy\" decoding=\"async\" src=\"https:\/\/tvtecjundiai.com.br\/news\/wp-content\/uploads\/sites\/2\/2022\/06\/pico-do-olho-dagua.jpg\" alt=\"\" class=\"wp-image-95140\" width=\"718\" height=\"497\" srcset=\"https:\/\/tvtecjundiai.com.br\/news\/wp-content\/uploads\/sites\/2\/2022\/06\/pico-do-olho-dagua.jpg 712w, https:\/\/tvtecjundiai.com.br\/news\/wp-content\/uploads\/sites\/2\/2022\/06\/pico-do-olho-dagua-300x208.jpg 300w\" sizes=\"auto, (max-width: 718px) 100vw, 718px\" \/><figcaption>Pico do Olho D&#8217;\u00c1gua, em Mairipor\u00e3 (Foto: Tabata Shaiene)<\/figcaption><\/figure>\n<\/div>\n\n\n<p><strong>S\u00e3o Roque (aproximadamente 1h16min de viagem)<\/strong><\/p>\n\n\n\n<p>Quem for at\u00e9 S\u00e3o Roque n\u00e3o pode deixar de visitar a Fazenda Angolana para aproveitar a natureza, os animais, a tirolesa e o pedalinho do local. <\/p>\n\n\n<div class=\"wp-block-image\">\n<figure class=\"aligncenter size-full is-resized\"><img decoding=\"async\" src=\"https:\/\/tvtecjundiai.com.br\/news\/wp-content\/uploads\/sites\/2\/2022\/07\/sao-roque-fazenda-angolana-edited.jpg\" alt=\"\" class=\"wp-image-95186\" width=\"715\" srcset=\"https:\/\/tvtecjundiai.com.br\/news\/wp-content\/uploads\/sites\/2\/2022\/07\/sao-roque-fazenda-angolana-edited.jpg 619w, https:\/\/tvtecjundiai.com.br\/news\/wp-content\/uploads\/sites\/2\/2022\/07\/sao-roque-fazenda-angolana-edited-300x200.jpg 300w\" sizes=\"(max-width: 619px) 100vw, 619px\" \/><figcaption>Lago da Fazenda Angolana, em S\u00e3o Roque (Foto: TripAdvisor)<\/figcaption><\/figure>\n<\/div>\n\n\n<p><strong><em>(Fonte: TVTEC Jundia\u00ed\/Imagens: Shutterstock\/\u00canio Prado\/Ana Paula Hirama\/C\u00e9u Azul Balonismo\/Rafael Porcari\/Tabata Shaiene e TripAdvisor)<\/em><\/strong><\/p>\n","protected":false},"excerpt":{"rendered":"<p>Holambra, Embu das Artes, Atibaia, Boituva e Mairipor\u00e3 s\u00e3o algumas op\u00e7\u00f5es<\/p>\n","protected":false},"author":30,"featured_media":95219,"comment_status":"closed","ping_status":"closed","sticky":false,"template":"","format":"standard","meta":{"footnotes":""},"categories":[29,8356,8354,1,2825],"tags":[],"class_list":["post-95113","post","type-post","status-publish","format-standard","has-post-thumbnail","hentry","category-destaque","category-jundiai","category-lazer","category-noticias","category-turismo"],"_links":{"self":[{"href":"https:\/\/tvtecjundiai.com.br\/news\/wp-json\/wp\/v2\/posts\/95113","targetHints":{"allow":["GET"]}}],"collection":[{"href":"https:\/\/tvtecjundiai.com.br\/news\/wp-json\/wp\/v2\/posts"}],"about":[{"href":"https:\/\/tvtecjundiai.com.br\/news\/wp-json\/wp\/v2\/types\/post"}],"author":[{"embeddable":true,"href":"https:\/\/tvtecjundiai.com.br\/news\/wp-json\/wp\/v2\/users\/30"}],"replies":[{"embeddable":true,"href":"https:\/\/tvtecjundiai.com.br\/news\/wp-json\/wp\/v2\/comments?post=95113"}],"version-history":[{"count":10,"href":"https:\/\/tvtecjundiai.com.br\/news\/wp-json\/wp\/v2\/posts\/95113\/revisions"}],"predecessor-version":[{"id":95242,"href":"https:\/\/tvtecjundiai.com.br\/news\/wp-json\/wp\/v2\/posts\/95113\/revisions\/95242"}],"wp:featuredmedia":[{"embeddable":true,"href":"https:\/\/tvtecjundiai.com.br\/news\/wp-json\/wp\/v2\/media\/95219"}],"wp:attachment":[{"href":"https:\/\/tvtecjundiai.com.br\/news\/wp-json\/wp\/v2\/media?parent=95113"}],"wp:term":[{"taxonomy":"category","embeddable":true,"href":"https:\/\/tvtecjundiai.com.br\/news\/wp-json\/wp\/v2\/categories?post=95113"},{"taxonomy":"post_tag","embeddable":true,"href":"https:\/\/tvtecjundiai.com.br\/news\/wp-json\/wp\/v2\/tags?post=95113"}],"curies":[{"name":"wp","href":"https:\/\/api.w.org\/{rel}","templated":true}]}}