{"id":95144,"date":"2022-07-04T12:00:00","date_gmt":"2022-07-04T15:00:00","guid":{"rendered":"https:\/\/tvtecjundiai.com.br\/news\/?p=95144"},"modified":"2022-06-30T11:57:52","modified_gmt":"2022-06-30T14:57:52","slug":"construa-o-marketing-do-seu-negocio-com-a-tvtec-jundiai-e-a-escola-de-inovacao-inscricoes-na-quarta-06","status":"publish","type":"post","link":"https:\/\/tvtecjundiai.com.br\/news\/2022\/07\/04\/construa-o-marketing-do-seu-negocio-com-a-tvtec-jundiai-e-a-escola-de-inovacao-inscricoes-na-quarta-06\/","title":{"rendered":"Construa o marketing do seu neg\u00f3cio com a TVTEC Jundia\u00ed e a Escola de Inova\u00e7\u00e3o. Inscri\u00e7\u00f5es na quarta (06)."},"content":{"rendered":"\n<p>Para qualquer neg\u00f3cio, seja um com\u00e9rcio ou presta\u00e7\u00e3o de servi\u00e7o, o empreendedor deve saber como organizar seu planejamento para obter lucro e rentabilidade. Um dos pontos chaves para essa conquista \u00e9 desenvolver o marketing da forma mais assertiva. &nbsp;Para auxiliar esse p\u00fablico, a Prefeitura de Jundia\u00ed e a TVTEC oferecem o curso gratuito <em>Construa o marketing do seu neg\u00f3cio<\/em>.<\/p>\n\n\n\n<p>Quem retorna para ministrar essa capacita\u00e7\u00e3o na Escola de Inova\u00e7\u00e3o, Coisas e Neg\u00f3cios \u00e9 a publicit\u00e1ria Cintia Pagano \u201cTive minha primeira experi\u00eancia entre 2019 e 2020, a estrutura da TVTEC \u00e9 maravilhosa e muito confort\u00e1vel. Os alunos s\u00e3o sempre pessoas entusiasmadas, que querem realmente aprender!\u201d, comenta. \u201cQuem se inscrever vai descobrir como voltar seus olhos para sua pr\u00f3pria ideia e entender seus pontos fortes e pontos fracos, e como seu neg\u00f3cio se comportar\u00e1 no mercado em que est\u00e1 inserido\u201d, explica a professora.<\/p>\n\n\n\n<p>Completam a segunda semana de julho os cursos <em>Grava\u00e7\u00e3o de v\u00eddeo para seu neg\u00f3cio<\/em>, <em>Criando sua loja virtual<\/em>, <em>Aprenda a fazer an\u00fancios no Instagram e Facebook<\/em> e <em>Divulgue seu neg\u00f3cio no Pinterest<\/em>.<\/p>\n\n\n\n<figure class=\"wp-block-image size-large\"><img loading=\"lazy\" decoding=\"async\" width=\"1200\" height=\"800\" src=\"https:\/\/tvtecjundiai.com.br\/news\/wp-content\/uploads\/sites\/2\/2022\/06\/2022.04.06_Gravacao-com-Celular-David-Cassolato_Baixa_30-1200x800.jpg\" alt=\"\" class=\"wp-image-95145\" srcset=\"https:\/\/tvtecjundiai.com.br\/news\/wp-content\/uploads\/sites\/2\/2022\/06\/2022.04.06_Gravacao-com-Celular-David-Cassolato_Baixa_30-1200x800.jpg 1200w, https:\/\/tvtecjundiai.com.br\/news\/wp-content\/uploads\/sites\/2\/2022\/06\/2022.04.06_Gravacao-com-Celular-David-Cassolato_Baixa_30-300x200.jpg 300w, https:\/\/tvtecjundiai.com.br\/news\/wp-content\/uploads\/sites\/2\/2022\/06\/2022.04.06_Gravacao-com-Celular-David-Cassolato_Baixa_30-768x512.jpg 768w, https:\/\/tvtecjundiai.com.br\/news\/wp-content\/uploads\/sites\/2\/2022\/06\/2022.04.06_Gravacao-com-Celular-David-Cassolato_Baixa_30.jpg 1280w\" sizes=\"auto, (max-width: 1200px) 100vw, 1200px\" \/><figcaption>Ser\u00e3o oferecidos tamb\u00e9m os cursos gratuitos de <em>Grava\u00e7\u00e3o de v\u00eddeo para seu neg\u00f3cio<\/em>, <em>Criando sua loja virtual<\/em>, <em>Aprenda a fazer an\u00fancios no Instagram e Facebook<\/em> e <em>Divulgue seu neg\u00f3cio no Pinterest<\/em>.<\/figcaption><\/figure>\n\n\n\n<p>As inscri\u00e7\u00f5es da segunda semana de julho abrem nesta quarta-feira (06), \u00e0s 12 horas (meio-dia), no <a href=\"https:\/\/tvtecjundiai.com.br\/inscricoes-cursos-jundiai\/\">link<\/a>. A participa\u00e7\u00e3o \u00e9 aberta ao p\u00fablico geral e tem idade m\u00ednima de 16 anos. Interessados podem se inscrever em mais de um curso na semana, desde que os dias e hor\u00e1rios n\u00e3o coincidam.<\/p>\n\n\n\n<p>Confira a programa\u00e7\u00e3o:<\/p>\n\n\n\n<p><strong>GRAVA\u00c7\u00c3O DE V\u00cdDEO PARA SEU NEG\u00d3CIO<\/strong><br>Professor: David Cassolato<br>Modalidade: <strong>presencial<\/strong><br>Dias: <strong>11<\/strong> e <strong>12\/07<\/strong><br>Hor\u00e1rio: <strong>19h <\/strong>\u00e0s<strong> 22h<\/strong><\/p>\n\n\n\n<p><strong>CRIANDO SUA LOJA VIRTUAL<\/strong><br>Professor: Bruno Lan\u00e7oni<br>Modalidade: <strong>online<\/strong><br>Dias: <strong>12<\/strong> e <strong>14\/07<\/strong><br>Hor\u00e1rio: <strong>14h <\/strong>\u00e0s<strong> 16h<\/strong><\/p>\n\n\n\n<p><strong>CONSTRUA O MARKETING DO SEU NEG\u00d3CIO<\/strong><br>Professor: Cintia Pagano<br>Modalidade: <strong>presencial<\/strong><br>Dias: <strong>12<\/strong> e <strong>14\/07<\/strong><br>Hor\u00e1rio: <strong>19h <\/strong>\u00e0s<strong> 22h<\/strong><\/p>\n\n\n\n<p><strong>APRENDA A FAZER AN\u00daNCIOS NO INSTAGRAM E FACEBOOK<\/strong><br>Professor: Mariana Munarolo<br>Modalidade: <strong>presencial<\/strong><br>Dias: <strong>13<\/strong> e <strong>14\/07<\/strong><br>Hor\u00e1rio: <strong>19h <\/strong>\u00e0s<strong> 22h<\/strong><\/p>\n\n\n\n<p><strong>DIVULGUE SEU NEG\u00d3CIO COM PINTEREST<\/strong><br>Professor: Mariana Munarolo<br>Modalidade: <strong>online<\/strong><br>Dias: <strong>16\/07<\/strong><br>Hor\u00e1rio: <strong>09h <\/strong>\u00e0s<strong> 12h<\/strong><\/p>\n\n\n\n<p>Em decorr\u00eancia da pandemia, os protocolos de higiene ainda est\u00e3o sendo seguidos nas aulas presenciais e com p\u00fablico reduzido na sala, al\u00e9m da necessidade de apresenta\u00e7\u00e3o do comprovante de vacina\u00e7\u00e3o com, ao menos, duas doses da vacina contra Covid-19. Por\u00e9m, n\u00e3o \u00e9 obrigat\u00f3rio o uso de m\u00e1scaras, sendo opcional, de acordo com as novas diretrizes do Governo do Estado de S\u00e3o Paulo.<\/p>\n","protected":false},"excerpt":{"rendered":"<p>Oferecido pela Prefeitura de Jundia\u00ed, novo curso gratuito vai ensinar o planejamento principal de qualquer ideia<\/p>\n","protected":false},"author":17,"featured_media":95145,"comment_status":"closed","ping_status":"closed","sticky":false,"template":"","format":"standard","meta":{"footnotes":""},"categories":[8356,1],"tags":[],"class_list":["post-95144","post","type-post","status-publish","format-standard","has-post-thumbnail","hentry","category-jundiai","category-noticias"],"_links":{"self":[{"href":"https:\/\/tvtecjundiai.com.br\/news\/wp-json\/wp\/v2\/posts\/95144","targetHints":{"allow":["GET"]}}],"collection":[{"href":"https:\/\/tvtecjundiai.com.br\/news\/wp-json\/wp\/v2\/posts"}],"about":[{"href":"https:\/\/tvtecjundiai.com.br\/news\/wp-json\/wp\/v2\/types\/post"}],"author":[{"embeddable":true,"href":"https:\/\/tvtecjundiai.com.br\/news\/wp-json\/wp\/v2\/users\/17"}],"replies":[{"embeddable":true,"href":"https:\/\/tvtecjundiai.com.br\/news\/wp-json\/wp\/v2\/comments?post=95144"}],"version-history":[{"count":1,"href":"https:\/\/tvtecjundiai.com.br\/news\/wp-json\/wp\/v2\/posts\/95144\/revisions"}],"predecessor-version":[{"id":95146,"href":"https:\/\/tvtecjundiai.com.br\/news\/wp-json\/wp\/v2\/posts\/95144\/revisions\/95146"}],"wp:featuredmedia":[{"embeddable":true,"href":"https:\/\/tvtecjundiai.com.br\/news\/wp-json\/wp\/v2\/media\/95145"}],"wp:attachment":[{"href":"https:\/\/tvtecjundiai.com.br\/news\/wp-json\/wp\/v2\/media?parent=95144"}],"wp:term":[{"taxonomy":"category","embeddable":true,"href":"https:\/\/tvtecjundiai.com.br\/news\/wp-json\/wp\/v2\/categories?post=95144"},{"taxonomy":"post_tag","embeddable":true,"href":"https:\/\/tvtecjundiai.com.br\/news\/wp-json\/wp\/v2\/tags?post=95144"}],"curies":[{"name":"wp","href":"https:\/\/api.w.org\/{rel}","templated":true}]}}