{"id":95160,"date":"2022-06-30T17:12:49","date_gmt":"2022-06-30T20:12:49","guid":{"rendered":"https:\/\/tvtecjundiai.com.br\/news\/?p=95160"},"modified":"2022-06-30T17:12:54","modified_gmt":"2022-06-30T20:12:54","slug":"grupo-de-musicos-da-orquestra-sinfonica-de-jundiai-divulgam-no-paco-a-temporada-2022","status":"publish","type":"post","link":"https:\/\/tvtecjundiai.com.br\/news\/2022\/06\/30\/grupo-de-musicos-da-orquestra-sinfonica-de-jundiai-divulgam-no-paco-a-temporada-2022\/","title":{"rendered":"Grupo de m\u00fasicos da Orquestra Sinf\u00f4nica de Jundia\u00ed divulgam no Pa\u00e7o a temporada 2022"},"content":{"rendered":"\n<p>Com o objetivo de divulgar a&nbsp;<a href=\"https:\/\/cultura.jundiai.sp.gov.br\/corpos-artisticos\/omj\/\" target=\"_blank\" rel=\"noreferrer noopener\">Orquestra Sinf\u00f4nica Municipal de Jundia\u00ed (OSMJ),<\/a>&nbsp;corpo art\u00edstico ligado \u00e0&nbsp;<a href=\"https:\/\/cultura.jundiai.sp.gov.br\/\" target=\"_blank\" rel=\"noreferrer noopener\">Unidade de Gest\u00e3o de Cultura<\/a>&nbsp;(UGC) e ao mesmo tempo promover a aproxima\u00e7\u00e3o do p\u00fablico com os m\u00fasicos e vice-versa, aconteceu na tarde desta quinta-feira (30), no sagu\u00e3o de entrada do Pa\u00e7o Municipal, uma breve interven\u00e7\u00e3o, dando uma pequena amostra do que ser\u00e1 o concerto de abertura da temporada 2022, em julho, no palco do Polytheama.<\/p>\n\n\n\n<p>Segundo a regente titular e diretora art\u00edstica da OSMJ, a maestrina Claudia Feres, durante o segundo semestre a proposta \u00e9 fazer pequenas interven\u00e7\u00f5es como a de hoje, em diferentes espa\u00e7os, levando desde pequenos grupos at\u00e9 a Sinf\u00f4nica na sua composi\u00e7\u00e3o completa. \u201cEste ano, al\u00e9m do n\u00facleo de solistas de C\u00e2mara, a Orquestra passa a ter um n\u00facleo jovem de m\u00fasicos bolsistas e ser sinf\u00f4nica, trazendo para sua composi\u00e7\u00e3o, al\u00e9m do grupo de cordas de que j\u00e1 dispunha ao longo da \u00faltima d\u00e9cada, tamb\u00e9m instrumentos de madeira e de percuss\u00e3o\u201d, explicou.<\/p>\n\n\n\n<figure class=\"wp-block-image\"><img decoding=\"async\" src=\"https:\/\/jundiai.sp.gov.br\/noticias\/wp-content\/uploads\/sites\/32\/2022\/06\/apresentacao_maestrina_claudia_feres_paco-61.jpg\" alt=\"\" class=\"wp-image-295961\" \/><figcaption>Apresenta\u00e7\u00e3o foi realizada no Pa\u00e7o Municipal<\/figcaption><\/figure>\n\n\n\n<p>Para a apresenta\u00e7\u00e3o no Pa\u00e7o Municipal, a composi\u00e7\u00e3o da OSMJ contou com os solistas de C\u00e2mara da OSMJ, que s\u00e3o os profissionais da Orquestra e alguns bolsistas de flautas e percuss\u00e3o, num total de 17 integrantes, dos naipes violinos I e II, violas, violoncelos, baixos, flautas e percuss\u00f5es.<\/p>\n\n\n\n<p>No repert\u00f3rio as composi\u00e7\u00f5es de Dag Wir\u00e9n (1905-1986) \u2013 Serenata para cordas \u2013 Op. 11 Preludium, Claudio Santoro \u2013 Ponteio, Cussy de Almeida \u2013 Aboio e Cirand\u00e2ncia e J. T. de Amorim \u2013 Galope de Cavalhada.<\/p>\n\n\n\n<p>Nesta divulga\u00e7\u00e3o da OSMJ as presen\u00e7as dos seguintes m\u00fasicos:<\/p>\n\n\n\n<p><strong>Violino I<\/strong>: Pedro Delarolle (Spalla), Mayra Pezzuti e Paulo Lucas.<\/p>\n\n\n\n<p><strong>Violino II:&nbsp;<\/strong>Marcos Scheffel (Chefe de naipe)<strong>,&nbsp;<\/strong>Valdiner Rossi e Andrielly Campos.<\/p>\n\n\n\n<p><strong>Violas:&nbsp;<\/strong>Gabriel Marin (Chefe de naipe),Glaucia Chignolli e Valter Kakizaki<\/p>\n\n\n\n<p><strong>Violoncelos:&nbsp;<\/strong>Maiara AlencareGabriel Falcade<\/p>\n\n\n\n<p><strong>Baixos:&nbsp;<\/strong>Thiago Hessel (Chefe de naipe) e Alex Dias<\/p>\n\n\n\n<p><strong>Flauta:&nbsp;<\/strong>Laura Heldt Tranche (bolsista), Igor de Castro (bolsista) e Matheus Messias (bolsista) &nbsp;&nbsp;&nbsp;&nbsp;&nbsp;&nbsp;&nbsp;&nbsp;&nbsp;<\/p>\n\n\n\n<p><strong>Percuss\u00f5es:&nbsp;<\/strong>Bruna Caroline de Souza (bolsista)<\/p>\n\n\n\n<p><strong>Concerto<\/strong><\/p>\n\n\n\n<p>O concerto de abertura da temporada da Orquestra Sinf\u00f4nica Municipal de Jundia\u00ed acontece no dia 16, \u00e0s 20h, no\u00a0<a rel=\"noreferrer noopener\" href=\"https:\/\/cultura.jundiai.sp.gov.br\/espacos-culturais\/teatropolytheama\/\" target=\"_blank\">Teatro Polytheama.<\/a>\u00a0Os ingressos gratuitos \u2013 dois por pessoa \u2013 poder\u00e3o ser retirados a partir das 10h30, do dia 14, na bilheteria do teatro (rua Bar\u00e3o de Jundia\u00ed, 176, Centro) ou na internet, na\u00a0<a rel=\"noreferrer noopener\" href=\"https:\/\/www.sympla.com.br\/\" target=\"_blank\">plataforma Sympla.<\/a><\/p>\n\n\n\n<p><strong><em>(Fonte\/Imagem: Prefeitura de Jundia\u00ed)<\/em><\/strong><\/p>\n","protected":false},"excerpt":{"rendered":"<p>O objetivo \u00e9 a divulga\u00e7\u00e3o da\u00a0Orquestra Sinf\u00f4nica Municipal de Jundia\u00ed e  aproxima\u00e7\u00e3o do p\u00fablico com os m\u00fasicos.<\/p>\n","protected":false},"author":27,"featured_media":95161,"comment_status":"closed","ping_status":"closed","sticky":false,"template":"","format":"standard","meta":{"footnotes":""},"categories":[2833,8356],"tags":[],"class_list":["post-95160","post","type-post","status-publish","format-standard","has-post-thumbnail","hentry","category-cultura","category-jundiai"],"_links":{"self":[{"href":"https:\/\/tvtecjundiai.com.br\/news\/wp-json\/wp\/v2\/posts\/95160","targetHints":{"allow":["GET"]}}],"collection":[{"href":"https:\/\/tvtecjundiai.com.br\/news\/wp-json\/wp\/v2\/posts"}],"about":[{"href":"https:\/\/tvtecjundiai.com.br\/news\/wp-json\/wp\/v2\/types\/post"}],"author":[{"embeddable":true,"href":"https:\/\/tvtecjundiai.com.br\/news\/wp-json\/wp\/v2\/users\/27"}],"replies":[{"embeddable":true,"href":"https:\/\/tvtecjundiai.com.br\/news\/wp-json\/wp\/v2\/comments?post=95160"}],"version-history":[{"count":1,"href":"https:\/\/tvtecjundiai.com.br\/news\/wp-json\/wp\/v2\/posts\/95160\/revisions"}],"predecessor-version":[{"id":95162,"href":"https:\/\/tvtecjundiai.com.br\/news\/wp-json\/wp\/v2\/posts\/95160\/revisions\/95162"}],"wp:featuredmedia":[{"embeddable":true,"href":"https:\/\/tvtecjundiai.com.br\/news\/wp-json\/wp\/v2\/media\/95161"}],"wp:attachment":[{"href":"https:\/\/tvtecjundiai.com.br\/news\/wp-json\/wp\/v2\/media?parent=95160"}],"wp:term":[{"taxonomy":"category","embeddable":true,"href":"https:\/\/tvtecjundiai.com.br\/news\/wp-json\/wp\/v2\/categories?post=95160"},{"taxonomy":"post_tag","embeddable":true,"href":"https:\/\/tvtecjundiai.com.br\/news\/wp-json\/wp\/v2\/tags?post=95160"}],"curies":[{"name":"wp","href":"https:\/\/api.w.org\/{rel}","templated":true}]}}