{"id":9518,"date":"2018-04-27T14:53:15","date_gmt":"2018-04-27T17:53:15","guid":{"rendered":"https:\/\/tvtecjundiai.com.br\/news\/?p=9518"},"modified":"2018-04-27T15:34:04","modified_gmt":"2018-04-27T18:34:04","slug":"jundiai-registra-primeira-morte-por-febre-amarela","status":"publish","type":"post","link":"https:\/\/tvtecjundiai.com.br\/news\/2018\/04\/27\/jundiai-registra-primeira-morte-por-febre-amarela\/","title":{"rendered":"Jundia\u00ed registra primeira morte por febre amarela"},"content":{"rendered":"<p><em>Pedro F\u00e1varo Jr.<\/em><\/p>\n<p>O primeiro e \u00fanico \u00f3bito humano por Febre Amarela foi confirmado nesta sexta-feira (27), pela Vigil\u00e2ncia Epidemiol\u00f3gica de Jundia\u00ed. Um homem internado no Hospital S\u00e3o Vicente de Paulo, dia 25 de mar\u00e7o morreu dois dias depois, sob suspeita de ter contra\u00eddo a doen\u00e7a. O diagn\u00f3stico foi positivado pelo Instituto Adolfo Lutz e o resultado da sorologia foi divulgado nesta semana. \u201cEle n\u00e3o havia sido imunizado e a regi\u00e3o onde ele vivia, na Fazenda Santa Marta, no Bairro do Santa Clara, j\u00e1 recebeu a orienta\u00e7\u00e3o necess\u00e1ria\u201d, informou Cinara Fredo, gerente da Vigil\u00e2ncia Epidemiol\u00f3gica (VE).<\/p>\n<p>No in\u00edcio da tarde desta sexta-feira, o Hospital S\u00e3o Vicente divulgou nota da assessoria de imprensa confirmando a ocorr\u00eancia. Disse que o paciente morador no Bairro Santa Clara permaneceu internado para tratar o \u201cdiagn\u00f3stico de entrada conforme prev\u00ea o protocolo institucional para assist\u00eancia em alta complexidade no Sistema \u00danico de Sa\u00fade (SUS) e foi a \u00f3bito no dia 27 do mesmo m\u00eas, por choque s\u00e9ptico. O paciente do sexo masculino, de 49 anos, foi admitido com sintomas de febre, n\u00e1usea, dor abdominal, diarreia e altera\u00e7\u00e3o das enzimas hep\u00e1ticas. O caso foi notificado \u00e0 Vigil\u00e2ncia Epidemiol\u00f3gica e o resultado da sorologia foi positivo para Febre Amarela. Ele n\u00e3o havia sido imunizado.\u201d<\/p>\n<p>O balan\u00e7o da situa\u00e7\u00e3o, no \u00faltimo boletim da VE, informa que foram aplicadas na cidade 307.682 doses de vacinas entre 2017 at\u00e9 o dia 20 de abril, somadas \u00e0s 100 mil doses disponibilizadas em anos anteriores, com 99,5% da popula\u00e7\u00e3o imunizada. Houve um registro de caso positivo (recuperado), um caso suspeito e a primeira morte confirmada nesta sexta-feira. Houve tamb\u00e9m 75 macacos mortos com febre amarela em Jundia\u00ed, de 245 animais localizados mortos. Deste total, 96 foram negativos (por exames e ou sem suspeita), 14 aguardam resultados e 60 foram classificados como inadequados para an\u00e1lise.<\/p>\n","protected":false},"excerpt":{"rendered":"<p>Paciente n\u00e3o estava vacinado apesar de 99,5% da popula\u00e7\u00e3o estar imunizada<\/p>\n","protected":false},"author":10,"featured_media":9519,"comment_status":"closed","ping_status":"closed","sticky":false,"template":"","format":"standard","meta":{"footnotes":""},"categories":[29,2839],"tags":[48,5,6,15],"class_list":["post-9518","post","type-post","status-publish","format-standard","has-post-thumbnail","hentry","category-destaque","category-saude","tag-febre-amarela","tag-jundiai","tag-saude","tag-tvtec"],"_links":{"self":[{"href":"https:\/\/tvtecjundiai.com.br\/news\/wp-json\/wp\/v2\/posts\/9518","targetHints":{"allow":["GET"]}}],"collection":[{"href":"https:\/\/tvtecjundiai.com.br\/news\/wp-json\/wp\/v2\/posts"}],"about":[{"href":"https:\/\/tvtecjundiai.com.br\/news\/wp-json\/wp\/v2\/types\/post"}],"author":[{"embeddable":true,"href":"https:\/\/tvtecjundiai.com.br\/news\/wp-json\/wp\/v2\/users\/10"}],"replies":[{"embeddable":true,"href":"https:\/\/tvtecjundiai.com.br\/news\/wp-json\/wp\/v2\/comments?post=9518"}],"version-history":[{"count":5,"href":"https:\/\/tvtecjundiai.com.br\/news\/wp-json\/wp\/v2\/posts\/9518\/revisions"}],"predecessor-version":[{"id":9525,"href":"https:\/\/tvtecjundiai.com.br\/news\/wp-json\/wp\/v2\/posts\/9518\/revisions\/9525"}],"wp:featuredmedia":[{"embeddable":true,"href":"https:\/\/tvtecjundiai.com.br\/news\/wp-json\/wp\/v2\/media\/9519"}],"wp:attachment":[{"href":"https:\/\/tvtecjundiai.com.br\/news\/wp-json\/wp\/v2\/media?parent=9518"}],"wp:term":[{"taxonomy":"category","embeddable":true,"href":"https:\/\/tvtecjundiai.com.br\/news\/wp-json\/wp\/v2\/categories?post=9518"},{"taxonomy":"post_tag","embeddable":true,"href":"https:\/\/tvtecjundiai.com.br\/news\/wp-json\/wp\/v2\/tags?post=9518"}],"curies":[{"name":"wp","href":"https:\/\/api.w.org\/{rel}","templated":true}]}}