{"id":95188,"date":"2022-07-01T10:25:38","date_gmt":"2022-07-01T13:25:38","guid":{"rendered":"https:\/\/tvtecjundiai.com.br\/news\/?p=95188"},"modified":"2022-07-01T10:25:38","modified_gmt":"2022-07-01T13:25:38","slug":"complexo-fepasa-abriga-a-exposicao-tarcilas-mulheres-na-arte","status":"publish","type":"post","link":"https:\/\/tvtecjundiai.com.br\/news\/2022\/07\/01\/complexo-fepasa-abriga-a-exposicao-tarcilas-mulheres-na-arte\/","title":{"rendered":"Complexo Fepasa abriga a exposi\u00e7\u00e3o &#8216;Tarcilas &#8211; Mulheres na Arte&#8217;"},"content":{"rendered":"\n<p>As obras de 10 mulheres artistas visuais \u2013 grafiteiras, ilustradoras, pintoras de parede e tela \u2013 descentralizadas, de Jundia\u00ed, resultado de um projeto realizado de janeiro a mar\u00e7o de 2021, com o apoio da\u00a0<a rel=\"noreferrer noopener\" href=\"https:\/\/cultura.jundiai.sp.gov.br\/\" target=\"_blank\">Unidade de Gest\u00e3o de Cultura (UGC)<\/a>\u00a0e viabilizado pelo Programa de A\u00e7\u00e3o Cultural \u2013 ProAc \u2013 da Secretaria de Cultura e Economia Criativa do Estado de S\u00e3o Paulo poder\u00e3o ser conferidos na exposi\u00e7\u00e3o coletiva \u201cAs Tarcilas &#8211; Mulheres na Arte\u201d, no\u00a0Complexo Fepasa.<\/p>\n\n\n\n<p>Com curadoria da artista Gislaine Silva (Gi Real), o projeto contou tamb\u00e9m, com a colabora\u00e7\u00e3o das artistas Paula Pimenta e Andr\u00e9a Mendes, integrantes do coletivo PretaA\u00e7\u00e3o. A exposi\u00e7\u00e3o, segundo a curadora, \u00e9 diversificada, fruto da constru\u00e7\u00e3o de um aprendizado s\u00f3lido e feito de muitas m\u00e3os.<\/p>\n\n\n<div class=\"wp-block-image\">\n<figure class=\"aligncenter size-large is-resized\"><img loading=\"lazy\" decoding=\"async\" src=\"https:\/\/tvtecjundiai.com.br\/news\/wp-content\/uploads\/sites\/2\/2022\/07\/tarcila1-1200x675.jpeg\" alt=\"\" class=\"wp-image-95189\" width=\"778\" height=\"437\" srcset=\"https:\/\/tvtecjundiai.com.br\/news\/wp-content\/uploads\/sites\/2\/2022\/07\/tarcila1-1200x675.jpeg 1200w, https:\/\/tvtecjundiai.com.br\/news\/wp-content\/uploads\/sites\/2\/2022\/07\/tarcila1-300x169.jpeg 300w, https:\/\/tvtecjundiai.com.br\/news\/wp-content\/uploads\/sites\/2\/2022\/07\/tarcila1-768x432.jpeg 768w, https:\/\/tvtecjundiai.com.br\/news\/wp-content\/uploads\/sites\/2\/2022\/07\/tarcila1.jpeg 1280w\" sizes=\"auto, (max-width: 778px) 100vw, 778px\" \/><\/figure>\n<\/div>\n\n\n<p>O visitante de \u201cAs Tarcilas \u2013 Mulheres na Arte\u201d ter\u00e3o a oportunidade de conhecer as obras das seguintes artistas: Beatriz Pastorini, Daniela Shirozono, Fl\u00e1via Prexete, Gabriela Santos de Matos, Marina Germano, Patr\u00edcia Haruno, T\u00e2nia Manacero, Thayara Magalh\u00e3es, Val\u00e9ria Balbin e Viviane Lima.<\/p>\n\n\n\n<p>A mostra poder\u00e1 ser visitada de julho a dezembro, de segunda a sexta-feira, das 8h \u00e0s 21h, aos s\u00e1bados das 8h \u00e0s 17h e domingos das 8h \u00e0s 13h. A entrada \u00e9 gratuita. O Complexo Fepasa est\u00e1 localizado na avenida Uni\u00e3o dos Ferrovi\u00e1rios, 1760 \u2013 Centro. Mais informa\u00e7\u00f5es 4589-6800.<\/p>\n\n\n\n<p><strong><em>(Fonte: Prefeitura de Jundia\u00ed\/Imagem: Divulga\u00e7\u00e3o)<\/em><\/strong><\/p>\n","protected":false},"excerpt":{"rendered":"<p>A entrada \u00e9 gratuita e a mostra pode ser visitada de julho a dezembro<\/p>\n","protected":false},"author":30,"featured_media":95189,"comment_status":"closed","ping_status":"closed","sticky":false,"template":"","format":"standard","meta":{"footnotes":""},"categories":[2833,8356,1],"tags":[],"class_list":["post-95188","post","type-post","status-publish","format-standard","has-post-thumbnail","hentry","category-cultura","category-jundiai","category-noticias"],"_links":{"self":[{"href":"https:\/\/tvtecjundiai.com.br\/news\/wp-json\/wp\/v2\/posts\/95188","targetHints":{"allow":["GET"]}}],"collection":[{"href":"https:\/\/tvtecjundiai.com.br\/news\/wp-json\/wp\/v2\/posts"}],"about":[{"href":"https:\/\/tvtecjundiai.com.br\/news\/wp-json\/wp\/v2\/types\/post"}],"author":[{"embeddable":true,"href":"https:\/\/tvtecjundiai.com.br\/news\/wp-json\/wp\/v2\/users\/30"}],"replies":[{"embeddable":true,"href":"https:\/\/tvtecjundiai.com.br\/news\/wp-json\/wp\/v2\/comments?post=95188"}],"version-history":[{"count":1,"href":"https:\/\/tvtecjundiai.com.br\/news\/wp-json\/wp\/v2\/posts\/95188\/revisions"}],"predecessor-version":[{"id":95190,"href":"https:\/\/tvtecjundiai.com.br\/news\/wp-json\/wp\/v2\/posts\/95188\/revisions\/95190"}],"wp:featuredmedia":[{"embeddable":true,"href":"https:\/\/tvtecjundiai.com.br\/news\/wp-json\/wp\/v2\/media\/95189"}],"wp:attachment":[{"href":"https:\/\/tvtecjundiai.com.br\/news\/wp-json\/wp\/v2\/media?parent=95188"}],"wp:term":[{"taxonomy":"category","embeddable":true,"href":"https:\/\/tvtecjundiai.com.br\/news\/wp-json\/wp\/v2\/categories?post=95188"},{"taxonomy":"post_tag","embeddable":true,"href":"https:\/\/tvtecjundiai.com.br\/news\/wp-json\/wp\/v2\/tags?post=95188"}],"curies":[{"name":"wp","href":"https:\/\/api.w.org\/{rel}","templated":true}]}}