{"id":95208,"date":"2022-07-01T11:19:46","date_gmt":"2022-07-01T14:19:46","guid":{"rendered":"https:\/\/tvtecjundiai.com.br\/news\/?p=95208"},"modified":"2022-07-01T11:19:52","modified_gmt":"2022-07-01T14:19:52","slug":"prefeitura-de-jundiai-e-eleita-melhor-empresa-publica-para-estagiar","status":"publish","type":"post","link":"https:\/\/tvtecjundiai.com.br\/news\/2022\/07\/01\/prefeitura-de-jundiai-e-eleita-melhor-empresa-publica-para-estagiar\/","title":{"rendered":"Prefeitura de Jundia\u00ed \u00e9 eleita melhor empresa p\u00fablica para estagiar"},"content":{"rendered":"\n<p>A Prefeitura de Jundia\u00ed foi eleita pelo Centro de Integra\u00e7\u00e3o Escola \u2013 Empresa (CIEE), como a melhor empresa p\u00fablica para estagiar em 2021 (1\u00ba lugar na categoria Melhor Programa de Est\u00e1gio da \u00c1rea P\u00fablica no 13\u00ba Pr\u00eamio CIEE Melhores Programas de Est\u00e1gio). O pr\u00eamio, recebido neste ano, al\u00e9m de motivo de orgulho para a gest\u00e3o do Prefeito Luiz Fernando Machado, \u00e9 atrativo para os jovens que est\u00e3o em in\u00edcio de carreira. Para destacar a import\u00e2ncia do per\u00edodo de est\u00e1gio e valorizar a aprendizagem oferecida, foi realizada, nesta semana, encontro entre representantes do CIEE, os mais de 300 estagi\u00e1rios e seus supervisores.<\/p>\n\n\n\n<p>\u201cO est\u00e1gio \u00e9 um processo de aprendizagem. O jovem est\u00e1 iniciando em sua carreira, no caso daqueles que est\u00e3o cursando o ensino superior, ou est\u00e3o tendo o primeiro contato com um ambiente de empresa para aqueles que s\u00e3o do ensino m\u00e9dio. Os supervisores s\u00e3o os respons\u00e1veis por apresentar os ambientes, as situa\u00e7\u00f5es e orientar para que aproveitem da melhor maneira poss\u00edvel\u201d, destaca a diretora do Departamento de Desenvolvimento do Servidor, da Unidade de Gest\u00e3o de Administra\u00e7\u00e3o e Gest\u00e3o de Pessoas (UGAGP) Sivone Caetano Vilella.<\/p>\n\n\n\n<figure class=\"wp-block-image\"><img decoding=\"async\" src=\"https:\/\/jundiai.sp.gov.br\/noticias\/wp-content\/uploads\/sites\/32\/2022\/07\/ciee1.jpeg\" alt=\"DESCRI\u00c7\u00c3O DE IMAGEM: Na sala do audit\u00f3rio do Pa\u00e7o de Jundia\u00ed, encontro de supervisores com a equipe do Ciee\" class=\"wp-image-295994\" \/><figcaption>Encontro foi realizado no audit\u00f3rio do Pa\u00e7o Municipal<\/figcaption><\/figure>\n\n\n\n<p>De acordo com a supervisora do CIEE de Jundia\u00ed, Let\u00edcia Vieira Figueiredo Rodrigues, o encontro realizado nesta quarta-feira (29), al\u00e9m de servir para a apresenta\u00e7\u00e3o, j\u00e1 que assume a supervis\u00e3o do atendimento \u00e0 Prefeitura de Jundia\u00ed, tamb\u00e9m proporciona a integra\u00e7\u00e3o e foi oportunidade de esclarecimento de d\u00favidas. \u201cA Prefeitura de Jundia\u00ed \u00e9 uma grande empresa e aqui, muitas carreiras s\u00e3o iniciadas. Os estagi\u00e1rios est\u00e3o aprendendo para a vida, ent\u00e3o, o supervisor tem papel fundamental para o crescimento desse futuro profissional\u201d, detalha.<\/p>\n\n\n\n<p>\u201cA Prefeitura de Jundia\u00ed se destaca com seu Programa de Est\u00e1gio, que atende tanto \u00e0s necessidades da organiza\u00e7\u00e3o quanto \u00e0s de forma\u00e7\u00e3o dos estudantes\u201d, declarou a gestora da Unidade de Gest\u00e3o de Administra\u00e7\u00e3o e Gest\u00e3o de Pessoas, Simone Zanotello.<\/p>\n\n\n\n<p><strong>Pr\u00eamio<\/strong><\/p>\n\n\n\n<p>Jundia\u00ed concorreu na categoria \u00d3rg\u00e3os P\u00fablicos \u2013 Estaduais e Municipais em uma avalia\u00e7\u00e3o feita pelos pr\u00f3prios estagi\u00e1rios, que respondem a uma pesquisa sigilosa. A primeira coloca\u00e7\u00e3o foi anunciada em abril, durante videoconfer\u00eancia nacional.<\/p>\n\n\n\n<p>No Brasil, s\u00e3o cerca de 150 mil alunos ativos no CIEE. A Prefeitura j\u00e1 participou de outras edi\u00e7\u00f5es do Pr\u00eamio. Em 2020 levou o 3\u00ba lugar de Melhor Programa de Est\u00e1gio da \u00c1rea P\u00fablica, concorrendo com institui\u00e7\u00f5es de todo o Brasil.<\/p>\n\n\n\n<p><strong><em>(Fonte\/Imagem: Prefeitura de Jundia\u00ed)<\/em><\/strong><\/p>\n","protected":false},"excerpt":{"rendered":"<p>O pr\u00eamio, recebido neste ano, al\u00e9m de motivo de orgulho para a gest\u00e3o \u00e9 atrativo para os jovens em in\u00edcio de carreira. <\/p>\n","protected":false},"author":27,"featured_media":95210,"comment_status":"closed","ping_status":"closed","sticky":false,"template":"","format":"standard","meta":{"footnotes":""},"categories":[5038,8356],"tags":[],"class_list":["post-95208","post","type-post","status-publish","format-standard","has-post-thumbnail","hentry","category-emprego","category-jundiai"],"_links":{"self":[{"href":"https:\/\/tvtecjundiai.com.br\/news\/wp-json\/wp\/v2\/posts\/95208","targetHints":{"allow":["GET"]}}],"collection":[{"href":"https:\/\/tvtecjundiai.com.br\/news\/wp-json\/wp\/v2\/posts"}],"about":[{"href":"https:\/\/tvtecjundiai.com.br\/news\/wp-json\/wp\/v2\/types\/post"}],"author":[{"embeddable":true,"href":"https:\/\/tvtecjundiai.com.br\/news\/wp-json\/wp\/v2\/users\/27"}],"replies":[{"embeddable":true,"href":"https:\/\/tvtecjundiai.com.br\/news\/wp-json\/wp\/v2\/comments?post=95208"}],"version-history":[{"count":1,"href":"https:\/\/tvtecjundiai.com.br\/news\/wp-json\/wp\/v2\/posts\/95208\/revisions"}],"predecessor-version":[{"id":95211,"href":"https:\/\/tvtecjundiai.com.br\/news\/wp-json\/wp\/v2\/posts\/95208\/revisions\/95211"}],"wp:featuredmedia":[{"embeddable":true,"href":"https:\/\/tvtecjundiai.com.br\/news\/wp-json\/wp\/v2\/media\/95210"}],"wp:attachment":[{"href":"https:\/\/tvtecjundiai.com.br\/news\/wp-json\/wp\/v2\/media?parent=95208"}],"wp:term":[{"taxonomy":"category","embeddable":true,"href":"https:\/\/tvtecjundiai.com.br\/news\/wp-json\/wp\/v2\/categories?post=95208"},{"taxonomy":"post_tag","embeddable":true,"href":"https:\/\/tvtecjundiai.com.br\/news\/wp-json\/wp\/v2\/tags?post=95208"}],"curies":[{"name":"wp","href":"https:\/\/api.w.org\/{rel}","templated":true}]}}