{"id":95251,"date":"2022-07-01T16:47:58","date_gmt":"2022-07-01T19:47:58","guid":{"rendered":"https:\/\/tvtecjundiai.com.br\/news\/?p=95251"},"modified":"2022-07-01T16:48:04","modified_gmt":"2022-07-01T19:48:04","slug":"jundiai-registra-um-obito-e-309-novos-casos-de-covid-19-nesta-sexta-feira-01","status":"publish","type":"post","link":"https:\/\/tvtecjundiai.com.br\/news\/2022\/07\/01\/jundiai-registra-um-obito-e-309-novos-casos-de-covid-19-nesta-sexta-feira-01\/","title":{"rendered":"Jundia\u00ed registra um \u00f3bito e 309 novos casos de COVID-19 nesta sexta-feira (01)"},"content":{"rendered":"\n<p>A Prefeitura de Jundia\u00ed informa que, nesta sexta-feira (1), houve uma notifica\u00e7\u00e3o de \u00f3bito de residentes na cidade causados pelo Novo Coronav\u00edrus, at\u00e9 o fechamento deste boletim.<\/p>\n\n\n\n<p>Mulher, 63 anos, portadora de comorbidades. Faleceu 30\/06 no S\u00e3o Vicente<\/p>\n\n\n\n<p>At\u00e9 o momento, a cidade registra 1794 \u00f3bitos causados pela COVID-19 desde o in\u00edcio da pandemia.<\/p>\n\n\n\n<p>O boletim completo com todas as informa\u00e7\u00f5es pode ser acessado na p\u00e1gina exclusiva,\u00a0<a href=\"https:\/\/jundiai.sp.gov.br\/coronavirus\/\">clique aqui.<\/a><\/p>\n\n\n\n<figure class=\"wp-block-image\"><img decoding=\"async\" src=\"https:\/\/jundiai.sp.gov.br\/noticias\/wp-content\/uploads\/sites\/32\/2022\/07\/boletim-01-07-747x960.jpg\" alt=\"\" class=\"wp-image-296089\" \/><\/figure>\n\n\n\n<p><strong><em>(Fonte\/Imagem: Prefeitura de Jundia\u00ed)<\/em><\/strong><\/p>\n","protected":false},"excerpt":{"rendered":"<p>A cidade contabiliza 379 casos ativos da doen\u00e7a.<\/p>\n","protected":false},"author":27,"featured_media":87103,"comment_status":"closed","ping_status":"closed","sticky":false,"template":"","format":"standard","meta":{"footnotes":""},"categories":[8356,8355],"tags":[],"class_list":["post-95251","post","type-post","status-publish","format-standard","has-post-thumbnail","hentry","category-jundiai","category-saude-3"],"_links":{"self":[{"href":"https:\/\/tvtecjundiai.com.br\/news\/wp-json\/wp\/v2\/posts\/95251","targetHints":{"allow":["GET"]}}],"collection":[{"href":"https:\/\/tvtecjundiai.com.br\/news\/wp-json\/wp\/v2\/posts"}],"about":[{"href":"https:\/\/tvtecjundiai.com.br\/news\/wp-json\/wp\/v2\/types\/post"}],"author":[{"embeddable":true,"href":"https:\/\/tvtecjundiai.com.br\/news\/wp-json\/wp\/v2\/users\/27"}],"replies":[{"embeddable":true,"href":"https:\/\/tvtecjundiai.com.br\/news\/wp-json\/wp\/v2\/comments?post=95251"}],"version-history":[{"count":1,"href":"https:\/\/tvtecjundiai.com.br\/news\/wp-json\/wp\/v2\/posts\/95251\/revisions"}],"predecessor-version":[{"id":95252,"href":"https:\/\/tvtecjundiai.com.br\/news\/wp-json\/wp\/v2\/posts\/95251\/revisions\/95252"}],"wp:featuredmedia":[{"embeddable":true,"href":"https:\/\/tvtecjundiai.com.br\/news\/wp-json\/wp\/v2\/media\/87103"}],"wp:attachment":[{"href":"https:\/\/tvtecjundiai.com.br\/news\/wp-json\/wp\/v2\/media?parent=95251"}],"wp:term":[{"taxonomy":"category","embeddable":true,"href":"https:\/\/tvtecjundiai.com.br\/news\/wp-json\/wp\/v2\/categories?post=95251"},{"taxonomy":"post_tag","embeddable":true,"href":"https:\/\/tvtecjundiai.com.br\/news\/wp-json\/wp\/v2\/tags?post=95251"}],"curies":[{"name":"wp","href":"https:\/\/api.w.org\/{rel}","templated":true}]}}