{"id":95270,"date":"2022-07-02T15:01:46","date_gmt":"2022-07-02T18:01:46","guid":{"rendered":"https:\/\/tvtecjundiai.com.br\/news\/?p=95270"},"modified":"2022-07-02T15:02:39","modified_gmt":"2022-07-02T18:02:39","slug":"pais-registra-aumento-no-numero-de-casos-e-profissionais-ressaltam-importancia-da-prevencao-a-doenca","status":"publish","type":"post","link":"https:\/\/tvtecjundiai.com.br\/news\/2022\/07\/02\/pais-registra-aumento-no-numero-de-casos-e-profissionais-ressaltam-importancia-da-prevencao-a-doenca\/","title":{"rendered":"Pa\u00eds registra aumento no n\u00famero de casos de dengue e profissionais ressaltam import\u00e2ncia da preven\u00e7\u00e3o \u00e0 doen\u00e7a"},"content":{"rendered":"\n<p>Com o foco voltado para a covid-19 e, recentemente, para a var\u00edola dos macacos, a preven\u00e7\u00e3o \u00e0 dengue ficou esquecida por boa parte da popula\u00e7\u00e3o no pa\u00eds. Segundo boletim epidemiol\u00f3gico divulgado pelo Minist\u00e9rio da Sa\u00fade, foram contabilizados mais de 1 milh\u00e3o de casos prov\u00e1veis de dengue somente neste ano. O n\u00famero de \u00f3bitos tamb\u00e9m assusta, j\u00e1 que de janeiro a meados de junho foram registradas mais de 500 mortes pela doen\u00e7a no Brasil. Diferente das outras patologias infecciosas atuais, a preven\u00e7\u00e3o \u00e0 dengue \u00e9 mais f\u00e1cil do que se imagina e exige aten\u00e7\u00e3o e disciplina.<\/p>\n\n\n\n<p>Caracterizada como uma doen\u00e7a febril aguda, sist\u00eamica e din\u00e2mica, ou seja, que pode apresentar ampla manifesta\u00e7\u00e3o cl\u00ednica, variando de casos assintom\u00e1ticos a graves, \u00e9 transmitida atrav\u00e9s do vetor Aedes aegypti. A transmiss\u00e3o \u00e9 feita pela f\u00eamea do mosquito, que se prolifera em locais que contenham \u00e1gua parada, sendo mais comum no ver\u00e3o e em \u00e9pocas de muita chuva. F\u00e1cil de identificar, o mosquito \u00e9 preto com listras brancas no tronco, na cabe\u00e7a e nas pernas. O v\u00edrus causador da dengue \u00e9 do g\u00eanero Flaviv\u00edrus e pertence \u00e0 fam\u00edlia Flaviviridae.<\/p>\n\n\n\n<figure class=\"wp-block-image size-full\"><img loading=\"lazy\" decoding=\"async\" width=\"900\" height=\"600\" src=\"https:\/\/tvtecjundiai.com.br\/news\/wp-content\/uploads\/sites\/2\/2022\/07\/dengue-mosquito.jpg\" alt=\"\" class=\"wp-image-95271\" srcset=\"https:\/\/tvtecjundiai.com.br\/news\/wp-content\/uploads\/sites\/2\/2022\/07\/dengue-mosquito.jpg 900w, https:\/\/tvtecjundiai.com.br\/news\/wp-content\/uploads\/sites\/2\/2022\/07\/dengue-mosquito-300x200.jpg 300w, https:\/\/tvtecjundiai.com.br\/news\/wp-content\/uploads\/sites\/2\/2022\/07\/dengue-mosquito-768x512.jpg 768w\" sizes=\"auto, (max-width: 900px) 100vw, 900px\" \/><figcaption>Mosquito Aedes aegypti, transmissor da Dengue e outras doen\u00e7as. (Foto:Divulga\u00e7\u00e3o)  <\/figcaption><\/figure>\n\n\n\n<p>\u201cPara evitar ser picado pelo mosquito o indiv\u00edduo deve passar repelente diariamente nas \u00e1reas expostas do corpo como rosto, orelhas, pesco\u00e7o e m\u00e3os. Em locais com presen\u00e7a de mosquitos, orientamos para o uso de roupas que cubram todo o corpo, al\u00e9m de que, se poss\u00edvel, colocar telas de prote\u00e7\u00e3o em todas as janelas e portas da casa\u201d, explica a enfermeira B\u00e1rbara Garcia, do Servi\u00e7o de Controle de Infec\u00e7\u00e3o Relacionada \u00e0 Assist\u00eancia \u00e0 Sa\u00fade (SCIRAS) do Hospital de Caridade S\u00e3o Vicente de Paulo (HSV).<\/p>\n\n\n\n<p>Dentre os sintomas da dengue est\u00e3o a febre, geralmente acima de 38\u00b0C, associada a dores de cabe\u00e7a, dores musculares, dores nas articula\u00e7\u00f5es, dores atr\u00e1s dos olhos, n\u00e1usea, v\u00f4mito, diarreia e o exantema, uma erup\u00e7\u00e3o geralmente avermelhada que aparece na pele devido \u00e0 dilata\u00e7\u00e3o dos vasos sangu\u00edneos ou inflama\u00e7\u00e3o. \u201cEntre o terceiro e s\u00e9timo dia, o paciente pode apresentar melhora ou apresentar sinais de alerta para a forma grave com sintomas de dor abdominal intensa e cont\u00ednua, v\u00f4mitos persistentes, ac\u00famulo de l\u00edquidos, letargia e\/ou irritabilidade, e sangramento de mucosa\u201d, refor\u00e7a B\u00e1rbara.<\/p>\n\n\n\n<p>Infec\u00e7\u00e3o \u00e9 s\u00e9ria e preocupante<\/p>\n\n\n\n<p>A possibilidade da reincid\u00eancia da doen\u00e7a \u00e9 preocupante. Hoje, no Brasil, o v\u00edrus conta com quatro varia\u00e7\u00f5es diferentes que causam os mesmos sintomas. A diferen\u00e7a \u00e9 que, cada vez que o indiv\u00edduo pega um tipo do v\u00edrus, n\u00e3o pode mais ser infectado por ele, ou seja, na vida, a pessoa s\u00f3 pode ter dengue quatro vezes. Caso ocorra um segundo epis\u00f3dio da doen\u00e7a, os sintomas se manifestam com mais severidade. Existe certa sensibiliza\u00e7\u00e3o do sistema imunol\u00f3gico e ele d\u00e1 uma resposta exacerbada. Por isso, cada vez que a pessoa adquire a doen\u00e7a, \u00e9 prov\u00e1vel que seja mais grave do que a anterior. As principais formas de diagnosticar a dengue s\u00e3o o isolamento viral e o teste sorol\u00f3gico. A sorologia \u00e9 considerada o m\u00e9todo de rotina e a coleta de sangue n\u00e3o exige preparo nem jejum.<\/p>\n\n\n\n<p>\u201cTemos dispon\u00edvel no Brasil a vacina que protege o corpo contra a infec\u00e7\u00e3o. A imuniza\u00e7\u00e3o \u00e9 indicada para pessoas at\u00e9 45 anos que j\u00e1 tiveram dengue v\u00e1rias vezes e que moram em locais com incid\u00eancia de casos. A vacina n\u00e3o \u00e9 disponibilizada pelo SUS e s\u00f3 est\u00e1 dispon\u00edvel em cl\u00ednicas particulares. Ainda assim, existe um tratamento completo disponibilizado pela rede p\u00fablica feito por meio de reposi\u00e7\u00e3o vol\u00eamica, com o aumento de ingest\u00e3o de l\u00edquidos, seja via oral ou por meio da administra\u00e7\u00e3o de soro para diminui\u00e7\u00e3o dos sintomas apresentados. O m\u00e9dico \u00e9 que avalia a gravidade da doen\u00e7a, para que seja determinadas as decis\u00f5es cl\u00ednicas, laboratoriais, de hospitaliza\u00e7\u00e3o e terap\u00eauticas\u201d, disse a enfermeira.<\/p>\n\n\n\n<p>Para deter a dengue \u00e9 preciso manter os pratos de vasos de flores e plantas com areia, guardar garrafas com a boca virada para baixo, limpar sempre as calhas dos canos, n\u00e3o jogar lixo em terrenos baldios, colocar o lixo sempre em sacos fechados, manter baldes, caixas d\u00b4\u00e1gua e piscinas sempre tampados, deixar pneus ao abrigo da chuva e da \u00e1gua, eliminar copinhos pl\u00e1sticos, tampas de refrigerantes e cascas de coco em sacos que possam ser lacrados, furar latas de alum\u00ednio antes de ser descartadas para n\u00e3o acumular \u00e1gua, lavar bebedouros de aves e animais pelo menos uma vez por semana.<\/p>\n\n\n\n<p>Fonte: Hospital S\u00e3o Vicente <\/p>\n","protected":false},"excerpt":{"rendered":"<p>Hoje, no Brasil, o v\u00edrus conta com quatro varia\u00e7\u00f5es diferentes que causam os mesmos sintomas. <\/p>\n","protected":false},"author":17,"featured_media":95271,"comment_status":"closed","ping_status":"closed","sticky":false,"template":"","format":"standard","meta":{"footnotes":""},"categories":[5159,8356,3569,1,5860,2839,8355],"tags":[],"class_list":["post-95270","post","type-post","status-publish","format-standard","has-post-thumbnail","hentry","category-ciencias","category-jundiai","category-meio-ambiente","category-noticias","category-saneamento","category-saude","category-saude-3"],"_links":{"self":[{"href":"https:\/\/tvtecjundiai.com.br\/news\/wp-json\/wp\/v2\/posts\/95270","targetHints":{"allow":["GET"]}}],"collection":[{"href":"https:\/\/tvtecjundiai.com.br\/news\/wp-json\/wp\/v2\/posts"}],"about":[{"href":"https:\/\/tvtecjundiai.com.br\/news\/wp-json\/wp\/v2\/types\/post"}],"author":[{"embeddable":true,"href":"https:\/\/tvtecjundiai.com.br\/news\/wp-json\/wp\/v2\/users\/17"}],"replies":[{"embeddable":true,"href":"https:\/\/tvtecjundiai.com.br\/news\/wp-json\/wp\/v2\/comments?post=95270"}],"version-history":[{"count":2,"href":"https:\/\/tvtecjundiai.com.br\/news\/wp-json\/wp\/v2\/posts\/95270\/revisions"}],"predecessor-version":[{"id":95273,"href":"https:\/\/tvtecjundiai.com.br\/news\/wp-json\/wp\/v2\/posts\/95270\/revisions\/95273"}],"wp:featuredmedia":[{"embeddable":true,"href":"https:\/\/tvtecjundiai.com.br\/news\/wp-json\/wp\/v2\/media\/95271"}],"wp:attachment":[{"href":"https:\/\/tvtecjundiai.com.br\/news\/wp-json\/wp\/v2\/media?parent=95270"}],"wp:term":[{"taxonomy":"category","embeddable":true,"href":"https:\/\/tvtecjundiai.com.br\/news\/wp-json\/wp\/v2\/categories?post=95270"},{"taxonomy":"post_tag","embeddable":true,"href":"https:\/\/tvtecjundiai.com.br\/news\/wp-json\/wp\/v2\/tags?post=95270"}],"curies":[{"name":"wp","href":"https:\/\/api.w.org\/{rel}","templated":true}]}}