{"id":95274,"date":"2022-07-02T17:35:31","date_gmt":"2022-07-02T20:35:31","guid":{"rendered":"https:\/\/tvtecjundiai.com.br\/news\/?p=95274"},"modified":"2022-07-02T18:40:42","modified_gmt":"2022-07-02T21:40:42","slug":"rede-urban95-destaca-acoes-de-jundiai-para-a-infancia-na-cidade","status":"publish","type":"post","link":"https:\/\/tvtecjundiai.com.br\/news\/2022\/07\/02\/rede-urban95-destaca-acoes-de-jundiai-para-a-infancia-na-cidade\/","title":{"rendered":"Rede Urban95 destaca a\u00e7\u00f5es de Jundia\u00ed para a inf\u00e2ncia na cidade"},"content":{"rendered":"\n<p>Garantir espa\u00e7os para o desenvolvimento das crian\u00e7as em todos os ambientes. Essa \u00e9 uma das premissas da Rede Urban95, chancelada pelo Instituto holand\u00eas Bernard Van Leer, da qual Jundia\u00ed \u00e9 parceira e que o munic\u00edpio j\u00e1 implementa a\u00e7\u00f5es e pol\u00edticas para as crian\u00e7as e o brincar livre. S\u00e3o exatamente essas a\u00e7\u00f5es desenvolvidas no programa \u201cP\u00e9 de Inf\u00e2ncia\u201d, que est\u00e3o elencados em v\u00eddeo organizado pela Allma Hub para inspirar a cria\u00e7\u00e3o de interven\u00e7\u00f5es urban\u00edsticas nos munic\u00edpios, propondo espa\u00e7os que incentivam o brincar livre e o fortalecimento dos v\u00ednculos entre crian\u00e7as, cuidadores e a cidade.<\/p>\n\n\n\n<p>\u201cA import\u00e2ncia de trabalhar a primeira inf\u00e2ncia na cidade \u00e9 o olhar estrat\u00e9gico, de focar no futuro, desenvolvendo hoje, a nossa primeir\u00edssima inf\u00e2ncia. O projeto P\u00e9 de Inf\u00e2ncia valoriza o que \u00e9 simples, Valoriza o l\u00fadico com a crian\u00e7a\u201d, comenta o prefeito Luiz Fernando Machado, em v\u00eddeo dispon\u00edvel para visualiza\u00e7\u00e3o no link.<\/p>\n\n\n\n<figure class=\"wp-block-embed is-type-video is-provider-youtube wp-block-embed-youtube wp-embed-aspect-16-9 wp-has-aspect-ratio\"><div class=\"wp-block-embed__wrapper\">\n<iframe loading=\"lazy\" title=\"Cidades da Rede Urban95: Jundia\u00ed (SP) e a iniciativa P\u00e9 de Inf\u00e2ncia\" width=\"500\" height=\"281\" src=\"https:\/\/www.youtube.com\/embed\/MLyqixWabk4?start=113&#038;feature=oembed\" frameborder=\"0\" allow=\"accelerometer; autoplay; clipboard-write; encrypted-media; gyroscope; picture-in-picture; web-share\" referrerpolicy=\"strict-origin-when-cross-origin\" allowfullscreen><\/iframe>\n<\/div><figcaption>Cidades da Rede Urban95: Jundia\u00ed e a iniciativa &#8216;P\u00e9 de Inf\u00e2ncia&#8217;<\/figcaption><\/figure>\n\n\n\n<p>De acordo com o gestor da Unidade de Gest\u00e3o de Cultura (UGC) e coordenador das iniciativas em Jundia\u00ed, Marcelo Peroni, a parceria com as institui\u00e7\u00f5es internacionais, como a Funda\u00e7\u00e3o Bernard van Leer, atrav\u00e9s da Rede Urban95, s\u00e3o fundamentais pois deixam na cidade e nas equipes locais a fundamenta\u00e7\u00e3o conceitual e te\u00f3rica, e proporcionam interven\u00e7\u00f5es concretas para a sociedade, de maneira simples e com grande ganho para as crian\u00e7as. \u201cO P\u00e9 de Inf\u00e2ncia \u00e9 uma das a\u00e7\u00f5es implementadas na cidade que insere o adulto e a crian\u00e7a em espa\u00e7o de desenvolvimento pela brincadeira. A constru\u00e7\u00e3o cognitiva e emocional conquistada na primeira inf\u00e2ncia formam o adulto\u201d, argumenta o gestor.<\/p>\n\n\n\n<figure class=\"wp-block-embed is-type-rich is-provider-incorporar-manipulador wp-block-embed-incorporar-manipulador\"><div class=\"wp-block-embed__wrapper\">\nhttps:\/\/youtube.com\/watch?v=MLyqixWabk4%3Ffeature%3Doembed%26wmode%3Dopaque\n<\/div><\/figure>\n\n\n\n<p><strong>V\u00eddeo<\/strong><br>Em ambientes como o Mundo das Crian\u00e7as, as pra\u00e7as, os pontos de \u00f4nibus entre outros espa\u00e7os que receberam a caracteriza\u00e7\u00e3o do \u2018P\u00e9 de Inf\u00e2ncia\u2019, as crian\u00e7as s\u00e3o, naturalmente, estimuladas a brincar, e os adultos tamb\u00e9m se rendem \u00e0 divers\u00e3o construtiva. \u201cNesses espa\u00e7os temos mensagens importantes sobre o brincar, a natureza, a leitura com as crian\u00e7as. A partir do momento que percebemos que a cidade melhora quando olhamos para a crian\u00e7a, esse \u00e9 o ponto.<\/p>\n\n\n\n<p><strong>Video<\/strong><\/p>\n\n\n\n<p>Realizado por: Funda\u00e7\u00e3o Bernard van Leer, Instituto Cidades Sustent\u00e1veis e Prefeitura de Jundia\u00ed.<\/p>\n\n\n\n<p>Produzido por Escola de Not\u00edcias<br>Dire\u00e7\u00e3o: Camila Vaz<br>Dire\u00e7\u00e3o de fotografia: Matheus Cardoso e Felipe Cardoso<br>C\u00e2mera: Felipe Cardoso, Matheus Cardoso<br>Som: Leo Pereira<br>Produ\u00e7\u00e3o: Camila Vaz e Leo Pereira<br>Edi\u00e7\u00e3o: Matheus Cardoso<br>Arte e Motion: Leo Pereira e Matheus Cardoso<\/p>\n\n\n\n<p><em>Fonte: Prefeitura de Jundia\u00ed<\/em><\/p>\n","protected":false},"excerpt":{"rendered":"<p>Garantir espa\u00e7os para o desenvolvimento das crian\u00e7as em todos os ambientes. Essa \u00e9 uma das premissas da Rede Urban95.<\/p>\n","protected":false},"author":17,"featured_media":95280,"comment_status":"closed","ping_status":"closed","sticky":false,"template":"","format":"standard","meta":{"footnotes":""},"categories":[29,2828,3060,8357,5706,2836,8356,1],"tags":[],"class_list":["post-95274","post","type-post","status-publish","format-standard","has-post-thumbnail","hentry","category-destaque","category-educacao","category-geral","category-gestao","category-inclusao","category-informatica","category-jundiai","category-noticias"],"_links":{"self":[{"href":"https:\/\/tvtecjundiai.com.br\/news\/wp-json\/wp\/v2\/posts\/95274","targetHints":{"allow":["GET"]}}],"collection":[{"href":"https:\/\/tvtecjundiai.com.br\/news\/wp-json\/wp\/v2\/posts"}],"about":[{"href":"https:\/\/tvtecjundiai.com.br\/news\/wp-json\/wp\/v2\/types\/post"}],"author":[{"embeddable":true,"href":"https:\/\/tvtecjundiai.com.br\/news\/wp-json\/wp\/v2\/users\/17"}],"replies":[{"embeddable":true,"href":"https:\/\/tvtecjundiai.com.br\/news\/wp-json\/wp\/v2\/comments?post=95274"}],"version-history":[{"count":2,"href":"https:\/\/tvtecjundiai.com.br\/news\/wp-json\/wp\/v2\/posts\/95274\/revisions"}],"predecessor-version":[{"id":95281,"href":"https:\/\/tvtecjundiai.com.br\/news\/wp-json\/wp\/v2\/posts\/95274\/revisions\/95281"}],"wp:featuredmedia":[{"embeddable":true,"href":"https:\/\/tvtecjundiai.com.br\/news\/wp-json\/wp\/v2\/media\/95280"}],"wp:attachment":[{"href":"https:\/\/tvtecjundiai.com.br\/news\/wp-json\/wp\/v2\/media?parent=95274"}],"wp:term":[{"taxonomy":"category","embeddable":true,"href":"https:\/\/tvtecjundiai.com.br\/news\/wp-json\/wp\/v2\/categories?post=95274"},{"taxonomy":"post_tag","embeddable":true,"href":"https:\/\/tvtecjundiai.com.br\/news\/wp-json\/wp\/v2\/tags?post=95274"}],"curies":[{"name":"wp","href":"https:\/\/api.w.org\/{rel}","templated":true}]}}