{"id":95335,"date":"2022-07-04T17:25:24","date_gmt":"2022-07-04T20:25:24","guid":{"rendered":"https:\/\/tvtecjundiai.com.br\/news\/?p=95335"},"modified":"2022-07-04T17:25:30","modified_gmt":"2022-07-04T20:25:30","slug":"vacinacao-contra-covid-19-e-influenza-seguem-em-ubs-de-jundiai-de-segunda-a-sexta-feira","status":"publish","type":"post","link":"https:\/\/tvtecjundiai.com.br\/news\/2022\/07\/04\/vacinacao-contra-covid-19-e-influenza-seguem-em-ubs-de-jundiai-de-segunda-a-sexta-feira\/","title":{"rendered":"Vacina\u00e7\u00e3o contra COVID-19 e Influenza seguem  em UBS de Jundia\u00ed de segunda a sexta-feira"},"content":{"rendered":"\n<p>De acordo com dados da Unidade de Gest\u00e3o de Promo\u00e7\u00e3o da Sa\u00fade (UGPS), no \u00faltimo balan\u00e7o da Vigil\u00e2ncia Epidemiol\u00f3gica (VE), foram aplicadas 1.133.132 doses de vacina contra COVID-19. Atualmente, 112.911 pessoas est\u00e3o com aplica\u00e7\u00e3o atrasada. Para atender a esse grupo, al\u00e9m do atendimento das Unidades B\u00e1sicas de Sa\u00fade (UBSs) ao longo da semana, no pr\u00f3ximo s\u00e1bado (09), tamb\u00e9m ser\u00e1 realizado dia de super vacina\u00e7\u00e3o.<\/p>\n\n\n\n<p>\u201c\u00c9 importante frisar que todas as pessoas com mais de seis meses podem receber uma dose de vacina contra a influenza. A libera\u00e7\u00e3o foi feita pelo Minist\u00e9rio da Sa\u00fade e Secretaria de Estado da Sa\u00fade. J\u00e1 a vacina para a COVID-19, al\u00e9m das doses estarem liberadas a partir dos cinco anos de idade, h\u00e1 cronogramas espec\u00edficos para cada faixa et\u00e1ria e a mais recente libera\u00e7\u00e3o foi a segunda dose de refor\u00e7o das pessoas com 40 anos ou mais\u201d, lembra a coordenadora da Vigil\u00e2ncia Epidemiol\u00f3gica (VE), Maria do Carmo Possidente.<\/p>\n\n\n\n<p>Das mais de 1,1 milh\u00e3o de doses de vacinas contra COVID-19 aplicadas em Jundia\u00ed, 406.237 s\u00e3o primeiras doses (97,9% da popula\u00e7\u00e3o habilitada), 392.293 segundas doses (98,6%) e 347.321 doses de refor\u00e7o (D3 e D4) \u2013 cabe lembrar que o sistema Vacivida n\u00e3o faz a separa\u00e7\u00e3o da terceira e da quarta dose e os dados s\u00e3o lan\u00e7ados e aparecem como dose adicional. Das pessoas que est\u00e3o com alguma dose em atraso, 16.735 est\u00e3o com a D2 em atraso e 96.176 com a D3. A idade com mais faltosos \u00e9 de 5 a 11 anos para D2 e de 30 a 39 anos para D3.<\/p>\n\n\n\n<figure class=\"wp-block-image\"><img decoding=\"async\" src=\"https:\/\/jundiai.sp.gov.br\/noticias\/wp-content\/uploads\/sites\/32\/2022\/07\/super-vacinacao_fm_-6.jpg\" alt=\"\" class=\"wp-image-296215\" \/><figcaption>Vacina\u00e7\u00e3o segue em todas as UBSs ao longo da semana e em pontos espec\u00edficos no s\u00e1bado (09)<\/figcaption><\/figure>\n\n\n\n<p>Da vacina\u00e7\u00e3o contra Influenza, Jundia\u00ed j\u00e1 aplicou doses em 88.305 pessoas. Dessas, 49.795 possuem mais de 60 anos (o que equivale a 67,03% da popula\u00e7\u00e3o estimada nesta faixa et\u00e1ria), 10.646 trabalhadores da sa\u00fade (93,14%), 11.073 crian\u00e7as (46,47%), 1.207 gestantes (27,77%), 192 pu\u00e9rperas (26,89%), 2.340 professores (44,07%), 64 pessoas com defici\u00eancia permanente (0,64%), 412 profissionais das for\u00e7as armadas (71,90%), 1.340 pessoas privadas de liberdade (93,18%) e 10.287 pessoas com comorbidades (40,11%). As doses est\u00e3o liberadas para todas as pessoas, com mais de seis meses de vida.<\/p>\n\n\n\n<p><strong>Aplica\u00e7\u00e3o<\/strong><\/p>\n\n\n\n<p>As doses contra COVID-19 e Influenza est\u00e3o dispon\u00edveis em todas as UBSs de Jundia\u00ed, no hor\u00e1rio de atendimento da sala de vacina. \u201cCada UBS se organiza conforme a caracter\u00edstica da regi\u00e3o atendida e podem distribuir senhas para organizar o atendimento. Por isso, a orienta\u00e7\u00e3o \u00e9 que a popula\u00e7\u00e3o aproveite os s\u00e1bados para o atendimento, pois \u00e9 exclusivo para a vacina\u00e7\u00e3o\u201d, destaca.<\/p>\n\n\n\n<p>No pr\u00f3ximo s\u00e1bado (09), estar\u00e3o dispon\u00edveis as unidades: Cl\u00ednica da Fam\u00edlia II (Almerinda Chaves), Nova UBS Jundia\u00ed Mirim, UBS Morada das Vinhas, UBS Fazenda Grande, UBS Hortol\u00e2ndia, Nova UBS Jardim do Lago, UBS Vila Rami e UBS Col\u00f4nia, das 8h30 \u00e0s 11h30 e das 13h \u00e0s 15h30.<\/p>\n\n\n\n<p><strong><em>(Fonte\/Imagem: Prefeitura de Jundia\u00ed)<\/em><\/strong><\/p>\n","protected":false},"excerpt":{"rendered":"<p>No pr\u00f3ximo s\u00e1bado (09), tamb\u00e9m ser\u00e1 realizado dia de super vacina\u00e7\u00e3o.<\/p>\n","protected":false},"author":27,"featured_media":95337,"comment_status":"closed","ping_status":"0","sticky":false,"template":"","format":"standard","meta":{"footnotes":""},"categories":[8356,8355],"tags":[],"class_list":["post-95335","post","type-post","status-publish","format-standard","has-post-thumbnail","hentry","category-jundiai","category-saude-3"],"_links":{"self":[{"href":"https:\/\/tvtecjundiai.com.br\/news\/wp-json\/wp\/v2\/posts\/95335","targetHints":{"allow":["GET"]}}],"collection":[{"href":"https:\/\/tvtecjundiai.com.br\/news\/wp-json\/wp\/v2\/posts"}],"about":[{"href":"https:\/\/tvtecjundiai.com.br\/news\/wp-json\/wp\/v2\/types\/post"}],"author":[{"embeddable":true,"href":"https:\/\/tvtecjundiai.com.br\/news\/wp-json\/wp\/v2\/users\/27"}],"replies":[{"embeddable":true,"href":"https:\/\/tvtecjundiai.com.br\/news\/wp-json\/wp\/v2\/comments?post=95335"}],"version-history":[{"count":1,"href":"https:\/\/tvtecjundiai.com.br\/news\/wp-json\/wp\/v2\/posts\/95335\/revisions"}],"predecessor-version":[{"id":95338,"href":"https:\/\/tvtecjundiai.com.br\/news\/wp-json\/wp\/v2\/posts\/95335\/revisions\/95338"}],"wp:featuredmedia":[{"embeddable":true,"href":"https:\/\/tvtecjundiai.com.br\/news\/wp-json\/wp\/v2\/media\/95337"}],"wp:attachment":[{"href":"https:\/\/tvtecjundiai.com.br\/news\/wp-json\/wp\/v2\/media?parent=95335"}],"wp:term":[{"taxonomy":"category","embeddable":true,"href":"https:\/\/tvtecjundiai.com.br\/news\/wp-json\/wp\/v2\/categories?post=95335"},{"taxonomy":"post_tag","embeddable":true,"href":"https:\/\/tvtecjundiai.com.br\/news\/wp-json\/wp\/v2\/tags?post=95335"}],"curies":[{"name":"wp","href":"https:\/\/api.w.org\/{rel}","templated":true}]}}