{"id":95341,"date":"2022-07-04T17:46:26","date_gmt":"2022-07-04T20:46:26","guid":{"rendered":"https:\/\/tvtecjundiai.com.br\/news\/?p=95341"},"modified":"2022-07-04T17:46:31","modified_gmt":"2022-07-04T20:46:31","slug":"apos-adequacoes-uti-geral-e-cardiologica-recebe-primeiro-paciente-no-hospital-sao-vicente","status":"publish","type":"post","link":"https:\/\/tvtecjundiai.com.br\/news\/2022\/07\/04\/apos-adequacoes-uti-geral-e-cardiologica-recebe-primeiro-paciente-no-hospital-sao-vicente\/","title":{"rendered":"Ap\u00f3s adequa\u00e7\u00f5es, UTI Geral e Cardiol\u00f3gica recebe primeiro paciente no Hospital S\u00e3o Vicente"},"content":{"rendered":"\n<p>Entregue na \u00faltima semana, a nova UTI Geral e Cardiol\u00f3gica do Hospital de Caridade S\u00e3o Vicente de Paulo (HSV), recebeu na tarde desta segunda-feira (4), seu primeiro paciente. Internado desde o dia 28, Cristian Meitling, de 50 anos, precisou de atendimento m\u00e9dico ap\u00f3s sofrer um infarto agudo do mioc\u00e1rdio. Cheio de elogios, o paciente aproveitou a ocasi\u00e3o para agradecer e compartilhar sua experi\u00eancia no local.<\/p>\n\n\n\n<p>&#8220;Entre todas as reformas que o hospital est\u00e1 fazendo, essa com certeza foi essencial para a unidade e principalmente para n\u00f3s, pacientes, que muitas vezes precisamos deste servi\u00e7o por v\u00e1rias semanas. Aos meus olhos, desfrutando do privil\u00e9gio em ser o primeiro paciente desta ala, o S\u00e3o Vicente \u00e9 refer\u00eancia para atendimento e agora, com este novo espa\u00e7o totalmente ampliado, confort\u00e1vel e bonito, muito mais pacientes ser\u00e3o acolhidos e bem tratados assim como eu estou sendo. Agrade\u00e7o as equipes que me acompanharam e me acompanham at\u00e9 este momento, sempre com muito carinho, cuidado e zelo. Todos trabalham com amor e, principalmente, com humaniza\u00e7\u00e3o\u201d, evidencia Cristian.<\/p>\n\n\n\n<figure class=\"wp-block-image size-large\"><img loading=\"lazy\" decoding=\"async\" width=\"1200\" height=\"900\" src=\"https:\/\/tvtecjundiai.com.br\/news\/wp-content\/uploads\/sites\/2\/2022\/07\/WhatsApp-Image-2022-07-04-at-17.41.06-1-1200x900.jpeg\" alt=\"\" class=\"wp-image-95342\" srcset=\"https:\/\/tvtecjundiai.com.br\/news\/wp-content\/uploads\/sites\/2\/2022\/07\/WhatsApp-Image-2022-07-04-at-17.41.06-1-1200x900.jpeg 1200w, https:\/\/tvtecjundiai.com.br\/news\/wp-content\/uploads\/sites\/2\/2022\/07\/WhatsApp-Image-2022-07-04-at-17.41.06-1-300x225.jpeg 300w, https:\/\/tvtecjundiai.com.br\/news\/wp-content\/uploads\/sites\/2\/2022\/07\/WhatsApp-Image-2022-07-04-at-17.41.06-1-768x576.jpeg 768w, https:\/\/tvtecjundiai.com.br\/news\/wp-content\/uploads\/sites\/2\/2022\/07\/WhatsApp-Image-2022-07-04-at-17.41.06-1.jpeg 1280w\" sizes=\"auto, (max-width: 1200px) 100vw, 1200px\" \/><figcaption> Internado desde o dia 28, Cristian Meitling, de 50 anos, precisou de atendimento m\u00e9dico ap\u00f3s sofrer um infarto agudo do mioc\u00e1rdio.<\/figcaption><\/figure>\n\n\n\n<p>Localizado no segundo andar, praticamente no cora\u00e7\u00e3o do hospital, o espa\u00e7o ganhou quase o triplo de sua \u00e1rea anterior, saindo de 180 m\u00b2 para 447m\u00b2. A amplitude e distribui\u00e7\u00e3o dos leitos, otimizam a visualiza\u00e7\u00e3o dos pacientes internados. Cada detalhe foi planejado priorizando os padr\u00f5es de qualidade, humaniza\u00e7\u00e3o, seguran\u00e7a e acessibilidade, proporcionando maior bem-estar aos usu\u00e1rios.<\/p>\n\n\n\n<p>A t\u00e9cnica de enfermagem, Regina Germano Correa, de 44 anos, \u00e9 colaboradora da unidade e ressalta a import\u00e2ncia da revitaliza\u00e7\u00e3o. \u201cEst\u00e1 tudo adequado da melhor forma para assist\u00eancia aos nossos pacientes. Um espa\u00e7o mais amplo para as demandas do nosso dia a dia com os internados nos assegura em casos de procedimentos de emerg\u00eancia. Em nome de toda a equipe n\u00f3s agradecemos o carinho que tiveram na reforma desta unidade, muito mais confort\u00e1vel e aconchegante tamb\u00e9m para n\u00f3s, colaboradores&#8221;, conclui a profissional.<\/p>\n\n\n\n<p><em><strong>Informa\u00e7\u00f5es e Fotos: Hospital S\u00e3o Vicente <\/strong><\/em><\/p>\n","protected":false},"excerpt":{"rendered":"<p>Internado desde o dia 28, Cristian Meitling, de 50 anos, precisou de atendimento m\u00e9dico ap\u00f3s sofrer um infarto agudo do mioc\u00e1rdio.<\/p>\n","protected":false},"author":19,"featured_media":95343,"comment_status":"closed","ping_status":"0","sticky":false,"template":"","format":"standard","meta":{"footnotes":""},"categories":[1],"tags":[],"class_list":["post-95341","post","type-post","status-publish","format-standard","has-post-thumbnail","hentry","category-noticias"],"_links":{"self":[{"href":"https:\/\/tvtecjundiai.com.br\/news\/wp-json\/wp\/v2\/posts\/95341","targetHints":{"allow":["GET"]}}],"collection":[{"href":"https:\/\/tvtecjundiai.com.br\/news\/wp-json\/wp\/v2\/posts"}],"about":[{"href":"https:\/\/tvtecjundiai.com.br\/news\/wp-json\/wp\/v2\/types\/post"}],"author":[{"embeddable":true,"href":"https:\/\/tvtecjundiai.com.br\/news\/wp-json\/wp\/v2\/users\/19"}],"replies":[{"embeddable":true,"href":"https:\/\/tvtecjundiai.com.br\/news\/wp-json\/wp\/v2\/comments?post=95341"}],"version-history":[{"count":1,"href":"https:\/\/tvtecjundiai.com.br\/news\/wp-json\/wp\/v2\/posts\/95341\/revisions"}],"predecessor-version":[{"id":95344,"href":"https:\/\/tvtecjundiai.com.br\/news\/wp-json\/wp\/v2\/posts\/95341\/revisions\/95344"}],"wp:featuredmedia":[{"embeddable":true,"href":"https:\/\/tvtecjundiai.com.br\/news\/wp-json\/wp\/v2\/media\/95343"}],"wp:attachment":[{"href":"https:\/\/tvtecjundiai.com.br\/news\/wp-json\/wp\/v2\/media?parent=95341"}],"wp:term":[{"taxonomy":"category","embeddable":true,"href":"https:\/\/tvtecjundiai.com.br\/news\/wp-json\/wp\/v2\/categories?post=95341"},{"taxonomy":"post_tag","embeddable":true,"href":"https:\/\/tvtecjundiai.com.br\/news\/wp-json\/wp\/v2\/tags?post=95341"}],"curies":[{"name":"wp","href":"https:\/\/api.w.org\/{rel}","templated":true}]}}