{"id":95375,"date":"2022-07-05T14:17:55","date_gmt":"2022-07-05T17:17:55","guid":{"rendered":"https:\/\/tvtecjundiai.com.br\/news\/?p=95375"},"modified":"2022-07-05T14:18:01","modified_gmt":"2022-07-05T17:18:01","slug":"ferias-cultura-programou-diversas-acoes-nas-bibliotecas-nelson-foot-e-pracinha-da-cultura","status":"publish","type":"post","link":"https:\/\/tvtecjundiai.com.br\/news\/2022\/07\/05\/ferias-cultura-programou-diversas-acoes-nas-bibliotecas-nelson-foot-e-pracinha-da-cultura\/","title":{"rendered":"F\u00e9rias: Cultura programou diversas a\u00e7\u00f5es nas Bibliotecas Nelson Foot e Pracinha da Cultura"},"content":{"rendered":"\n<p>A Unidade de Gest\u00e3o de Cultura (UGC) promove durante todo o m\u00eas de julho, m\u00eas de f\u00e9rias escolares, uma programa\u00e7\u00e3o diversificada nas bibliotecas Professor Nelson Foot (Complexo Argos) e Pracinha da Cultura (Vista Alegre) n\u00e3o apenas para as crian\u00e7as, mas tamb\u00e9m para adultos.<\/p>\n\n\n\n<p>Segundo o gestor de Cultura, Marcelo Peroni, para atender \u00e0 desafiadora tarefa de formar leitores a UGC lan\u00e7a o projeto \u201cLeitura Itinerante\u201d<strong>,<\/strong>&nbsp;cuja proposta \u00e9 formar um acervo com t\u00edtulos variados de literatura estrangeira e brasileira para serem emprestados aos clubes de leitura existentes na cidade.<\/p>\n\n\n\n<figure class=\"wp-block-image\"><img decoding=\"async\" src=\"https:\/\/jundiai.sp.gov.br\/noticias\/wp-content\/uploads\/sites\/32\/2022\/05\/le_no_ninho_biblioteca-11-1.jpg\" alt=\"\" class=\"wp-image-292134\" \/><figcaption><strong>Programa\u00e7\u00e3o de f\u00e9rias na Biblioteca tem novidades<\/strong><\/figcaption><\/figure>\n\n\n\n<p>Inicialmente, explicou o gestor, o acervo conta com 32 t\u00edtulos de obras liter\u00e1rias infantojuvenis e adulto, totalizando 2163 exemplares que podem ser solicitados para empr\u00e9stimo por at\u00e9 60 dias. \u201cO di\u00e1rio de Anne Frank em quadrinhos\u201d, \u201cEu sou Malala\u201d e \u201cA princesa que era gordinha\u201d do jundiaiense M\u00e1rcio Martelli s\u00e3o alguns t\u00edtulos que fazem parte do acervo que integra o projeto. \u201cPara conhecer os t\u00edtulos e quantidades do acervo itinerante o interessado bastar\u00e1 acessar o cat\u00e1logo pela internet em&nbsp;<a href=\"https:\/\/docs.google.com\/forms\/d\/e\/1FAIpQLSeDyME5TzXceJV-fTRyQe7OO3iYQPFMSE9CbasXdPQlfVoRSg\/viewform\" target=\"_blank\" rel=\"noreferrer noopener\">link pr\u00f3prio e preencher o formul\u00e1rio<\/a>. \u00c9 a cultura sendo usada como ferramenta de transforma\u00e7\u00e3o e forma\u00e7\u00e3o de novos leitores\u201d, destacou Peroni.<\/p>\n\n\n\n<p><strong>Programa\u00e7\u00e3o<\/strong><\/p>\n\n\n\n<p>Para alegrar a garotada, foi elaborada uma programa\u00e7\u00e3o especial para as f\u00e9rias escolares. Confira as datas das atividades neste m\u00eas:<\/p>\n\n\n\n<figure class=\"wp-block-image\"><img decoding=\"async\" src=\"https:\/\/jundiai.sp.gov.br\/noticias\/wp-content\/uploads\/sites\/32\/2019\/05\/contacao-de-estorias-na-biblioteca_c_-10-1280x853.jpg\" alt=\"Em um tapete vermelho, crian\u00e7as e adultos est\u00e3o sentados no ch\u00e3o e em pufes quadrados; \u00e0 frente deles, por\u00e9m de costas para quem v\u00ea a imagem, est\u00e3o duas mulheres gesticulando, contando uma hist\u00f3ria-\" class=\"wp-image-230274\" \/><figcaption>Conta\u00e7\u00e3o de hist\u00f3rias na Biblioteca nos dias 12 e 14 no per\u00edodo da tarde<\/figcaption><\/figure>\n\n\n\n<p><strong>Conta\u00e7\u00e3o de hist\u00f3ria<\/strong>&nbsp;com a Cia. Giro no Biombo nos dias 12 e 14, das 16h \u00e0s 17h;<\/p>\n\n\n\n<p><strong>Oficina de Hist\u00f3ria em Quadrinhos para crian\u00e7as<\/strong>&nbsp;com Ede Galileu, nos dias 13,14,15,21 e 22, das 10h \u00e0s 12h;&nbsp;<a href=\"https:\/\/docs.google.com\/forms\/d\/e\/1FAIpQLScZOUn_ttp2v09NL37l5njQyYDCxoQernusOS79GbgtTwMEzQ\/viewform\" target=\"_blank\" rel=\"noreferrer noopener\">(Inscri\u00e7\u00f5es pelo link<\/a>).<\/p>\n\n\n\n<p><strong>Oficina Livro Sanfonado<\/strong>&nbsp;com as arte-educadoras Eliane Diana e Julia Heimman, s\u00e1bado 16, das 11h \u00e0s 12h30; (<a href=\"https:\/\/docs.google.com\/forms\/d\/e\/1FAIpQLSfMTcaFx-EkDRHjxv9pINmfwqZu_cL0k_JXnhW9nclLTZRQNA\/viewform\" target=\"_blank\" rel=\"noreferrer noopener\">Inscri\u00e7\u00f5es pelo link<\/a>).<\/p>\n\n\n\n<figure class=\"wp-block-image\"><img decoding=\"async\" src=\"https:\/\/jundiai.sp.gov.br\/noticias\/wp-content\/uploads\/sites\/32\/2022\/06\/foto-ede-galileu-1280x960.jpg\" alt=\"\" class=\"wp-image-295820\" \/><figcaption>Oficina de Hist\u00f3ria em Quadrinho com Ede Galileu na programa\u00e7\u00e3o de f\u00e9rias<\/figcaption><\/figure>\n\n\n\n<p><strong>Oficina com a Cia. Contando com Encanto<\/strong>&nbsp;em comemora\u00e7\u00e3o ao dia dos av\u00f3s, dia 22, das 16h \u00e0s 17h30;&nbsp;<a href=\"https:\/\/docs.google.com\/forms\/d\/e\/1FAIpQLSeaF0maC32HSzc4c_sncEWlFzfmgv2OapcFpA79kiRQFyFGDg\/viewform\" target=\"_blank\" rel=\"noreferrer noopener\">(Inscri\u00e7\u00f5es pelo link).<\/a><\/p>\n\n\n\n<p><strong>Show de M\u00e1gicas com Oficina<\/strong>, s\u00e1bado dia 23, das 11h \u00e0s 12h30. Entrada no show ser\u00e1 por ordem de chagada, por\u00e9m para participar da oficina precisar\u00e1&nbsp;<a href=\"https:\/\/docs.google.com\/forms\/d\/e\/1FAIpQLSeGclFJ9EyNaPV2C5jkGFOT1U_N6Xig1sHYikXeFb6txyAkRQ\/viewform\" target=\"_blank\" rel=\"noreferrer noopener\">preencher formul\u00e1rio de inscri\u00e7\u00e3o<\/a>. 30 vagas.<\/p>\n\n\n\n<p>Al\u00e9m dessas atividades haver\u00e1 na programa\u00e7\u00e3o permanente da Biblioteca:<\/p>\n\n\n\n<p><strong>Media\u00e7\u00e3o de leitura para beb\u00eas&nbsp;<\/strong>com sess\u00e3o do&nbsp;<strong>L\u00ea no Ninho<\/strong>, dia 09, das 11h \u00e0s 12h,<\/p>\n\n\n\n<p><strong>Workshop de Educa\u00e7\u00e3o Financeira&nbsp;<\/strong>com o educador financeiro Eduardo Sanchez. O primeiro de 12 encontros acontecer\u00e1 no dia 12, das 19h \u00e0s 20h30, no audit\u00f3rio da Biblioteca Nelson Foot;<\/p>\n\n\n\n<p>A&nbsp;<strong>palestra: \u201cAspectos sociais e simb\u00f3licos da cultura afrourbana\u201d<\/strong>, abrindo as discuss\u00f5es da ZumbiTECA 2022, que ser\u00e1 ministrada pela doutoranda Djenane Vieira,<strong>&nbsp;<\/strong>no dia 28, das 19h \u00e0s 20h30;<\/p>\n\n\n\n<p><strong>Conta\u00e7\u00e3o de hist\u00f3ria e oficina de turbantes<\/strong>, cujo objetivo \u00e9 abordar a &nbsp;leitura, a cultura e a moda para o empoderamento cultural infantil. A a\u00e7\u00e3o \u00e9 proposta dentro da tem\u00e1tica da ZumbiTECA e ser\u00e1 realizada no dia s\u00e1bado, 30, das 11h \u00e0s 12h30.<\/p>\n\n\n\n<p>Em comemora\u00e7\u00e3o ao&nbsp;<strong>dia Nacional do Escritor<\/strong>&nbsp;e para propor uma aproxima\u00e7\u00e3o da Biblioteca com os autores jundiaienses, a BNF realizar\u00e1 no dia 29, das 19h \u00e0s 20h30 um encontro especial com autores convidados para celebrar a data.<\/p>\n\n\n\n<p>Ainda na\u00a0 BNF est\u00e3o abertas para visita\u00e7\u00e3o at\u00e9 o final do m\u00eas as\u00a0<strong>exposi\u00e7\u00f5es<\/strong>: \u201cNarrativas autobiogr\u00e1ficas e mem\u00f3rias imag\u00e9ticas\u201d no Espa\u00e7o S\u00f4nia Cintra, e \u201cNa pele da negra atrav\u00e9s dos olhos \u201d no espa\u00e7o Galeria Jundia\u00ed.<\/p>\n\n\n\n<p><strong>Pracinha da Cultura<\/strong><\/p>\n\n\n\n<p>A Biblioteca da Pracinha da Cultura, no Vista Alegre tamb\u00e9m ofertar\u00e1 programa\u00e7\u00e3o especial de f\u00e9rias:<\/p>\n\n\n\n<p><strong>Oficina de Grafite<\/strong>&nbsp;com o artista gr\u00e1fico Luis Augusto Basso Gaspari, conhecido como \u00d3cio. As turmas ser\u00e3o separadas por faixa et\u00e1ria:&nbsp;<strong>Turma A<\/strong>: dias 06 e 07 das 18h30 \u00e0s 19h30:&nbsp;<strong>Turma B:<\/strong>&nbsp;dias 18,20 das 18h30 \u00e0s 19h30 e dia 21 das 18h \u00e0s 19h30;&nbsp;<strong>Turma C:<\/strong>&nbsp;dias 25,27 das 18h30 \u00e0s 19h30 e dia 28, das 18h \u00e0s 19h30. (<a href=\"https:\/\/docs.google.com\/forms\/d\/e\/1FAIpQLSeFmj-XpvAowi9wYxIKYxe77ycUMngIq4MyPn1amZfamZAFsg\/viewform\" target=\"_blank\" rel=\"noreferrer noopener\">Inscri\u00e7\u00f5es pelo link<\/a>)<\/p>\n\n\n\n<figure class=\"wp-block-image\"><img decoding=\"async\" src=\"https:\/\/jundiai.sp.gov.br\/noticias\/wp-content\/uploads\/sites\/32\/2022\/07\/grafite.jpeg\" alt=\"\" class=\"wp-image-296247\" \/><figcaption>Oficina de Grafite com o artista gr\u00e1fico \u00d3cio, na Biblioteca da Pracinha da Cultura no Vista Alegre<\/figcaption><\/figure>\n\n\n\n<p><strong>Conta\u00e7\u00e3o de hist\u00f3ria<\/strong>&nbsp;com a Cia. Uni Verso &amp; Prosa, dia 12, das 17h40 \u00e0s 18h30;<\/p>\n\n\n\n<p><strong>Oficina Livro Sanfonado<\/strong>, dia 14, das 17h \u00e0s 19h; (<a rel=\"noreferrer noopener\" href=\"https:\/\/docs.google.com\/forms\/d\/e\/1FAIpQLScWppgg9PcPAPejTKAMprZU0TOnDY1KgDK0o-N4L_6s_rGbJw\/viewform\" target=\"_blank\">Inscri\u00e7\u00f5es pelo link)<\/a><\/p>\n\n\n\n<p><strong>Show de M\u00e1gicas com Oficina<\/strong>, dia 13, das 17h \u00e0s 19h; (<a href=\"https:\/\/docs.google.com\/forms\/d\/e\/1FAIpQLSdrD4qxilx6Ok3qj4mJXooTDoRPVGzbGKg15yxrVOYo8LORDg\/viewform\" target=\"_blank\" rel=\"noreferrer noopener\">Inscri\u00e7\u00f5es pelo link<\/a>)<\/p>\n\n\n\n<p>E a \u00faltima&nbsp;<strong>Batalha de Rimas &amp; Poesia<\/strong>, dia 16, das 14h \u00e0s 19h.<\/p>\n\n\n\n<figure class=\"wp-block-image\"><img decoding=\"async\" src=\"https:\/\/jundiai.sp.gov.br\/noticias\/wp-content\/uploads\/sites\/32\/2022\/05\/batalha-de-rimas-e-poesia-no-ceu-das-artes_c_-15.jpg\" alt=\"\" class=\"wp-image-291971\" \/><figcaption>Batalha de Rimas dia 16 na Pracinha da Cultura<\/figcaption><\/figure>\n\n\n\n<p>As<strong>&nbsp;Rodas de Leitura e Conversa<\/strong>&nbsp;na Biblioteca da Pracinha da Cultura, no Vista Alegre, mediada pelas escritoras Rosana Cong\u00edlio e Valqu\u00edria Malagoli seguir\u00e3o acontecendo todas as ter\u00e7as-feiras, das 18h30 \u00e0s 17h30.<\/p>\n\n\n\n<p><strong>Servi\u00e7o<\/strong><\/p>\n\n\n\n<p><strong>Biblioteca Municipal Nelson Foot<\/strong>&nbsp;\u2013 avenida Dr. Cavalcanti, 396 (Complexo Argos)<\/p>\n\n\n\n<p>Hor\u00e1rio de Funcionamento: de segunda a sexta-feira, das 9h \u00e0s 21h; aos s\u00e1bados e feriados, das 9h \u00e0s 13h. Domingo fechada para manuten\u00e7\u00e3o. Mais informa\u00e7\u00f5es 4527.2110<\/p>\n\n\n\n<p><strong>Biblioteca da Pracinha da Cultura:<\/strong>\u00a0rua cabo Edvaldo Quirino Santana, 46-110 \u2013 Vista Alegre. Hor\u00e1rio de funcionamento de segunda a sexta-feira, das 8h \u00e0s 17h. Mais informa\u00e7\u00f5es 4521-6193<\/p>\n\n\n\n<p><strong><em>(Fonte\/Imagem: Prefeitura de Jundia\u00ed\/ Divulga\u00e7\u00e3o)<\/em><\/strong><\/p>\n","protected":false},"excerpt":{"rendered":"<p>A Unidade de Gest\u00e3o de Cultura promove durante todo o m\u00eas de julho uma programa\u00e7\u00e3o diversificada.<\/p>\n","protected":false},"author":27,"featured_media":95376,"comment_status":"closed","ping_status":"0","sticky":false,"template":"","format":"standard","meta":{"footnotes":""},"categories":[2833,8356,8354],"tags":[],"class_list":["post-95375","post","type-post","status-publish","format-standard","has-post-thumbnail","hentry","category-cultura","category-jundiai","category-lazer"],"_links":{"self":[{"href":"https:\/\/tvtecjundiai.com.br\/news\/wp-json\/wp\/v2\/posts\/95375","targetHints":{"allow":["GET"]}}],"collection":[{"href":"https:\/\/tvtecjundiai.com.br\/news\/wp-json\/wp\/v2\/posts"}],"about":[{"href":"https:\/\/tvtecjundiai.com.br\/news\/wp-json\/wp\/v2\/types\/post"}],"author":[{"embeddable":true,"href":"https:\/\/tvtecjundiai.com.br\/news\/wp-json\/wp\/v2\/users\/27"}],"replies":[{"embeddable":true,"href":"https:\/\/tvtecjundiai.com.br\/news\/wp-json\/wp\/v2\/comments?post=95375"}],"version-history":[{"count":1,"href":"https:\/\/tvtecjundiai.com.br\/news\/wp-json\/wp\/v2\/posts\/95375\/revisions"}],"predecessor-version":[{"id":95377,"href":"https:\/\/tvtecjundiai.com.br\/news\/wp-json\/wp\/v2\/posts\/95375\/revisions\/95377"}],"wp:featuredmedia":[{"embeddable":true,"href":"https:\/\/tvtecjundiai.com.br\/news\/wp-json\/wp\/v2\/media\/95376"}],"wp:attachment":[{"href":"https:\/\/tvtecjundiai.com.br\/news\/wp-json\/wp\/v2\/media?parent=95375"}],"wp:term":[{"taxonomy":"category","embeddable":true,"href":"https:\/\/tvtecjundiai.com.br\/news\/wp-json\/wp\/v2\/categories?post=95375"},{"taxonomy":"post_tag","embeddable":true,"href":"https:\/\/tvtecjundiai.com.br\/news\/wp-json\/wp\/v2\/tags?post=95375"}],"curies":[{"name":"wp","href":"https:\/\/api.w.org\/{rel}","templated":true}]}}