{"id":95408,"date":"2022-07-06T11:37:28","date_gmt":"2022-07-06T14:37:28","guid":{"rendered":"https:\/\/tvtecjundiai.com.br\/news\/?p=95408"},"modified":"2022-07-06T11:37:33","modified_gmt":"2022-07-06T14:37:33","slug":"ferias-na-pinacoteca-tres-oficinas-gratuitas-estao-com-inscricoes-abertas","status":"publish","type":"post","link":"https:\/\/tvtecjundiai.com.br\/news\/2022\/07\/06\/ferias-na-pinacoteca-tres-oficinas-gratuitas-estao-com-inscricoes-abertas\/","title":{"rendered":"F\u00e9rias na Pinacoteca: tr\u00eas oficinas gratuitas est\u00e3o com inscri\u00e7\u00f5es abertas"},"content":{"rendered":"\n<p>A&nbsp;<a href=\"https:\/\/cultura.jundiai.sp.gov.br\/\" target=\"_blank\" rel=\"noreferrer noopener\">Unidade de Gest\u00e3o de Cultura (UGC)<\/a>, retoma neste m\u00eas de julho, per\u00edodo de f\u00e9rias escolares, o seu projeto F\u00e9rias na&nbsp;<a href=\"https:\/\/cultura.jundiai.sp.gov.br\/espacos-culturais\/centro-jundiaiense-de-cultura-jorosil\/pinacoteca-diogenes-duarte-paes\/\" target=\"_blank\" rel=\"noreferrer noopener\">Pinacoteca Municipal Di\u00f3genes Duarte Paes.<\/a>&nbsp;Para esse retorno est\u00e3o programadas tr\u00eas oficinas de artes, todas gratuitas, voltadas para o p\u00fablico infantojuvenil e tamb\u00e9m adolescentes, sob o comando das artistas jundiaienses, Cristiane Suiter e Giovanna Vasconcellos (Gika).<\/p>\n\n\n\n<figure class=\"wp-block-image\"><img decoding=\"async\" src=\"https:\/\/jundiai.sp.gov.br\/noticias\/wp-content\/uploads\/sites\/32\/2022\/07\/pinacoteca-4.jpg\" alt=\"\" class=\"wp-image-296299\" \/><figcaption><strong>Projeto F\u00e9rias na Pinacoteca est\u00e1 de volta<\/strong><\/figcaption><\/figure>\n\n\n\n<p>As oficinas oferecidas pelo projeto F\u00e9rias na Pinacoteca s\u00e3o: &nbsp;\u201cPintando com Massa de Modelar\u201d e \u201cPintando com o Caf\u00e9\u201d, com Cristiane Suiter e \u201cHist\u00f3ria da Arte divertida e praticada\u201d, com Gika. Para participar, os interessados dever\u00e3o se inscrever pela Internet, em formul\u00e1rio espec\u00edfico para cada atividade.<\/p>\n\n\n\n<figure class=\"wp-block-image\"><img decoding=\"async\" src=\"https:\/\/jundiai.sp.gov.br\/noticias\/wp-content\/uploads\/sites\/32\/2022\/07\/pinacoteca_oficinas-1-1-1.jpg\" alt=\"\" class=\"wp-image-296300\" \/><figcaption><strong>Oficinas de Artes gratuitas para crian\u00e7as e adolescentes<\/strong><\/figcaption><\/figure>\n\n\n\n<p>O cronograma das oficinas est\u00e1 assim definido:<\/p>\n\n\n\n<p><strong>Dia 16 das 10h30 \u00e0s 12h<\/strong><\/p>\n\n\n\n<p><strong>Oficina: Pintando com massa de modelar<\/strong><\/p>\n\n\n\n<p>P\u00fablico: de 05 a 16 anos<\/p>\n\n\n\n<p>20 vagas<\/p>\n\n\n\n<p><a href=\"https:\/\/forms.gle\/aQUoFWSV1Q85xakj8\">Inscri\u00e7\u00e3o<\/a>&nbsp;via formul\u00e1rio on-line.<\/p>\n\n\n\n<p><strong>Dia 23 das 10h30 \u00e0s 12h<\/strong><\/p>\n\n\n\n<p><strong>Oficina: Pintando com caf\u00e9<\/strong><\/p>\n\n\n\n<p>P\u00fablico: de 05 a 16 anos<\/p>\n\n\n\n<p>20 vagas<\/p>\n\n\n\n<p><a href=\"https:\/\/forms.gle\/7jZNY9mymZeXXV1C7\">Inscri\u00e7\u00e3o<\/a>&nbsp;via formul\u00e1rio on-line.<\/p>\n\n\n\n<p><strong>Dia&nbsp;30 das 10h30 \u00e0s 12h<\/strong><\/p>\n\n\n\n<p><strong>Oficina: Hist\u00f3ria da Arte divertida e praticada<\/strong><\/p>\n\n\n\n<p>P\u00fablico: de 08 a 12 anos<\/p>\n\n\n\n<p>20 vagas<\/p>\n\n\n\n<p><a href=\"https:\/\/forms.gle\/9Lx4RjRyDZHcaWkx8\">Inscri\u00e7\u00e3o<\/a>&nbsp;via formul\u00e1rio on-line.<\/p>\n\n\n\n<p>As aulas ser\u00e3o realizadas na Pinacoteca, localizada na Rua Bar\u00e3o de Jundia\u00ed, 109, Centro. Para mais informa\u00e7\u00f5es 4586-2326 e o hor\u00e1rio de funcionamento \u00e9 de ter\u00e7a-feira a domingo, das 10h \u00e0s 17h.<\/p>\n\n\n\n<p><strong><em>(Fonte\/Imagem: Prefeitura de Jundia\u00ed)<\/em><\/strong><\/p>\n","protected":false},"excerpt":{"rendered":"<p>As oficinas oferecidas s\u00e3o: \u201cPintando com Massa de Modelar\u201d, \u201cPintando com o Caf\u00e9\u201d e \u201cHist\u00f3ria da Arte divertida e praticada\u201d.<\/p>\n","protected":false},"author":27,"featured_media":95409,"comment_status":"closed","ping_status":"0","sticky":false,"template":"","format":"standard","meta":{"footnotes":""},"categories":[2833,8356,8354],"tags":[],"class_list":["post-95408","post","type-post","status-publish","format-standard","has-post-thumbnail","hentry","category-cultura","category-jundiai","category-lazer"],"_links":{"self":[{"href":"https:\/\/tvtecjundiai.com.br\/news\/wp-json\/wp\/v2\/posts\/95408","targetHints":{"allow":["GET"]}}],"collection":[{"href":"https:\/\/tvtecjundiai.com.br\/news\/wp-json\/wp\/v2\/posts"}],"about":[{"href":"https:\/\/tvtecjundiai.com.br\/news\/wp-json\/wp\/v2\/types\/post"}],"author":[{"embeddable":true,"href":"https:\/\/tvtecjundiai.com.br\/news\/wp-json\/wp\/v2\/users\/27"}],"replies":[{"embeddable":true,"href":"https:\/\/tvtecjundiai.com.br\/news\/wp-json\/wp\/v2\/comments?post=95408"}],"version-history":[{"count":1,"href":"https:\/\/tvtecjundiai.com.br\/news\/wp-json\/wp\/v2\/posts\/95408\/revisions"}],"predecessor-version":[{"id":95410,"href":"https:\/\/tvtecjundiai.com.br\/news\/wp-json\/wp\/v2\/posts\/95408\/revisions\/95410"}],"wp:featuredmedia":[{"embeddable":true,"href":"https:\/\/tvtecjundiai.com.br\/news\/wp-json\/wp\/v2\/media\/95409"}],"wp:attachment":[{"href":"https:\/\/tvtecjundiai.com.br\/news\/wp-json\/wp\/v2\/media?parent=95408"}],"wp:term":[{"taxonomy":"category","embeddable":true,"href":"https:\/\/tvtecjundiai.com.br\/news\/wp-json\/wp\/v2\/categories?post=95408"},{"taxonomy":"post_tag","embeddable":true,"href":"https:\/\/tvtecjundiai.com.br\/news\/wp-json\/wp\/v2\/tags?post=95408"}],"curies":[{"name":"wp","href":"https:\/\/api.w.org\/{rel}","templated":true}]}}