{"id":95417,"date":"2022-07-06T14:45:58","date_gmt":"2022-07-06T17:45:58","guid":{"rendered":"https:\/\/tvtecjundiai.com.br\/news\/?p=95417"},"modified":"2022-07-06T14:45:58","modified_gmt":"2022-07-06T17:45:58","slug":"feriado-de-09-de-julho-comercios-que-tiverem-interesse-em-trabalhar-devem-solicitar-adesao","status":"publish","type":"post","link":"https:\/\/tvtecjundiai.com.br\/news\/2022\/07\/06\/feriado-de-09-de-julho-comercios-que-tiverem-interesse-em-trabalhar-devem-solicitar-adesao\/","title":{"rendered":"Feriado de 09 de Julho: Com\u00e9rcios que tiverem interesse em trabalhar devem solicitar ades\u00e3o"},"content":{"rendered":"\n<p>O Sindicato do Com\u00e9rcio Varejista de Jundia\u00ed e Regi\u00e3o (Sincomercio) informa que os empres\u00e1rios que tiverem interesse em trabalhar no feriado de 09 de Julho, da Revolu\u00e7\u00e3o Constitucionalista, dever\u00e3o procurar a entidade patronal com anteced\u00eancia para solicitar a ades\u00e3o.<\/p>\n\n\n\n<p>A entidade ressalta que o empres\u00e1rio que optar pela abertura neste feriado de 09 de julho dever\u00e1 se atentar para as normas previstas na Conven\u00e7\u00e3o Coletiva de Trabalho (CCT), como pagamento de horas-extras, concess\u00e3o de folga compensat\u00f3ria, vale-transporte e alimenta\u00e7\u00e3o. Neste dia, as lojas do com\u00e9rcio de rua do Centro e dos bairros poder\u00e3o atender at\u00e9 as 18h por ser o primeiro s\u00e1bado ap\u00f3s o quinto dia \u00fatil.<\/p>\n\n\n<div class=\"wp-block-image\">\n<figure class=\"aligncenter size-full\"><img loading=\"lazy\" decoding=\"async\" width=\"1040\" height=\"780\" src=\"https:\/\/tvtecjundiai.com.br\/news\/wp-content\/uploads\/sites\/2\/2022\/07\/Comercio-no-centro-de-Jundiai-2022-1.jpeg\" alt=\"\" class=\"wp-image-95418\" srcset=\"https:\/\/tvtecjundiai.com.br\/news\/wp-content\/uploads\/sites\/2\/2022\/07\/Comercio-no-centro-de-Jundiai-2022-1.jpeg 1040w, https:\/\/tvtecjundiai.com.br\/news\/wp-content\/uploads\/sites\/2\/2022\/07\/Comercio-no-centro-de-Jundiai-2022-1-300x225.jpeg 300w, https:\/\/tvtecjundiai.com.br\/news\/wp-content\/uploads\/sites\/2\/2022\/07\/Comercio-no-centro-de-Jundiai-2022-1-768x576.jpeg 768w\" sizes=\"auto, (max-width: 1040px) 100vw, 1040px\" \/><\/figure>\n<\/div>\n\n\n<p><strong>Como solicitar?<\/strong><\/p>\n\n\n\n<p>\u00a0O pedido do Certificado de Ades\u00e3o para Trabalho em Feriados deve ser feito com anteced\u00eancia pelo site\u00a0<a rel=\"noreferrer noopener\" href=\"http:\/\/www.sincomerciojundiai.com.br\/\" target=\"_blank\">www.sincomerciojundiai.com.br<\/a>\u00a0(Solicita\u00e7\u00e3o de abertura no feriado). Em caso de d\u00favidas, informe-se pelo telefone (11) 4583-1410 ou pelos e-mails\u00a0<a rel=\"noreferrer noopener\" href=\"mailto:cadastro@sincomerciojundiai.com.br\" target=\"_blank\">cadastro@sincomerciojundiai.com.br<\/a><\/p>\n\n\n\n<p><strong><em>(Fonte\/Imagem:\u00a0Sincomercio Jundia\u00ed e Regi\u00e3o)<\/em><\/strong><\/p>\n","protected":false},"excerpt":{"rendered":"<p>Quem optar pela abertura neste feriado deve se atentar para as normas previstas na Conven\u00e7\u00e3o Coletiva de Trabalho.<\/p>\n","protected":false},"author":27,"featured_media":95419,"comment_status":"closed","ping_status":"0","sticky":false,"template":"","format":"standard","meta":{"footnotes":""},"categories":[8356],"tags":[],"class_list":["post-95417","post","type-post","status-publish","format-standard","has-post-thumbnail","hentry","category-jundiai"],"_links":{"self":[{"href":"https:\/\/tvtecjundiai.com.br\/news\/wp-json\/wp\/v2\/posts\/95417","targetHints":{"allow":["GET"]}}],"collection":[{"href":"https:\/\/tvtecjundiai.com.br\/news\/wp-json\/wp\/v2\/posts"}],"about":[{"href":"https:\/\/tvtecjundiai.com.br\/news\/wp-json\/wp\/v2\/types\/post"}],"author":[{"embeddable":true,"href":"https:\/\/tvtecjundiai.com.br\/news\/wp-json\/wp\/v2\/users\/27"}],"replies":[{"embeddable":true,"href":"https:\/\/tvtecjundiai.com.br\/news\/wp-json\/wp\/v2\/comments?post=95417"}],"version-history":[{"count":1,"href":"https:\/\/tvtecjundiai.com.br\/news\/wp-json\/wp\/v2\/posts\/95417\/revisions"}],"predecessor-version":[{"id":95420,"href":"https:\/\/tvtecjundiai.com.br\/news\/wp-json\/wp\/v2\/posts\/95417\/revisions\/95420"}],"wp:featuredmedia":[{"embeddable":true,"href":"https:\/\/tvtecjundiai.com.br\/news\/wp-json\/wp\/v2\/media\/95419"}],"wp:attachment":[{"href":"https:\/\/tvtecjundiai.com.br\/news\/wp-json\/wp\/v2\/media?parent=95417"}],"wp:term":[{"taxonomy":"category","embeddable":true,"href":"https:\/\/tvtecjundiai.com.br\/news\/wp-json\/wp\/v2\/categories?post=95417"},{"taxonomy":"post_tag","embeddable":true,"href":"https:\/\/tvtecjundiai.com.br\/news\/wp-json\/wp\/v2\/tags?post=95417"}],"curies":[{"name":"wp","href":"https:\/\/api.w.org\/{rel}","templated":true}]}}