{"id":95421,"date":"2022-07-06T15:15:22","date_gmt":"2022-07-06T18:15:22","guid":{"rendered":"https:\/\/tvtecjundiai.com.br\/news\/?p=95421"},"modified":"2022-07-06T15:15:28","modified_gmt":"2022-07-06T18:15:28","slug":"aluguel-de-bicicletas-e-ampliado-durante-ferias-de-julho-no-parque-da-cidade","status":"publish","type":"post","link":"https:\/\/tvtecjundiai.com.br\/news\/2022\/07\/06\/aluguel-de-bicicletas-e-ampliado-durante-ferias-de-julho-no-parque-da-cidade\/","title":{"rendered":"Aluguel de bicicletas \u00e9 ampliado durante f\u00e9rias de julho no Parque da Cidade"},"content":{"rendered":"\n<p>Quem escolher o Parque da Cidade para curtir as f\u00e9rias escolares poder\u00e1 aproveitar o aluguel de bicicletas do Peama (Programa de Esportes e Atividades Motoras Adaptadas) durante a semana tamb\u00e9m.<\/p>\n\n\n\n<p>Para garantir a divers\u00e3o dos visitantes, de 9 a 31 de julho, o atendimento ser\u00e1 di\u00e1rio das 9 \u00e0s 16 horas (\u00faltimo aluguel, com devolu\u00e7\u00e3o \u00e0s 17h). O aluguel das bicicletas comuns custa R$ 10,00 a hora, e as bicicletas duplas, R$ 20,00 a hora. O pagamento deve ser feito, preferencialmente, atrav\u00e9s de cart\u00e3o de d\u00e9bito ou dinheiro trocado, e solicita-se a apresenta\u00e7\u00e3o de um documento com foto.<\/p>\n\n\n\n<figure class=\"wp-block-image size-large\"><img loading=\"lazy\" decoding=\"async\" width=\"1200\" height=\"800\" src=\"https:\/\/tvtecjundiai.com.br\/news\/wp-content\/uploads\/sites\/2\/2022\/07\/parque-da-cidade-bicicletas-1200x800.jpeg\" alt=\"\" class=\"wp-image-95422\" srcset=\"https:\/\/tvtecjundiai.com.br\/news\/wp-content\/uploads\/sites\/2\/2022\/07\/parque-da-cidade-bicicletas-1200x800.jpeg 1200w, https:\/\/tvtecjundiai.com.br\/news\/wp-content\/uploads\/sites\/2\/2022\/07\/parque-da-cidade-bicicletas-300x200.jpeg 300w, https:\/\/tvtecjundiai.com.br\/news\/wp-content\/uploads\/sites\/2\/2022\/07\/parque-da-cidade-bicicletas-768x512.jpeg 768w, https:\/\/tvtecjundiai.com.br\/news\/wp-content\/uploads\/sites\/2\/2022\/07\/parque-da-cidade-bicicletas.jpeg 1280w\" sizes=\"auto, (max-width: 1200px) 100vw, 1200px\" \/><\/figure>\n\n\n\n<p>O valor arrecadado com o aluguel de bicicletas no Parque da Cidade \u00e9 utilizado no trabalho de inclus\u00e3o de pessoas com defici\u00eancia \u00e0s atividades esportivas, realizado pelo projeto.<\/p>\n\n\n\n<p>O Parque da Cidade funciona de segunda a sexta-feira, das 6h30 \u00e0s 19 horas (com entrada permitida at\u00e9 \u00e0s 18 horas) e aos finais de semana, das 6h30 \u00e0s 18 horas (com entrada permitida at\u00e9 \u00e0s 17 horas).<\/p>\n\n\n\n<p><strong><em>(Fonte\/Imagem: Prefeitura de Jundia\u00ed)<\/em><\/strong><\/p>\n","protected":false},"excerpt":{"rendered":"<p>O valor arrecadado com o aluguel de bicicletas no Parque da Cidade \u00e9 utilizado no trabalho do Peama.<\/p>\n","protected":false},"author":27,"featured_media":95423,"comment_status":"closed","ping_status":"0","sticky":false,"template":"","format":"standard","meta":{"footnotes":""},"categories":[8356,8354],"tags":[],"class_list":["post-95421","post","type-post","status-publish","format-standard","has-post-thumbnail","hentry","category-jundiai","category-lazer"],"_links":{"self":[{"href":"https:\/\/tvtecjundiai.com.br\/news\/wp-json\/wp\/v2\/posts\/95421","targetHints":{"allow":["GET"]}}],"collection":[{"href":"https:\/\/tvtecjundiai.com.br\/news\/wp-json\/wp\/v2\/posts"}],"about":[{"href":"https:\/\/tvtecjundiai.com.br\/news\/wp-json\/wp\/v2\/types\/post"}],"author":[{"embeddable":true,"href":"https:\/\/tvtecjundiai.com.br\/news\/wp-json\/wp\/v2\/users\/27"}],"replies":[{"embeddable":true,"href":"https:\/\/tvtecjundiai.com.br\/news\/wp-json\/wp\/v2\/comments?post=95421"}],"version-history":[{"count":1,"href":"https:\/\/tvtecjundiai.com.br\/news\/wp-json\/wp\/v2\/posts\/95421\/revisions"}],"predecessor-version":[{"id":95424,"href":"https:\/\/tvtecjundiai.com.br\/news\/wp-json\/wp\/v2\/posts\/95421\/revisions\/95424"}],"wp:featuredmedia":[{"embeddable":true,"href":"https:\/\/tvtecjundiai.com.br\/news\/wp-json\/wp\/v2\/media\/95423"}],"wp:attachment":[{"href":"https:\/\/tvtecjundiai.com.br\/news\/wp-json\/wp\/v2\/media?parent=95421"}],"wp:term":[{"taxonomy":"category","embeddable":true,"href":"https:\/\/tvtecjundiai.com.br\/news\/wp-json\/wp\/v2\/categories?post=95421"},{"taxonomy":"post_tag","embeddable":true,"href":"https:\/\/tvtecjundiai.com.br\/news\/wp-json\/wp\/v2\/tags?post=95421"}],"curies":[{"name":"wp","href":"https:\/\/api.w.org\/{rel}","templated":true}]}}